{"id":27326,"date":"2026-01-07T00:00:44","date_gmt":"2026-01-06T23:00:44","guid":{"rendered":"https:\/\/geschichte-hautnah.de\/www\/?p=27326"},"modified":"2021-02-15T16:09:16","modified_gmt":"2021-02-15T15:09:16","slug":"die-maenner-des-ersten-weltkriegs-teil-2-789-franz-seraphin-tremmel","status":"publish","type":"post","link":"https:\/\/geschichte-hautnah.de\/www\/?p=27326","title":{"rendered":"Die M\u00e4nner des Ersten Weltkriegs \u2013 Teil 2.789: Franz Seraphin Tremmel"},"content":{"rendered":"<p>Der Soldat Franz Seraphin Tremmel stammte aus der bayerischen Gemeinde <a href=\"https:\/\/de.wikipedia.org\/wiki\/Buchbach_(Oberbayern)\" target=\"_blank\" rel=\"noopener\">Buchbach<\/a> und war der Sohn eines Korbmachers. Im Ersten Weltkrieg diente er als Infanterist in der 1. Kompanie des 12. bayerischen Infanterie-Regiments. Am 26.10.1916 fiel er nach 24 Monaten Kriegsdienst bei Les Mesnil w\u00e4hrend der <a href=\"https:\/\/de.wikipedia.org\/wiki\/Schlacht_an_der_Somme\" target=\"_blank\" rel=\"noopener\">Schlacht an der Somme<\/a> durch ein Artilleriegeschoss.<\/p>\n<p>\u00dcber den Todestag und die Todesumst\u00e4nde von Franz Seraphin Tremmel berichtet die Regimentsgeschichte des 12. bayerischen Infanterie-Regiments:<\/p>\n<blockquote><p><em>&#8222;Am 26.10. erhielten 6., 8. und 5. Kompanie vormittags wenig Artilleriefeuer. Der Gegner geschoss haupts\u00e4chlich die hinteren Linien. Von 12 &#8211; 2 Uhr nachmittags und 4 &#8211; 6 Uhr nachmittags legte der Feind schweres Artilleriefeuer auf 6.\/12. und den Holhlweg. Auch auf 7.\/12. steigerte sich am Nachmittage das feindliche Trommelfeuer. Offenbar hatte der Gegner die bei P128 bestehende L\u00fccke erkannt. Die Fliegert\u00e4tigkeit war an diesem Tage besonders gro\u00df.&#8220;<\/em><\/p><\/blockquote>\n<p>Dabei wurde Franz Seraphin get\u00f6tet.<\/p>\n<p>Die Lage des Grabes von Franz Seraphin Tremmel ist offiziell unbekannt. Vermutlich wurde er auf dem wenige Kilometer entfernten Soldatenfriedhof <span data-sheets-value=\"{&quot;1&quot;:2,&quot;2&quot;:&quot;Rancourt&quot;}\" data-sheets-userformat=\"{&quot;2&quot;:1313281,&quot;3&quot;:{&quot;1&quot;:0},&quot;12&quot;:0,&quot;14&quot;:[null,2,1136076],&quot;21&quot;:1,&quot;23&quot;:1}\" data-sheets-hyperlink=\"https:\/\/de.wikipedia.org\/wiki\/Rancourt_(Somme)\"><a class=\"in-cell-link\" href=\"https:\/\/de.wikipedia.org\/wiki\/Rancourt_(Somme)\" target=\"_blank\" rel=\"noopener\">Rancourt<\/a><\/span> anonym in einem Massengrab beigesetzt.<\/p>\n<figure id=\"attachment_27324\" aria-describedby=\"caption-attachment-27324\" style=\"width: 800px\" class=\"wp-caption aligncenter\"><img loading=\"lazy\" decoding=\"async\" class=\"size-full wp-image-27324\" src=\"https:\/\/geschichte-hautnah.de\/www\/wp-content\/uploads\/2021\/02\/Franz-Seraphin-Tremmel-vorne.jpg\" alt=\"\" width=\"800\" height=\"688\" srcset=\"https:\/\/geschichte-hautnah.de\/www\/wp-content\/uploads\/2021\/02\/Franz-Seraphin-Tremmel-vorne.jpg 800w, https:\/\/geschichte-hautnah.de\/www\/wp-content\/uploads\/2021\/02\/Franz-Seraphin-Tremmel-vorne-300x258.jpg 300w, https:\/\/geschichte-hautnah.de\/www\/wp-content\/uploads\/2021\/02\/Franz-Seraphin-Tremmel-vorne-768x660.jpg 768w\" sizes=\"auto, (max-width: 800px) 100vw, 800px\" \/><figcaption id=\"caption-attachment-27324\" class=\"wp-caption-text\">Sterbebild von Franz Seraphin Tremmel<\/figcaption><\/figure>\n<figure id=\"attachment_27325\" aria-describedby=\"caption-attachment-27325\" style=\"width: 800px\" class=\"wp-caption aligncenter\"><img loading=\"lazy\" decoding=\"async\" class=\"size-full wp-image-27325\" src=\"https:\/\/geschichte-hautnah.de\/www\/wp-content\/uploads\/2021\/02\/Franz-Seraphin-Tremmel.jpg\" alt=\"\" width=\"800\" height=\"688\" srcset=\"https:\/\/geschichte-hautnah.de\/www\/wp-content\/uploads\/2021\/02\/Franz-Seraphin-Tremmel.jpg 800w, https:\/\/geschichte-hautnah.de\/www\/wp-content\/uploads\/2021\/02\/Franz-Seraphin-Tremmel-300x258.jpg 300w, https:\/\/geschichte-hautnah.de\/www\/wp-content\/uploads\/2021\/02\/Franz-Seraphin-Tremmel-768x660.jpg 768w\" sizes=\"auto, (max-width: 800px) 100vw, 800px\" \/><figcaption id=\"caption-attachment-27325\" class=\"wp-caption-text\">R\u00fcckseite des Sterbebildes von Franz Seraphin Tremmel<\/figcaption><\/figure>\n","protected":false},"excerpt":{"rendered":"<p>Der Soldat Franz Seraphin Tremmel stammte aus der bayerischen Gemeinde Buchbach und war der Sohn eines Korbmachers. Im Ersten Weltkrieg diente er als Infanterist in der 1. Kompanie des 12. bayerischen Infanterie-Regiments. Am 26.10.1916 fiel er nach 24 Monaten Kriegsdienst bei Les Mesnil w\u00e4hrend der Schlacht an der Somme durch ein Artilleriegeschoss. \u00dcber den Todestag [&hellip;]<\/p>\n","protected":false},"author":2,"featured_media":0,"comment_status":"closed","ping_status":"closed","sticky":false,"template":"","format":"standard","meta":{"footnotes":"","_wp_rev_ctl_limit":""},"categories":[2,8,1876,651],"tags":[126,1366,740,36,7282,325,1091],"class_list":["post-27326","post","type-post","status-publish","format-standard","hentry","category-1-weltkrieg","category-sterbebilder","category-frankreich-1-weltkrieg","category-schlacht-an-der-somme","tag-12-bayerisches-infanterie-regiment","tag-bayern","tag-buchbach","tag-frankreich","tag-korbmacherssohn","tag-rancourt","tag-schlacht-an-der-somme"],"_links":{"self":[{"href":"https:\/\/geschichte-hautnah.de\/www\/index.php?rest_route=\/wp\/v2\/posts\/27326","targetHints":{"allow":["GET"]}}],"collection":[{"href":"https:\/\/geschichte-hautnah.de\/www\/index.php?rest_route=\/wp\/v2\/posts"}],"about":[{"href":"https:\/\/geschichte-hautnah.de\/www\/index.php?rest_route=\/wp\/v2\/types\/post"}],"author":[{"embeddable":true,"href":"https:\/\/geschichte-hautnah.de\/www\/index.php?rest_route=\/wp\/v2\/users\/2"}],"replies":[{"embeddable":true,"href":"https:\/\/geschichte-hautnah.de\/www\/index.php?rest_route=%2Fwp%2Fv2%2Fcomments&post=27326"}],"version-history":[{"count":5,"href":"https:\/\/geschichte-hautnah.de\/www\/index.php?rest_route=\/wp\/v2\/posts\/27326\/revisions"}],"predecessor-version":[{"id":27331,"href":"https:\/\/geschichte-hautnah.de\/www\/index.php?rest_route=\/wp\/v2\/posts\/27326\/revisions\/27331"}],"wp:attachment":[{"href":"https:\/\/geschichte-hautnah.de\/www\/index.php?rest_route=%2Fwp%2Fv2%2Fmedia&parent=27326"}],"wp:term":[{"taxonomy":"category","embeddable":true,"href":"https:\/\/geschichte-hautnah.de\/www\/index.php?rest_route=%2Fwp%2Fv2%2Fcategories&post=27326"},{"taxonomy":"post_tag","embeddable":true,"href":"https:\/\/geschichte-hautnah.de\/www\/index.php?rest_route=%2Fwp%2Fv2%2Ftags&post=27326"}],"curies":[{"name":"wp","href":"https:\/\/api.w.org\/{rel}","templated":true}]}}