{"id":27413,"date":"2026-01-17T00:00:28","date_gmt":"2026-01-16T23:00:28","guid":{"rendered":"https:\/\/geschichte-hautnah.de\/www\/?p=27413"},"modified":"2021-02-20T19:27:10","modified_gmt":"2021-02-20T18:27:10","slug":"die-maenner-des-ersten-weltkriegs-teil-2-799-franz-xaver-maier","status":"publish","type":"post","link":"https:\/\/geschichte-hautnah.de\/www\/?p=27413","title":{"rendered":"Die M\u00e4nner des Ersten Weltkriegs \u2013 Teil 2.799: Franz Xaver Maier"},"content":{"rendered":"<p>Der Soldat Franz Xaver Maier wurde am 03.05.1883 geboren und lebte in <a href=\"https:\/\/de.wikipedia.org\/wiki\/Niederseeon\" target=\"_blank\" rel=\"noopener\">Niederseeon<\/a>, einem Ortsteil der bayerischen Gemeinde <a href=\"https:\/\/de.wikipedia.org\/wiki\/Moosach_(Landkreis_Ebersberg)\" target=\"_blank\" rel=\"noopener\">Moosach<\/a>. Er war Kleinbauer (G\u00fctler) und Distriktsstra\u00dfenw\u00e4rter. Im Ersten Weltkrieg diente er als Landwehrmann in der 9. Kompanie des 1. bayerischen Reserve-Infanterie-Regiments. Am 07.09.1914 (Volksbund: 09.09.1914) fiel er im Alter von 31 Jahren bei <a href=\"https:\/\/de.wikipedia.org\/wiki\/Einville-au-Jard\" target=\"_blank\" rel=\"noopener\">Einville-au-Jard<\/a>, in der N\u00e4he von <a href=\"https:\/\/de.wikipedia.org\/wiki\/Lun%C3%A9ville\" target=\"_blank\" rel=\"noopener\">Lun\u00e9ville<\/a>.<\/p>\n<p>\u00dcber den Todestag und die Todesumst\u00e4nde berichtet die Regimentsgeschichte des 1. bayerischen Reserve-Infanterie-Regiments:<\/p>\n<blockquote><p><em>&#8222;Bewegungen von Patrouillen und kleinen Abteilungen im Bois de Crevic veranlasste unsere Artillerie zu einem starken Feuer\u00fcberfall. W\u00e4hrend des Tages wurde das Regiment in Gefechtslinie, Bereitschaft und Reserve gegliedert. Am Stellungsbau wurde weitergearbeitet.<\/em><\/p>\n<p><em>Abends traf der Befehl ein, dass sich das Regiment dem Angriff der n\u00f6rdlich stehenden 6. bayerischen Infanterie-Division anzuschlie\u00dfen habe. Das Angriffsziel war f\u00fcr das rechtsstehende II. Bataillon die H\u00f6he nord\u00f6stlich des Bois de Crevic, f\u00fcr das Linksstehende I. Bataillon die H\u00f6he 316 s\u00fcdlich des Waldes. III. Bataillon sollte als Reserve hinter dem linken Fl\u00fcgel folgen. Um 6 Uhr nachmittags wurde angetreten. Das I. Bataillon erreichte ohne Schwierigkeit die H\u00f6he 316 und grub sich dort mit Front gegen S\u00fcdwesten ein. Das III. Bataillon ging zun\u00e4chst ohne feindliche Gegenwirkung bis in die H\u00f6he des Ostrandes des Bois de Crevic vor, erhielt aber im weiteren Vorgehen dem Nordrand des Waldes entlang starkes Flankenfeuer aus dem Wald, wodurch die Bewegung zum Stehen kam. Da sich ein Vorgehen an dem Wald als unm\u00f6glich erwies, wurde zun\u00e4chst 1, dann 2 weitere Kompanien gegen die Nordostecke des Waldes eingesetzt. Der Angriff der Kompanien, der gegen Mitternacht begann, stockte bald, da das feindliche Feuer sehr stark wurde und die in den Wald eindringenden Teile durch Drahthindernisse aufgehalten wurden. Au\u00dferdem ging die einheitliche Gefechtsleitung durch starke F\u00fchrerverluste verloren. \u00dcbertriebene Nachrichten von dem Gefecht des II. Bataillons veranlassten das Regiment, 2 Kompanien des III. Bataillons vor dem Ostrand des Bois de Crevic bereitzustellen, um einen Gegensto\u00df des Gegners zur\u00fcckzuweisen. Inzwischen war es aber schon gelungen, die in der Dunkelheit auseinandergeratenen Kompanien des II. Bataillons zu sammeln und die Verbindung im Regiment und mit dem benachbarten 13. bayerischen Infanterie-Regiment aufzunehmen. Um 1 Uhr vormittags war die Ordnung hergestellt. Das Feuer wurde schw\u00e4cher und verstummte um 3.15 Uhr vormittags. &#8211; Auf Befehl der Brigade ging das Regiment in die alten Stellungen zur\u00fcck, deren Besetzung um 5.15 Uhr vormittags beendet war.<\/em><\/p>\n<p><em>08.09. Arbeiten in der Stellung wurden w\u00e4hrend des Tages von feindlicher Artillerie gest\u00f6rt, so dass nur mehr nachts gearbeitet werden konnte. Tags\u00fcber lebhaftes Artilleriefeuer auf dei Stellung. Patrouillen, die gegen Bois de Crevic vorgeschickt wurden, konnten nicht in den Wald eindringen.<\/em><\/p>\n<p><em>09.09. Das Artilleriefeuer nahm an St\u00e4rke zu. Nachts ging ein schweres Gewitter nieder, das die Gr\u00e4ben mit Wasser anf\u00fcllte und die Stellung stark besch\u00e4digte<\/em><em>.&#8220;<\/em><\/p><\/blockquote>\n<p>Vermutlich wurde er auf dem Soldatenfriedhof <span data-sheets-value=\"{&quot;1&quot;:2,&quot;2&quot;:&quot;Gerb\u00e9viller&quot;}\" data-sheets-userformat=\"{&quot;2&quot;:1049089,&quot;3&quot;:{&quot;1&quot;:0},&quot;12&quot;:0,&quot;23&quot;:1}\" data-sheets-formula=\"=HYPERLINK(&quot;https:\/\/goo.gl\/maps\/NEYBj8coyNq&quot;;&quot;Gerb\u00e9viller&quot;)\" data-sheets-hyperlink=\"https:\/\/goo.gl\/maps\/NEYBj8coyNq\"><a class=\"in-cell-link\" href=\"https:\/\/goo.gl\/maps\/NEYBj8coyNq\" target=\"_blank\" rel=\"noopener\">Gerb\u00e9viller<\/a><\/span> in einem Massengrab beigesetzt.<\/p>\n<figure id=\"attachment_27411\" aria-describedby=\"caption-attachment-27411\" style=\"width: 466px\" class=\"wp-caption aligncenter\"><img loading=\"lazy\" decoding=\"async\" class=\"size-full wp-image-27411\" src=\"https:\/\/geschichte-hautnah.de\/www\/wp-content\/uploads\/2021\/02\/Franz-Xaver-Maier-vorne.jpg\" alt=\"\" width=\"466\" height=\"800\" srcset=\"https:\/\/geschichte-hautnah.de\/www\/wp-content\/uploads\/2021\/02\/Franz-Xaver-Maier-vorne.jpg 466w, https:\/\/geschichte-hautnah.de\/www\/wp-content\/uploads\/2021\/02\/Franz-Xaver-Maier-vorne-175x300.jpg 175w\" sizes=\"auto, (max-width: 466px) 100vw, 466px\" \/><figcaption id=\"caption-attachment-27411\" class=\"wp-caption-text\">Sterbebild von Franz Xaver Maier<\/figcaption><\/figure>\n<figure id=\"attachment_27410\" aria-describedby=\"caption-attachment-27410\" style=\"width: 466px\" class=\"wp-caption aligncenter\"><img loading=\"lazy\" decoding=\"async\" class=\"size-full wp-image-27410\" src=\"https:\/\/geschichte-hautnah.de\/www\/wp-content\/uploads\/2021\/02\/Franz-Xaver-Maier-hinten.jpg\" alt=\"\" width=\"466\" height=\"800\" srcset=\"https:\/\/geschichte-hautnah.de\/www\/wp-content\/uploads\/2021\/02\/Franz-Xaver-Maier-hinten.jpg 466w, https:\/\/geschichte-hautnah.de\/www\/wp-content\/uploads\/2021\/02\/Franz-Xaver-Maier-hinten-175x300.jpg 175w\" sizes=\"auto, (max-width: 466px) 100vw, 466px\" \/><figcaption id=\"caption-attachment-27410\" class=\"wp-caption-text\">R\u00fcckseite des Sterbebildes von Franz Xaver Maier<\/figcaption><\/figure>\n","protected":false},"excerpt":{"rendered":"<p>Der Soldat Franz Xaver Maier wurde am 03.05.1883 geboren und lebte in Niederseeon, einem Ortsteil der bayerischen Gemeinde Moosach. Er war Kleinbauer (G\u00fctler) und Distriktsstra\u00dfenw\u00e4rter. Im Ersten Weltkrieg diente er als Landwehrmann in der 9. Kompanie des 1. bayerischen Reserve-Infanterie-Regiments. Am 07.09.1914 (Volksbund: 09.09.1914) fiel er im Alter von 31 Jahren bei Einville-au-Jard, in der [&hellip;]<\/p>\n","protected":false},"author":2,"featured_media":0,"comment_status":"closed","ping_status":"closed","sticky":false,"template":"","format":"standard","meta":{"footnotes":"","_wp_rev_ctl_limit":""},"categories":[2,8,1876,18],"tags":[733,7297,2942,33,36,523,1802,1078,287,1806,92,3450,7296,82],"class_list":["post-27413","post","type-post","status-publish","format-standard","hentry","category-1-weltkrieg","category-sterbebilder","category-frankreich-1-weltkrieg","category-vogesenkampfe","tag-1-bayerisches-reserve-infanterie-regiment","tag-distriktsstrassenwaerter","tag-einville-au-jard","tag-elsass","tag-frankreich","tag-gerbeviller","tag-guetler","tag-kleinbauer","tag-landwehrmann","tag-luneville","tag-massengrab","tag-moosach","tag-niederseeon","tag-vogesen"],"_links":{"self":[{"href":"https:\/\/geschichte-hautnah.de\/www\/index.php?rest_route=\/wp\/v2\/posts\/27413","targetHints":{"allow":["GET"]}}],"collection":[{"href":"https:\/\/geschichte-hautnah.de\/www\/index.php?rest_route=\/wp\/v2\/posts"}],"about":[{"href":"https:\/\/geschichte-hautnah.de\/www\/index.php?rest_route=\/wp\/v2\/types\/post"}],"author":[{"embeddable":true,"href":"https:\/\/geschichte-hautnah.de\/www\/index.php?rest_route=\/wp\/v2\/users\/2"}],"replies":[{"embeddable":true,"href":"https:\/\/geschichte-hautnah.de\/www\/index.php?rest_route=%2Fwp%2Fv2%2Fcomments&post=27413"}],"version-history":[{"count":7,"href":"https:\/\/geschichte-hautnah.de\/www\/index.php?rest_route=\/wp\/v2\/posts\/27413\/revisions"}],"predecessor-version":[{"id":27420,"href":"https:\/\/geschichte-hautnah.de\/www\/index.php?rest_route=\/wp\/v2\/posts\/27413\/revisions\/27420"}],"wp:attachment":[{"href":"https:\/\/geschichte-hautnah.de\/www\/index.php?rest_route=%2Fwp%2Fv2%2Fmedia&parent=27413"}],"wp:term":[{"taxonomy":"category","embeddable":true,"href":"https:\/\/geschichte-hautnah.de\/www\/index.php?rest_route=%2Fwp%2Fv2%2Fcategories&post=27413"},{"taxonomy":"post_tag","embeddable":true,"href":"https:\/\/geschichte-hautnah.de\/www\/index.php?rest_route=%2Fwp%2Fv2%2Ftags&post=27413"}],"curies":[{"name":"wp","href":"https:\/\/api.w.org\/{rel}","templated":true}]}}