{"id":27423,"date":"2026-01-18T00:00:15","date_gmt":"2026-01-17T23:00:15","guid":{"rendered":"https:\/\/geschichte-hautnah.de\/www\/?p=27423"},"modified":"2021-02-21T09:08:54","modified_gmt":"2021-02-21T08:08:54","slug":"die-maenner-des-ersten-weltkriegs-teil-2-800-johann-schwaninger","status":"publish","type":"post","link":"https:\/\/geschichte-hautnah.de\/www\/?p=27423","title":{"rendered":"Die M\u00e4nner des Ersten Weltkriegs \u2013 Teil 2.800: Johann Schwaninger"},"content":{"rendered":"<p>Der Soldat Johann Schwaninger (laut Verlustlisten und Volksbund: &#8222;Schwan<em><span style=\"color: #ff0000;\"><strong>n<\/strong><\/span><\/em>inger&#8220;) wurde am 30.01.1888 geboren und lebte in <a href=\"https:\/\/de.wikipedia.org\/wiki\/Ritzisried\" target=\"_blank\" rel=\"noopener\">Ritzisried<\/a>, einem Ortsteil der bayerischen Gemeinde <a href=\"https:\/\/de.wikipedia.org\/wiki\/Buch_(Schwaben)\" target=\"_blank\" rel=\"noopener\">Buch<\/a>. Im Ersten Weltkrieg diente er als Reservist angeblich im 3. bayerischen Ersatz-Reserve-Infanterie-Regiment. Nach meinen Recherchen k\u00e4mpfte er jedoch in der 3. Kompanie de 12. bayerischen Infanterie-Regiment. Er wurde vermutlich am 22.09.1914 schwer verwundet und verstarb am 23.09.1914 im Alter von 26 Jahren bei <a href=\"https:\/\/de.wikipedia.org\/wiki\/Thiescourt\" target=\"_blank\" rel=\"noopener\">Thiescourt<\/a> an der Oise, nicht weit entfernt von <a href=\"https:\/\/de.wikipedia.org\/wiki\/Compi%C3%A8gne\" target=\"_blank\" rel=\"noopener\">Compi\u00e8gne<\/a>, wo <a href=\"https:\/\/de.wikipedia.org\/wiki\/Waffenstillstand_von_Compi%C3%A8gne_(1918)\" target=\"_blank\" rel=\"noopener\">unter dem\u00fctigenden Bedingungen dieses grausame Schlachten etwas mehr als vier Jahre sp\u00e4ter beendet<\/a> werden sollte.<\/p>\n<p>\u00dcber den Todestag von Johann Schwaninger berichtet die Regimentsgeschichte des 12. bayerischen Infanterie-Regiments:<\/p>\n<blockquote><p><em>&#8222;Am 22.09. morgens erneuert der Feind seine Angriffe gegen die Brigade, die sich im Raume des 12. Infanterie-Regiments wiederum gegen das I. Bataillon richteten. Nach heftiger Artillerievorbereitung griff gegen 11 Uhr vormittags ein feindliches Bataillon die am rechten Fl\u00fcgel des Bataillons liegende 1. und 2. Kompanie an, wurde aber mit schweren Verlusten zur\u00fcckgeworfen, das feindliche Artilleriefeuer blieb auch weiterhin auf den Linien des Bataillons liegen. Erst in den Nachmittagsstunden brachten die bei Plessis-Cacheleux aufgefahrenen schweren Feldhaubitzen der preu\u00dfischen 4. Infanterie-Division, die am 21.09. bei <a href=\"https:\/\/goo.gl\/maps\/AwDnvRrXEpX9295C9\" target=\"_blank\" rel=\"noopener\">La Poti\u00e9re<\/a> (n\u00f6rdlich <a href=\"https:\/\/de.wikipedia.org\/wiki\/Lassigny\" target=\"_blank\" rel=\"noopener\">Lassigny<\/a>) eingetroffen war, einige Erleichterung; sie konnten aber die schwer auffindbaren feindlichen Batterien nicht zum Schweigen bringen.<\/em><\/p>\n<p><em>7 Uhr abends richtete der Feind einen nochmaligen Angriff gegen das I. Bataillon, ohne besseren Erfolg zu erzielen, wie am Vormittage. Nach einem dritten Misserfolg 7.45 Uhr abends stellte er seine Infanterie-Angriffe ein.<\/em><\/p>\n<p><em>Der Tag war f\u00fcr das I. Bataillon wiederum sehr verlustreich. Es verlor an Toten zwei Offiziere (Oberleutnant der Reserve Ludwig 2. Kompanie, Offiziersstellvertreter Brod, 1. Kompanie), 10 Mann, Offiziersstellvertreter Br\u00f6mer (3. Kompanie) und 63 Mann wurden verwundet. Die beiden anderen Bataillone verloren einen Toten, einen Verwundeten, ein Mann wurde vermisst.<\/em><\/p>\n<p><em>In der Nacht zum 23.09. wurde das I. Bataillon vom III. Bataillon abgel\u00f6st; es r\u00fcckte nach Evricourt zur Verf\u00fcgung des Regimentskommandeurs. Dichter Nebel lag am 23.09. morgens auf der ganzen Gegend und verhinderte die feindliche Artillerie am beobachteten Feuer. Erst in den Nachmittagsstunden, als der Nebel wich, er\u00f6ffnete er wieder das Feuer aus Gesch\u00fctzen und Maschinengewehren, dem 7 Tote und 15 Verwundete zum Opfer fielen.&#8220;<\/em><\/p><\/blockquote>\n<p>Man begrub Johann Schwaninger auf dem Soldatenfriedhof <span data-sheets-value=\"{&quot;1&quot;:2,&quot;2&quot;:&quot;Thiescourt&quot;}\" data-sheets-userformat=\"{&quot;2&quot;:1049089,&quot;3&quot;:{&quot;1&quot;:0},&quot;12&quot;:0,&quot;23&quot;:1}\" data-sheets-formula=\"=HYPERLINK(&quot;https:\/\/de.wikipedia.org\/wiki\/Thiescourt&quot;;&quot;Thiescourt&quot;)\" data-sheets-hyperlink=\"https:\/\/de.wikipedia.org\/wiki\/Thiescourt\"><a class=\"in-cell-link\" href=\"https:\/\/de.wikipedia.org\/wiki\/Thiescourt\" target=\"_blank\" rel=\"noopener\">Thiescourt<\/a><\/span> in einem Massengrab.<\/p>\n<figure id=\"attachment_27422\" aria-describedby=\"caption-attachment-27422\" style=\"width: 489px\" class=\"wp-caption aligncenter\"><img loading=\"lazy\" decoding=\"async\" class=\"size-full wp-image-27422\" src=\"https:\/\/geschichte-hautnah.de\/www\/wp-content\/uploads\/2021\/02\/Johann-Schwaninger-vorne.jpg\" alt=\"\" width=\"489\" height=\"800\" srcset=\"https:\/\/geschichte-hautnah.de\/www\/wp-content\/uploads\/2021\/02\/Johann-Schwaninger-vorne.jpg 489w, https:\/\/geschichte-hautnah.de\/www\/wp-content\/uploads\/2021\/02\/Johann-Schwaninger-vorne-183x300.jpg 183w\" sizes=\"auto, (max-width: 489px) 100vw, 489px\" \/><figcaption id=\"caption-attachment-27422\" class=\"wp-caption-text\">Sterbebild von Johann Schwaninger<\/figcaption><\/figure>\n<figure id=\"attachment_27421\" aria-describedby=\"caption-attachment-27421\" style=\"width: 489px\" class=\"wp-caption aligncenter\"><img loading=\"lazy\" decoding=\"async\" class=\"size-full wp-image-27421\" src=\"https:\/\/geschichte-hautnah.de\/www\/wp-content\/uploads\/2021\/02\/Johann-Schwaninger-hinten.jpg\" alt=\"\" width=\"489\" height=\"800\" srcset=\"https:\/\/geschichte-hautnah.de\/www\/wp-content\/uploads\/2021\/02\/Johann-Schwaninger-hinten.jpg 489w, https:\/\/geschichte-hautnah.de\/www\/wp-content\/uploads\/2021\/02\/Johann-Schwaninger-hinten-183x300.jpg 183w\" sizes=\"auto, (max-width: 489px) 100vw, 489px\" \/><figcaption id=\"caption-attachment-27421\" class=\"wp-caption-text\">R\u00fcckseite des Sterbebildes von Johann Schwaninger<\/figcaption><\/figure>\n","protected":false},"excerpt":{"rendered":"<p>Der Soldat Johann Schwaninger (laut Verlustlisten und Volksbund: &#8222;Schwanninger&#8220;) wurde am 30.01.1888 geboren und lebte in Ritzisried, einem Ortsteil der bayerischen Gemeinde Buch. Im Ersten Weltkrieg diente er als Reservist angeblich im 3. bayerischen Ersatz-Reserve-Infanterie-Regiment. Nach meinen Recherchen k\u00e4mpfte er jedoch in der 3. Kompanie de 12. bayerischen Infanterie-Regiment. Er wurde vermutlich am 22.09.1914 schwer [&hellip;]<\/p>\n","protected":false},"author":2,"featured_media":0,"comment_status":"closed","ping_status":"closed","sticky":false,"template":"","format":"standard","meta":{"footnotes":"","_wp_rev_ctl_limit":""},"categories":[2,8,1876],"tags":[126,7299,1366,1398,2102,36,1024,7300,4863,1534,1087,169,7298,771,4169],"class_list":["post-27423","post","type-post","status-publish","format-standard","hentry","category-1-weltkrieg","category-sterbebilder","category-frankreich-1-weltkrieg","tag-12-bayerisches-infanterie-regiment","tag-3-bayerisches-ersatz-reserve-infanterie-regiment","tag-bayern","tag-buch","tag-compiegne","tag-frankreich","tag-irrtum","tag-la-potiere","tag-lassigny","tag-oise","tag-regimentsgeschichte","tag-reservist","tag-ritzisried","tag-schwere-verwundung","tag-thiescourt"],"_links":{"self":[{"href":"https:\/\/geschichte-hautnah.de\/www\/index.php?rest_route=\/wp\/v2\/posts\/27423","targetHints":{"allow":["GET"]}}],"collection":[{"href":"https:\/\/geschichte-hautnah.de\/www\/index.php?rest_route=\/wp\/v2\/posts"}],"about":[{"href":"https:\/\/geschichte-hautnah.de\/www\/index.php?rest_route=\/wp\/v2\/types\/post"}],"author":[{"embeddable":true,"href":"https:\/\/geschichte-hautnah.de\/www\/index.php?rest_route=\/wp\/v2\/users\/2"}],"replies":[{"embeddable":true,"href":"https:\/\/geschichte-hautnah.de\/www\/index.php?rest_route=%2Fwp%2Fv2%2Fcomments&post=27423"}],"version-history":[{"count":6,"href":"https:\/\/geschichte-hautnah.de\/www\/index.php?rest_route=\/wp\/v2\/posts\/27423\/revisions"}],"predecessor-version":[{"id":27429,"href":"https:\/\/geschichte-hautnah.de\/www\/index.php?rest_route=\/wp\/v2\/posts\/27423\/revisions\/27429"}],"wp:attachment":[{"href":"https:\/\/geschichte-hautnah.de\/www\/index.php?rest_route=%2Fwp%2Fv2%2Fmedia&parent=27423"}],"wp:term":[{"taxonomy":"category","embeddable":true,"href":"https:\/\/geschichte-hautnah.de\/www\/index.php?rest_route=%2Fwp%2Fv2%2Fcategories&post=27423"},{"taxonomy":"post_tag","embeddable":true,"href":"https:\/\/geschichte-hautnah.de\/www\/index.php?rest_route=%2Fwp%2Fv2%2Ftags&post=27423"}],"curies":[{"name":"wp","href":"https:\/\/api.w.org\/{rel}","templated":true}]}}