{"id":27432,"date":"2026-01-19T00:00:50","date_gmt":"2026-01-18T23:00:50","guid":{"rendered":"https:\/\/geschichte-hautnah.de\/www\/?p=27432"},"modified":"2021-02-22T06:25:27","modified_gmt":"2021-02-22T05:25:27","slug":"die-maenner-des-ersten-weltkriegs-teil-2-801-josef-steidele","status":"publish","type":"post","link":"https:\/\/geschichte-hautnah.de\/www\/?p=27432","title":{"rendered":"Die M\u00e4nner des Ersten Weltkriegs \u2013 Teil 2.801: Josef Steidele"},"content":{"rendered":"<p>Der Soldat Josef Steidele wurde am 14.05.1883 in Rauns geboren, einer Siedlung in der bayerischen Gemeinde <a href=\"https:\/\/de.wikipedia.org\/wiki\/Waltenhofen\" target=\"_blank\" rel=\"noopener\">Waltenhofen<\/a>. Im Ersten Weltkrieg k\u00e4mpfte er als Gefreiter in der 1. Kompanie des 3. bayerischen LandwehrInfanterie-Regiments. Er wurde mit dem Eisernen Kreuz 2. Klasse ausgezeichnet. Am 16.12.1917 fiel er im Alter von 34 Jahren bei <a href=\"https:\/\/de.wikipedia.org\/wiki\/Orbey\" target=\"_blank\" rel=\"noopener\">Urbeis<\/a> (franz\u00f6sisch: Orbey) in den Vogesen.<\/p>\n<p>\u00dcber den Todestag und die Todesumst\u00e4nde berichtet die Regimentsgeschichte des 3. bayerischen Landwehr-Infanterie-Regiments:<\/p>\n<blockquote><p><em>&#8222;Der 16.12. brachte abermals einen Streifenkampf um Be\u00fb, diesmal um das haus 24. Offiziersstellvertreter Hackner mit zwei Begleitern drang ein, sie stie\u00dfen auf acht Mann, die sie mit Handgranaten empfingen. Die Begleiter Unteroffizier Fehr und Sch\u00fctze Schmeh sind wahrscheinlich gefallen. Hackner kam mit einer tiefen Fleischwunde unterm Auge davon.&#8220;<\/em><\/p><\/blockquote>\n<p>Josef Steidele ist jedoch an diesem Tag nicht im Gefecht gefallen, sondern t\u00f6dlich verungl\u00fcckt.<\/p>\n<p>Man begrub Josef Steidele auf dem Soldatenfriedhof <span data-sheets-value=\"{&quot;1&quot;:2,&quot;2&quot;:&quot;Hohrod&quot;}\" data-sheets-userformat=\"{&quot;2&quot;:1049089,&quot;3&quot;:{&quot;1&quot;:0},&quot;12&quot;:0,&quot;23&quot;:1}\" data-sheets-formula=\"=HYPERLINK(&quot;https:\/\/www.google.de\/maps\/place\/La+n%C3%A9cropole+allemande+du+Linge+Hohrod\/@48.0789162,7.1419617,494m\/data=!3m1!1e3!4m12!1m6!3m5!1s0x4793d8d8db925e89:0xba92ac4cb3276849!2sLinge+Memorial!8m2!3d48.083526!4d7.140328!3m4!1s0x4793d8ddb8ffffff:0xf865918dce0a94d2!8m2!3d48.0789042!4d7.1443239&quot;;&quot;Hohrod&quot;)\" data-sheets-hyperlink=\"https:\/\/www.google.de\/maps\/place\/La+n%C3%A9cropole+allemande+du+Linge+Hohrod\/@48.0789162,7.1419617,494m\/data=!3m1!1e3!4m12!1m6!3m5!1s0x4793d8d8db925e89:0xba92ac4cb3276849!2sLinge+Memorial!8m2!3d48.083526!4d7.140328!3m4!1s0x4793d8ddb8ffffff:0xf865918dce0a94d2!8m2!3d48.0789042!4d7.1443239\"><a class=\"in-cell-link\" href=\"https:\/\/www.google.de\/maps\/place\/La+n%C3%A9cropole+allemande+du+Linge+Hohrod\/@48.0789162,7.1419617,494m\/data=!3m1!1e3!4m12!1m6!3m5!1s0x4793d8d8db925e89:0xba92ac4cb3276849!2sLinge+Memorial!8m2!3d48.083526!4d7.140328!3m4!1s0x4793d8ddb8ffffff:0xf865918dce0a94d2!8m2!3d48.0789042!4d7.1443239\" target=\"_blank\" rel=\"noopener\">Hohrod<\/a><\/span> in Block 3, Grab 127.<\/p>\n<p>Seine Heimatgemeinde Waltenhofen gedenkt Josef Steidele noch heute auf einem Denkmal: <a href=\"http:\/\/www.denkmalprojekt.org\/dkm_deutschland\/waltenhofen_wk1_bay.htm\" target=\"_blank\" rel=\"noopener\">http:\/\/www.denkmalprojekt.org\/dkm_deutschland\/waltenhofen_wk1_bay.htm<\/a><\/p>\n<figure id=\"attachment_27431\" aria-describedby=\"caption-attachment-27431\" style=\"width: 800px\" class=\"wp-caption aligncenter\"><img loading=\"lazy\" decoding=\"async\" class=\"size-full wp-image-27431\" src=\"https:\/\/geschichte-hautnah.de\/www\/wp-content\/uploads\/2021\/02\/Josef-Steidele-vorne.jpg\" alt=\"\" width=\"800\" height=\"621\" srcset=\"https:\/\/geschichte-hautnah.de\/www\/wp-content\/uploads\/2021\/02\/Josef-Steidele-vorne.jpg 800w, https:\/\/geschichte-hautnah.de\/www\/wp-content\/uploads\/2021\/02\/Josef-Steidele-vorne-300x233.jpg 300w, https:\/\/geschichte-hautnah.de\/www\/wp-content\/uploads\/2021\/02\/Josef-Steidele-vorne-768x596.jpg 768w\" sizes=\"auto, (max-width: 800px) 100vw, 800px\" \/><figcaption id=\"caption-attachment-27431\" class=\"wp-caption-text\">Sterbebild von Josef Steidele<\/figcaption><\/figure>\n<figure id=\"attachment_27430\" aria-describedby=\"caption-attachment-27430\" style=\"width: 800px\" class=\"wp-caption aligncenter\"><img loading=\"lazy\" decoding=\"async\" class=\"size-full wp-image-27430\" src=\"https:\/\/geschichte-hautnah.de\/www\/wp-content\/uploads\/2021\/02\/Josef-Steidele-hinten.jpg\" alt=\"\" width=\"800\" height=\"621\" srcset=\"https:\/\/geschichte-hautnah.de\/www\/wp-content\/uploads\/2021\/02\/Josef-Steidele-hinten.jpg 800w, https:\/\/geschichte-hautnah.de\/www\/wp-content\/uploads\/2021\/02\/Josef-Steidele-hinten-300x233.jpg 300w, https:\/\/geschichte-hautnah.de\/www\/wp-content\/uploads\/2021\/02\/Josef-Steidele-hinten-768x596.jpg 768w\" sizes=\"auto, (max-width: 800px) 100vw, 800px\" \/><figcaption id=\"caption-attachment-27430\" class=\"wp-caption-text\">R\u00fcckseite des Sterbebildes von Josef Steidele<\/figcaption><\/figure>\n","protected":false},"excerpt":{"rendered":"<p>Der Soldat Josef Steidele wurde am 14.05.1883 in Rauns geboren, einer Siedlung in der bayerischen Gemeinde Waltenhofen. Im Ersten Weltkrieg k\u00e4mpfte er als Gefreiter in der 1. Kompanie des 3. bayerischen LandwehrInfanterie-Regiments. Er wurde mit dem Eisernen Kreuz 2. Klasse ausgezeichnet. Am 16.12.1917 fiel er im Alter von 34 Jahren bei Urbeis (franz\u00f6sisch: Orbey) in [&hellip;]<\/p>\n","protected":false},"author":2,"featured_media":0,"comment_status":"closed","ping_status":"closed","sticky":false,"template":"","format":"standard","meta":{"footnotes":"","_wp_rev_ctl_limit":""},"categories":[2,8,1876,18],"tags":[429,1366,112,33,36,153,91,1281,7301,950,1003,82,2210],"class_list":["post-27432","post","type-post","status-publish","format-standard","hentry","category-1-weltkrieg","category-sterbebilder","category-frankreich-1-weltkrieg","category-vogesenkampfe","tag-3-bayerisches-landwehr-infanterie-regiment","tag-bayern","tag-eisernes-kreuz-2-klasse","tag-elsass","tag-frankreich","tag-gefreiter","tag-hohrod","tag-orbey","tag-rauns","tag-toedlich-verunglueckt","tag-urbeis","tag-vogesen","tag-waltenhofen"],"_links":{"self":[{"href":"https:\/\/geschichte-hautnah.de\/www\/index.php?rest_route=\/wp\/v2\/posts\/27432","targetHints":{"allow":["GET"]}}],"collection":[{"href":"https:\/\/geschichte-hautnah.de\/www\/index.php?rest_route=\/wp\/v2\/posts"}],"about":[{"href":"https:\/\/geschichte-hautnah.de\/www\/index.php?rest_route=\/wp\/v2\/types\/post"}],"author":[{"embeddable":true,"href":"https:\/\/geschichte-hautnah.de\/www\/index.php?rest_route=\/wp\/v2\/users\/2"}],"replies":[{"embeddable":true,"href":"https:\/\/geschichte-hautnah.de\/www\/index.php?rest_route=%2Fwp%2Fv2%2Fcomments&post=27432"}],"version-history":[{"count":7,"href":"https:\/\/geschichte-hautnah.de\/www\/index.php?rest_route=\/wp\/v2\/posts\/27432\/revisions"}],"predecessor-version":[{"id":27439,"href":"https:\/\/geschichte-hautnah.de\/www\/index.php?rest_route=\/wp\/v2\/posts\/27432\/revisions\/27439"}],"wp:attachment":[{"href":"https:\/\/geschichte-hautnah.de\/www\/index.php?rest_route=%2Fwp%2Fv2%2Fmedia&parent=27432"}],"wp:term":[{"taxonomy":"category","embeddable":true,"href":"https:\/\/geschichte-hautnah.de\/www\/index.php?rest_route=%2Fwp%2Fv2%2Fcategories&post=27432"},{"taxonomy":"post_tag","embeddable":true,"href":"https:\/\/geschichte-hautnah.de\/www\/index.php?rest_route=%2Fwp%2Fv2%2Ftags&post=27432"}],"curies":[{"name":"wp","href":"https:\/\/api.w.org\/{rel}","templated":true}]}}