{"id":27507,"date":"2026-01-29T00:00:10","date_gmt":"2026-01-28T23:00:10","guid":{"rendered":"https:\/\/geschichte-hautnah.de\/www\/?p=27507"},"modified":"2021-02-25T17:56:53","modified_gmt":"2021-02-25T16:56:53","slug":"die-maenner-des-ersten-weltkriegs-teil-2-811-mathias-hager","status":"publish","type":"post","link":"https:\/\/geschichte-hautnah.de\/www\/?p=27507","title":{"rendered":"Die M\u00e4nner des Ersten Weltkriegs \u2013 Teil 2.811: Mathias Hager"},"content":{"rendered":"<p>Der Soldat Mathias (Volksbund: Matthias) Hager wurde am 22.01.1880 in <a href=\"https:\/\/de.wikipedia.org\/wiki\/D%C3%BCrmentingen\" target=\"_blank\" rel=\"noopener\">D\u00fcrmentingen<\/a> geboren, einer Gemeinde im heutigen Bundesland Baden-W\u00fcrttemberg. Im Ersten Weltkrieg diente er als Offiziers-Stellvertreter in der 6. Kompanie des 123. Landwehr-Infanterie-Regiments. Er wurde mit dem Eisernen Kreuz 2. Klasse und mit der Silbernen Verdienstmedaille ausgezeichnet. Am 19.02.1917 fiel er im Alter von 36 Jahren bei H\u00f6he 425 in der N\u00e4he von\u00a0 <a href=\"https:\/\/de.wikipedia.org\/wiki\/Cernay_(Haut-Rhin)\" target=\"_blank\" rel=\"noopener\">Sennheim<\/a> (franz\u00f6sisch: Cernay)im Elsass.<\/p>\n<p>\u00dcber den Todestag und die Todesumst\u00e4nde von Mathias Hager berichtet die Regimentsgeschichte des 123. Landwehr-Infanterie-Regiments:<\/p>\n<blockquote><p><em>&#8222;Das feindliche Zerst\u00f6rungsfeuer auf H\u00f6he 425 am 19.02.1917<\/em><\/p>\n<p><em>Der Feind musste nat\u00fcrlich das lebhafte Treiben und Arbeiten auf der H\u00f6he 425 bemerken. Um sie zu st\u00f6ren, konzentrierte er am 19. Februar, nachmittags von 4.45 bis 7.15 Uhr das Feuer seiner ganzen Artillerie und seiner Minenwerfer auf Abschnitt A, B und D der H\u00f6he (etwa 1.300 Granaten und 300 schwere und mittlere Minen).<\/em><\/p>\n<p><em>Sofort wurde das Bataillon alarmiert und in Gefechtsbereitschaft gesetzt.<span style=\"color: #ff0000;\"><strong> Dabei starb der Offiziers-Stellvertreter Hager der 6. Kompanie, ein pflichtgetreuer und wackerer Soldat, Vater von 7 Kindern, den Heldentod<\/strong><\/span>. Wir erwiderten haupts\u00e4chlich mit den zwei mittleren Minenwerfern, der Minenwerferkompanie 113 angeh\u00f6rend, und den Minen- und Ladungswerfern des II. Bataillons. Doch blieb der erwartete Infanterieangriff aus. Die M\u00fchsam erst hergestellten Gr\u00e4ben und Hindernisse waren wieder einmal gr\u00fcndlich besch\u00e4digt und teilweise zerst\u00f6rt.<\/em><\/p>\n<p><em>.<\/em><\/p><\/blockquote>\n<p>Man begrub Mathias Hager auf dem Heimat-Friedhof D\u00fcrmenting in einem Einzelgrab.<\/p>\n<figure id=\"attachment_27506\" aria-describedby=\"caption-attachment-27506\" style=\"width: 800px\" class=\"wp-caption aligncenter\"><img loading=\"lazy\" decoding=\"async\" class=\"size-full wp-image-27506\" src=\"https:\/\/geschichte-hautnah.de\/www\/wp-content\/uploads\/2021\/02\/Mathias-Hager-vorne.jpg\" alt=\"\" width=\"800\" height=\"617\" srcset=\"https:\/\/geschichte-hautnah.de\/www\/wp-content\/uploads\/2021\/02\/Mathias-Hager-vorne.jpg 800w, https:\/\/geschichte-hautnah.de\/www\/wp-content\/uploads\/2021\/02\/Mathias-Hager-vorne-300x231.jpg 300w, https:\/\/geschichte-hautnah.de\/www\/wp-content\/uploads\/2021\/02\/Mathias-Hager-vorne-768x592.jpg 768w\" sizes=\"auto, (max-width: 800px) 100vw, 800px\" \/><figcaption id=\"caption-attachment-27506\" class=\"wp-caption-text\">Sterbebild von Mathias Hager<\/figcaption><\/figure>\n<figure id=\"attachment_27505\" aria-describedby=\"caption-attachment-27505\" style=\"width: 800px\" class=\"wp-caption aligncenter\"><img loading=\"lazy\" decoding=\"async\" class=\"size-full wp-image-27505\" src=\"https:\/\/geschichte-hautnah.de\/www\/wp-content\/uploads\/2021\/02\/Mathias-Hager-unten.jpg\" alt=\"\" width=\"800\" height=\"617\" srcset=\"https:\/\/geschichte-hautnah.de\/www\/wp-content\/uploads\/2021\/02\/Mathias-Hager-unten.jpg 800w, https:\/\/geschichte-hautnah.de\/www\/wp-content\/uploads\/2021\/02\/Mathias-Hager-unten-300x231.jpg 300w, https:\/\/geschichte-hautnah.de\/www\/wp-content\/uploads\/2021\/02\/Mathias-Hager-unten-768x592.jpg 768w\" sizes=\"auto, (max-width: 800px) 100vw, 800px\" \/><figcaption id=\"caption-attachment-27505\" class=\"wp-caption-text\">R\u00fcckseite des Sterbebildes von Mathias Hager<\/figcaption><\/figure>\n","protected":false},"excerpt":{"rendered":"<p>Der Soldat Mathias (Volksbund: Matthias) Hager wurde am 22.01.1880 in D\u00fcrmentingen geboren, einer Gemeinde im heutigen Bundesland Baden-W\u00fcrttemberg. Im Ersten Weltkrieg diente er als Offiziers-Stellvertreter in der 6. Kompanie des 123. Landwehr-Infanterie-Regiments. Er wurde mit dem Eisernen Kreuz 2. Klasse und mit der Silbernen Verdienstmedaille ausgezeichnet. Am 19.02.1917 fiel er im Alter von 36 Jahren [&hellip;]<\/p>\n","protected":false},"author":2,"featured_media":0,"comment_status":"closed","ping_status":"closed","sticky":false,"template":"","format":"standard","meta":{"footnotes":"","_wp_rev_ctl_limit":""},"categories":[2,8,1876,18],"tags":[1265,1378,27,7311,112,33,36,2469,7312,4407,72,2790],"class_list":["post-27507","post","type-post","status-publish","format-standard","hentry","category-1-weltkrieg","category-sterbebilder","category-frankreich-1-weltkrieg","category-vogesenkampfe","tag-123-landwehr-infanterie-regiment","tag-baden-wuerttemberg","tag-cernay","tag-duermentingen","tag-eisernes-kreuz-2-klasse","tag-elsass","tag-frankreich","tag-heimat","tag-hoehe-425","tag-offiziers-stellvertreter","tag-sennheim","tag-silberne-verdienstmedaille"],"_links":{"self":[{"href":"https:\/\/geschichte-hautnah.de\/www\/index.php?rest_route=\/wp\/v2\/posts\/27507","targetHints":{"allow":["GET"]}}],"collection":[{"href":"https:\/\/geschichte-hautnah.de\/www\/index.php?rest_route=\/wp\/v2\/posts"}],"about":[{"href":"https:\/\/geschichte-hautnah.de\/www\/index.php?rest_route=\/wp\/v2\/types\/post"}],"author":[{"embeddable":true,"href":"https:\/\/geschichte-hautnah.de\/www\/index.php?rest_route=\/wp\/v2\/users\/2"}],"replies":[{"embeddable":true,"href":"https:\/\/geschichte-hautnah.de\/www\/index.php?rest_route=%2Fwp%2Fv2%2Fcomments&post=27507"}],"version-history":[{"count":8,"href":"https:\/\/geschichte-hautnah.de\/www\/index.php?rest_route=\/wp\/v2\/posts\/27507\/revisions"}],"predecessor-version":[{"id":27516,"href":"https:\/\/geschichte-hautnah.de\/www\/index.php?rest_route=\/wp\/v2\/posts\/27507\/revisions\/27516"}],"wp:attachment":[{"href":"https:\/\/geschichte-hautnah.de\/www\/index.php?rest_route=%2Fwp%2Fv2%2Fmedia&parent=27507"}],"wp:term":[{"taxonomy":"category","embeddable":true,"href":"https:\/\/geschichte-hautnah.de\/www\/index.php?rest_route=%2Fwp%2Fv2%2Fcategories&post=27507"},{"taxonomy":"post_tag","embeddable":true,"href":"https:\/\/geschichte-hautnah.de\/www\/index.php?rest_route=%2Fwp%2Fv2%2Ftags&post=27507"}],"curies":[{"name":"wp","href":"https:\/\/api.w.org\/{rel}","templated":true}]}}