{"id":27602,"date":"2026-02-04T00:00:21","date_gmt":"2026-02-03T23:00:21","guid":{"rendered":"https:\/\/geschichte-hautnah.de\/www\/?p=27602"},"modified":"2021-03-01T14:08:56","modified_gmt":"2021-03-01T13:08:56","slug":"die-maenner-des-ersten-weltkriegs-teil-2-817-stephanus-nussmann","status":"publish","type":"post","link":"https:\/\/geschichte-hautnah.de\/www\/?p=27602","title":{"rendered":"Die M\u00e4nner des Ersten Weltkriegs \u2013 Teil 2.817: Stephanus Nu\u00dfmann"},"content":{"rendered":"<p>Der Soldat Stephanus Nu\u00dfmann wurde am 16.11.1880 geboren und stammte aus Sommersbach, heute ein Stadtteil der Stadt <a href=\"https:\/\/de.wikipedia.org\/wiki\/Isny_im_Allg%C3%A4u\" target=\"_blank\" rel=\"noopener\">Isny im Allg\u00e4u<\/a> im heutigen Bundesland Baden W\u00fcrttemberg. Im Ersten Weltkrieg k\u00e4mpfte er als Unteroffizier in der 7. Kompanie des 123. Landwehr-Infanterie-Regiments. Am 04.11.1914 fiel er im Alter von 33 Jahren bei <a href=\"https:\/\/de.wikipedia.org\/wiki\/Sainte-Marie-aux-Mines\" target=\"_blank\" rel=\"noopener\">Markirch<\/a> (franz\u00f6sisch: Sainte-Marie-aux-Mines) am\u00a0 Zuckerhut, Petite Chaume, Tete de Violu.<\/p>\n<p>\u00dcber den Todestag und die Todesumst\u00e4nde von Stephanus Nu\u00dfmann berichtet die Regimentsgeschichte des 123. Landwehr-Infanterie-Regiments:<\/p>\n<blockquote><p><em>&#8222;Am 01.11. kam wieder Leben in den eint\u00f6nigen Kasernen- und Wachtdienst herein. Das II.\/Landwehr-Infanterie-Regiment 123 wurde alarmiert und abends 7 Uhr auf Bahnhof Wanne in M\u00fclhausen verladen und nach St. Kreuz bei Markirchen transportiert. Von dort aus wurde es am 02.11. nach Markirch beordert. Auch hier lag die deutsche Truppe in schwerem Gebirgskampf mit den an Zahl \u00fcberlegenen Feinden. Mehrere Kuppen waren nach schwerem Ringen verloren gegangen. So warf das Armeeoberkommando seinbe ganze Armeereserve an die bedrohte Stelle. Sie war dem sp\u00e4teren Kommandeur des Regiments, Generalmajor z. D. von Dinkelacker, der zu diesem Zwecke abkommandiert worden war, unterstellt. Er hatte den Auftrag, im Verbande der Brigade Ferling die westlich und s\u00fcdwestlich Markirch in die H\u00e4nde des Gegners gefallenen H\u00f6hen wieder zu nehmen.<\/em><\/p>\n<p><em>Alsbald erstieg das Bataillon unter gewaltiger Anstrengung den Zuckerhut, um von Punkt 753,8 gegen Punkt 851,2 anzugreifen. 5., 6. und 7.\/Landwehr-Infanterie-Regiment 123 wurden in vorderster Linie eingesetzt, 8.\/Landwehr-Infanterie-Regiment 123 in Reserve gehalten. Kaum aber waren die Kompanien vorgegangen, als sie vom Gegner entdeckt und unter heftigstes und schwerstes Artilleriefeuer genommen wurden. Dabei traten empfindliche Verluste ein. Unter anderem wird der schneidig vorgehende F\u00fchrer der 6. Kompanie, Oberleutnant Dietrich, durch Brustschuss schwer verwundet. Das Artilleriefeuer wird schlie\u00dflich so stark, dass der Sturm ins Stocken ger\u00e4t und das Bataillon hinter den Kamm des Zuckerhuts zur\u00fcckgezogen werden musste. Auch ein zweiter und dritter Versuch scheiterten. Doch kamen die braven Wehrleute des II. Bataillons auch nicht vorw\u00e4rts, so wichen sie auch nicht und bissen sich am Nord- und Nordwestabhang des Zuckerhutes fest. Was die bayerische Landwehr und die 81er nicht halten konnten, brachte schw\u00e4bische Z\u00e4higkeit fertig. Den ganzen 3. und 4.11. hielten sie die Stellung.<\/em><\/p>\n<p><em>Am 04.11.1914 abends wurden 5. und 6. Kompanie Landwehr-Infanterie-Regiment 123 in das Waldst\u00fcck gegen Punkt 808,9 vorgezogen und f\u00fcr die n\u00e4chsten Tage dem IV.\/99 unterstellt. Auch ein am 05.11. gegen den Bernhardstein unternommener Angriff scheiterte. Es blieb nichts anderes \u00fcbrig, als die Stellung so wie sie war zu halten und zu verst\u00e4rken.<\/em><\/p><\/blockquote>\n<p>Offiziell ist f\u00fcr Stephanus Nu\u00dfmann keine Grablage bekannt. Ich bin mir jedoch sicher, dass er, wenn seine Gebeine bis heute geborgen werden konnten, diese anonym in einem Massengrab auf dem Soldatenfriedhof beigesetzt wurden, wo man auch seine Regimentskameraden begrub, die im gleichen Zeitraum fielen, u. a.<\/p>\n<p>&nbsp;<\/p>\n<p>&nbsp;<\/p>\n<figure id=\"attachment_27601\" aria-describedby=\"caption-attachment-27601\" style=\"width: 506px\" class=\"wp-caption aligncenter\"><img loading=\"lazy\" decoding=\"async\" class=\"size-full wp-image-27601\" src=\"https:\/\/geschichte-hautnah.de\/www\/wp-content\/uploads\/2021\/03\/Stephanus-Nussmann-vorne.jpg\" alt=\"\" width=\"506\" height=\"800\" srcset=\"https:\/\/geschichte-hautnah.de\/www\/wp-content\/uploads\/2021\/03\/Stephanus-Nussmann-vorne.jpg 506w, https:\/\/geschichte-hautnah.de\/www\/wp-content\/uploads\/2021\/03\/Stephanus-Nussmann-vorne-190x300.jpg 190w\" sizes=\"auto, (max-width: 506px) 100vw, 506px\" \/><figcaption id=\"caption-attachment-27601\" class=\"wp-caption-text\">Sterbebild von Stephanus Nu\u00dfmann<\/figcaption><\/figure>\n<figure id=\"attachment_27600\" aria-describedby=\"caption-attachment-27600\" style=\"width: 506px\" class=\"wp-caption aligncenter\"><img loading=\"lazy\" decoding=\"async\" class=\"size-full wp-image-27600\" src=\"https:\/\/geschichte-hautnah.de\/www\/wp-content\/uploads\/2021\/03\/Stephanus-Nussmann-hinten.jpg\" alt=\"\" width=\"506\" height=\"800\" srcset=\"https:\/\/geschichte-hautnah.de\/www\/wp-content\/uploads\/2021\/03\/Stephanus-Nussmann-hinten.jpg 506w, https:\/\/geschichte-hautnah.de\/www\/wp-content\/uploads\/2021\/03\/Stephanus-Nussmann-hinten-190x300.jpg 190w\" sizes=\"auto, (max-width: 506px) 100vw, 506px\" \/><figcaption id=\"caption-attachment-27600\" class=\"wp-caption-text\">R\u00fcckseite des Sterbebildes von Stephanus Nu\u00dfmann<\/figcaption><\/figure>\n","protected":false},"excerpt":{"rendered":"<p>Der Soldat Stephanus Nu\u00dfmann wurde am 16.11.1880 geboren und stammte aus Sommersbach, heute ein Stadtteil der Stadt Isny im Allg\u00e4u im heutigen Bundesland Baden W\u00fcrttemberg. Im Ersten Weltkrieg k\u00e4mpfte er als Unteroffizier in der 7. Kompanie des 123. Landwehr-Infanterie-Regiments. Am 04.11.1914 fiel er im Alter von 33 Jahren bei Markirch (franz\u00f6sisch: Sainte-Marie-aux-Mines) am\u00a0 Zuckerhut, Petite [&hellip;]<\/p>\n","protected":false},"author":2,"featured_media":0,"comment_status":"closed","ping_status":"closed","sticky":false,"template":"","format":"standard","meta":{"footnotes":"","_wp_rev_ctl_limit":""},"categories":[2,8,1876,18],"tags":[1265,1378,36,7335,381,7337,382,7334,99,101,82,7336],"class_list":["post-27602","post","type-post","status-publish","format-standard","hentry","category-1-weltkrieg","category-sterbebilder","category-frankreich-1-weltkrieg","category-vogesenkampfe","tag-123-landwehr-infanterie-regiment","tag-baden-wuerttemberg","tag-frankreich","tag-isny-im-allgaeu","tag-markirch","tag-petite-chaum","tag-sainte-marie-aux-mines","tag-sommersbach","tag-unbekannte-grablage","tag-unteroffizier","tag-vogesen","tag-zuckerhut"],"_links":{"self":[{"href":"https:\/\/geschichte-hautnah.de\/www\/index.php?rest_route=\/wp\/v2\/posts\/27602","targetHints":{"allow":["GET"]}}],"collection":[{"href":"https:\/\/geschichte-hautnah.de\/www\/index.php?rest_route=\/wp\/v2\/posts"}],"about":[{"href":"https:\/\/geschichte-hautnah.de\/www\/index.php?rest_route=\/wp\/v2\/types\/post"}],"author":[{"embeddable":true,"href":"https:\/\/geschichte-hautnah.de\/www\/index.php?rest_route=\/wp\/v2\/users\/2"}],"replies":[{"embeddable":true,"href":"https:\/\/geschichte-hautnah.de\/www\/index.php?rest_route=%2Fwp%2Fv2%2Fcomments&post=27602"}],"version-history":[{"count":7,"href":"https:\/\/geschichte-hautnah.de\/www\/index.php?rest_route=\/wp\/v2\/posts\/27602\/revisions"}],"predecessor-version":[{"id":27604,"href":"https:\/\/geschichte-hautnah.de\/www\/index.php?rest_route=\/wp\/v2\/posts\/27602\/revisions\/27604"}],"wp:attachment":[{"href":"https:\/\/geschichte-hautnah.de\/www\/index.php?rest_route=%2Fwp%2Fv2%2Fmedia&parent=27602"}],"wp:term":[{"taxonomy":"category","embeddable":true,"href":"https:\/\/geschichte-hautnah.de\/www\/index.php?rest_route=%2Fwp%2Fv2%2Fcategories&post=27602"},{"taxonomy":"post_tag","embeddable":true,"href":"https:\/\/geschichte-hautnah.de\/www\/index.php?rest_route=%2Fwp%2Fv2%2Ftags&post=27602"}],"curies":[{"name":"wp","href":"https:\/\/api.w.org\/{rel}","templated":true}]}}