{"id":27677,"date":"2026-02-12T00:00:41","date_gmt":"2026-02-11T23:00:41","guid":{"rendered":"https:\/\/geschichte-hautnah.de\/www\/?p=27677"},"modified":"2021-03-05T05:34:45","modified_gmt":"2021-03-05T04:34:45","slug":"die-maenner-des-ersten-weltkriegs-teil-2-825-johann-rothaichner","status":"publish","type":"post","link":"https:\/\/geschichte-hautnah.de\/www\/?p=27677","title":{"rendered":"Die M\u00e4nner des Ersten Weltkriegs \u2013 Teil 2.825: Johann Rothaichner"},"content":{"rendered":"<p>Der Soldat Johann Rothaichner (Verlustliste und Denkmal: Roth<span style=\"color: #ff0000;\"><strong>e<\/strong><\/span>ichner) stammte aus Gamsenberg, einem Ortsteil der bayerischen Gemeinde <a href=\"https:\/\/de.wikipedia.org\/wiki\/Rimbach_(Landkreis_Rottal-Inn)\" target=\"_blank\" rel=\"noopener\">Rimbach<\/a>, und war der Sohn eines Landwirts. Im Ersten Weltkrieg k\u00e4mpfte er als Reservist in der 11. Kompanie des 15. bayerischen Infanterie-Regiments. Am 20.10.1914 verstarb er w\u00e4hrend der Stellungsk\u00e4mpfe an der Somme nach einem Schuss in den R\u00fccken in der N\u00e4he von Dompierre im Alter von 25 Jahren in einem Feldlazarett in <a href=\"https:\/\/de.wikipedia.org\/wiki\/Flaucourt\" target=\"_blank\" rel=\"noopener\">Flaucourt<\/a>.<\/p>\n<p>Man begrub Johann Rothaichner auf dem Soldatenfriedhof <span data-sheets-value=\"{&quot;1&quot;:2,&quot;2&quot;:&quot;Rancourt&quot;}\" data-sheets-userformat=\"{&quot;2&quot;:1313281,&quot;3&quot;:{&quot;1&quot;:0},&quot;12&quot;:0,&quot;14&quot;:[null,2,1136076],&quot;21&quot;:1,&quot;23&quot;:1}\" data-sheets-hyperlink=\"https:\/\/de.wikipedia.org\/wiki\/Rancourt_(Somme)\"><a class=\"in-cell-link\" href=\"https:\/\/de.wikipedia.org\/wiki\/Rancourt_(Somme)\" target=\"_blank\" rel=\"noopener\">Rancourt<\/a><\/span> in Block 1, Grab 773.<\/p>\n<p>Seine Heimatgemeinde Rattenbach gedenkt Johann Rothaichner noch heute auf einem Denkmal: <a href=\"http:\/\/www.denkmalprojekt.org\/2009\/rimbach-rattenbach_wk1u2_bay.htm\" target=\"_blank\" rel=\"noopener\">http:\/\/www.denkmalprojekt.org\/2009\/rimbach-rattenbach_wk1u2_bay.htm<\/a><\/p>\n<figure id=\"attachment_27668\" aria-describedby=\"caption-attachment-27668\" style=\"width: 486px\" class=\"wp-caption aligncenter\"><img loading=\"lazy\" decoding=\"async\" class=\"size-full wp-image-27668\" src=\"https:\/\/geschichte-hautnah.de\/www\/wp-content\/uploads\/2021\/03\/Johann-Rothaichner-vorne.jpg\" alt=\"\" width=\"486\" height=\"800\" srcset=\"https:\/\/geschichte-hautnah.de\/www\/wp-content\/uploads\/2021\/03\/Johann-Rothaichner-vorne.jpg 486w, https:\/\/geschichte-hautnah.de\/www\/wp-content\/uploads\/2021\/03\/Johann-Rothaichner-vorne-182x300.jpg 182w\" sizes=\"auto, (max-width: 486px) 100vw, 486px\" \/><figcaption id=\"caption-attachment-27668\" class=\"wp-caption-text\">Sterbebild von Johann Rothaichner<\/figcaption><\/figure>\n<figure id=\"attachment_27667\" aria-describedby=\"caption-attachment-27667\" style=\"width: 486px\" class=\"wp-caption aligncenter\"><img loading=\"lazy\" decoding=\"async\" class=\"size-full wp-image-27667\" src=\"https:\/\/geschichte-hautnah.de\/www\/wp-content\/uploads\/2021\/03\/Johann-Rothaichner-hinten.jpg\" alt=\"\" width=\"486\" height=\"800\" srcset=\"https:\/\/geschichte-hautnah.de\/www\/wp-content\/uploads\/2021\/03\/Johann-Rothaichner-hinten.jpg 486w, https:\/\/geschichte-hautnah.de\/www\/wp-content\/uploads\/2021\/03\/Johann-Rothaichner-hinten-182x300.jpg 182w\" sizes=\"auto, (max-width: 486px) 100vw, 486px\" \/><figcaption id=\"caption-attachment-27667\" class=\"wp-caption-text\">R\u00fcckseite des Sterbebildes von Johann Rothaichner<\/figcaption><\/figure>\n","protected":false},"excerpt":{"rendered":"<p>Der Soldat Johann Rothaichner (Verlustliste und Denkmal: Rotheichner) stammte aus Gamsenberg, einem Ortsteil der bayerischen Gemeinde Rimbach, und war der Sohn eines Landwirts. Im Ersten Weltkrieg k\u00e4mpfte er als Reservist in der 11. Kompanie des 15. bayerischen Infanterie-Regiments. Am 20.10.1914 verstarb er w\u00e4hrend der Stellungsk\u00e4mpfe an der Somme nach einem Schuss in den R\u00fccken in [&hellip;]<\/p>\n","protected":false},"author":2,"featured_media":0,"comment_status":"closed","ping_status":"closed","sticky":false,"template":"","format":"standard","meta":{"footnotes":"","_wp_rev_ctl_limit":""},"categories":[2,8,1876,651],"tags":[519,1366,217,772,5617,36,7351,7353,325,7352,169,1675,476,631],"class_list":["post-27677","post","type-post","status-publish","format-standard","hentry","category-1-weltkrieg","category-sterbebilder","category-frankreich-1-weltkrieg","category-schlacht-an-der-somme","tag-15-bayerisches-infanterie-regiment","tag-bayern","tag-denkmal","tag-dompierre","tag-flaucourt","tag-frankreich","tag-gamsenberg","tag-lazarett-flaucourt","tag-rancourt","tag-rattenbach","tag-reservist","tag-rimbach","tag-rueckenschuss","tag-somme"],"_links":{"self":[{"href":"https:\/\/geschichte-hautnah.de\/www\/index.php?rest_route=\/wp\/v2\/posts\/27677","targetHints":{"allow":["GET"]}}],"collection":[{"href":"https:\/\/geschichte-hautnah.de\/www\/index.php?rest_route=\/wp\/v2\/posts"}],"about":[{"href":"https:\/\/geschichte-hautnah.de\/www\/index.php?rest_route=\/wp\/v2\/types\/post"}],"author":[{"embeddable":true,"href":"https:\/\/geschichte-hautnah.de\/www\/index.php?rest_route=\/wp\/v2\/users\/2"}],"replies":[{"embeddable":true,"href":"https:\/\/geschichte-hautnah.de\/www\/index.php?rest_route=%2Fwp%2Fv2%2Fcomments&post=27677"}],"version-history":[{"count":8,"href":"https:\/\/geschichte-hautnah.de\/www\/index.php?rest_route=\/wp\/v2\/posts\/27677\/revisions"}],"predecessor-version":[{"id":27685,"href":"https:\/\/geschichte-hautnah.de\/www\/index.php?rest_route=\/wp\/v2\/posts\/27677\/revisions\/27685"}],"wp:attachment":[{"href":"https:\/\/geschichte-hautnah.de\/www\/index.php?rest_route=%2Fwp%2Fv2%2Fmedia&parent=27677"}],"wp:term":[{"taxonomy":"category","embeddable":true,"href":"https:\/\/geschichte-hautnah.de\/www\/index.php?rest_route=%2Fwp%2Fv2%2Fcategories&post=27677"},{"taxonomy":"post_tag","embeddable":true,"href":"https:\/\/geschichte-hautnah.de\/www\/index.php?rest_route=%2Fwp%2Fv2%2Ftags&post=27677"}],"curies":[{"name":"wp","href":"https:\/\/api.w.org\/{rel}","templated":true}]}}