{"id":27802,"date":"2026-02-25T00:00:17","date_gmt":"2026-02-24T23:00:17","guid":{"rendered":"https:\/\/geschichte-hautnah.de\/www\/?p=27802"},"modified":"2021-03-12T18:33:18","modified_gmt":"2021-03-12T17:33:18","slug":"die-maenner-des-ersten-weltkriegs-teil-2-838-alois-heilmaier","status":"publish","type":"post","link":"https:\/\/geschichte-hautnah.de\/www\/?p=27802","title":{"rendered":"Die M\u00e4nner des Ersten Weltkriegs \u2013 Teil 2.838: Alois Heilmaier"},"content":{"rendered":"<p>Der Soldat Alois Heilmaier (Verlustliste: Heilmeier) wurde am 15.06.1892 in Radlkofen geboren, einem Ortsteil der bayerischen Gemeinde <a href=\"https:\/\/de.wikipedia.org\/wiki\/Mengkofen\" target=\"_blank\" rel=\"noopener\">Mengkofen<\/a>, und lebte und lebte zuletzt in Wendldorf.\u00a0Sein Vater war Tagel\u00f6hner (S\u00f6ldner). Im Ersten Weltkrieg diente er als Infanterist in der 1. Kompanie des 3. bayerischen Infanterie-Regiments. Am 24.09.1914 (Regimentsgeschichte: 26.09.1914) verstarb er nach schwerer Verwundung w\u00e4hrend der ersten K\u00e4mpfe bei Peronne und an der Somme im Alter von 22 Jahren im Lazarett <a href=\"https:\/\/de.wikipedia.org\/wiki\/March%C3%A9lepot\" target=\"_blank\" rel=\"noopener\">March\u00e9lepot<\/a>.<\/p>\n<p>\u00dcber den Tag seiner schweren Verwundung und seines Todes berichtet die Regimentsgeschichte des 3. bayerischen Infanterie-Regiments:<\/p>\n<blockquote><p><em>&#8222;In der Nacht zum 26.09. wurde die vordere Linie des Regiments (III.\/3. bayerisches Infanterie-Regiment) und I.\/3. bayerisches Infanterie-Regiment) wieder vorgeschoben bis in die Linie Ferme (westlich Fay) &#8211; Stra\u00dfe nach Foucaucourt (ausschlie\u00dflich), wo nach S\u00fcden 20. Infanterie-Regiment anschloss. Der Nebel beg\u00fcnstigte das Eingraben. Sp\u00e4ter aber kam heftiges Artilleriefeuer. Die Gruppen n\u00f6rdlich des Regiments zwischen Dompierre und Fay wurden etwas vorgeschoben.&#8220;<\/em><\/p><\/blockquote>\n<p>Die Lage des Grabes von Alois Heilmaier ist offiziell unbekannt. Ich vermute, dass er anonym in einem Massengrab auf dem Soldatenfriedhof <span data-sheets-value=\"{&quot;1&quot;:2,&quot;2&quot;:&quot;Manicourt&quot;}\" data-sheets-userformat=\"{&quot;2&quot;:1049089,&quot;3&quot;:{&quot;1&quot;:0},&quot;12&quot;:0,&quot;23&quot;:1}\" data-sheets-formula=\"=HYPERLINK(&quot;https:\/\/goo.gl\/maps\/bHuRdKB5E2v&quot;;&quot;Manicourt&quot;)\" data-sheets-hyperlink=\"https:\/\/goo.gl\/maps\/bHuRdKB5E2v\"><a class=\"in-cell-link\" href=\"https:\/\/goo.gl\/maps\/bHuRdKB5E2v\" target=\"_blank\" rel=\"noopener\">Manicourt<\/a><\/span> begraben wurde, wo man rund 3.000 deutsche Soldaten begrub, deren Identit\u00e4t ebenfalls unbekannt sind und die in dieser Region fielen.<\/p>\n<figure id=\"attachment_27796\" aria-describedby=\"caption-attachment-27796\" style=\"width: 478px\" class=\"wp-caption aligncenter\"><img loading=\"lazy\" decoding=\"async\" class=\"size-full wp-image-27796\" src=\"https:\/\/geschichte-hautnah.de\/www\/wp-content\/uploads\/2021\/03\/Alois-Heilmaier-vorne.jpg\" alt=\"\" width=\"478\" height=\"800\" srcset=\"https:\/\/geschichte-hautnah.de\/www\/wp-content\/uploads\/2021\/03\/Alois-Heilmaier-vorne.jpg 478w, https:\/\/geschichte-hautnah.de\/www\/wp-content\/uploads\/2021\/03\/Alois-Heilmaier-vorne-179x300.jpg 179w\" sizes=\"auto, (max-width: 478px) 100vw, 478px\" \/><figcaption id=\"caption-attachment-27796\" class=\"wp-caption-text\">Sterbebild von Alois Heilmaier<\/figcaption><\/figure>\n<figure id=\"attachment_27795\" aria-describedby=\"caption-attachment-27795\" style=\"width: 478px\" class=\"wp-caption aligncenter\"><img loading=\"lazy\" decoding=\"async\" class=\"size-full wp-image-27795\" src=\"https:\/\/geschichte-hautnah.de\/www\/wp-content\/uploads\/2021\/03\/Alois-Heilmaier-hinten.jpg\" alt=\"\" width=\"478\" height=\"800\" srcset=\"https:\/\/geschichte-hautnah.de\/www\/wp-content\/uploads\/2021\/03\/Alois-Heilmaier-hinten.jpg 478w, https:\/\/geschichte-hautnah.de\/www\/wp-content\/uploads\/2021\/03\/Alois-Heilmaier-hinten-179x300.jpg 179w\" sizes=\"auto, (max-width: 478px) 100vw, 478px\" \/><figcaption id=\"caption-attachment-27795\" class=\"wp-caption-text\">R\u00fcckseite des Sterbebildes von Alois Heilmaier<\/figcaption><\/figure>\n","protected":false},"excerpt":{"rendered":"<p>Der Soldat Alois Heilmaier (Verlustliste: Heilmeier) wurde am 15.06.1892 in Radlkofen geboren, einem Ortsteil der bayerischen Gemeinde Mengkofen, und lebte und lebte zuletzt in Wendldorf.\u00a0Sein Vater war Tagel\u00f6hner (S\u00f6ldner). Im Ersten Weltkrieg diente er als Infanterist in der 1. Kompanie des 3. bayerischen Infanterie-Regiments. Am 24.09.1914 (Regimentsgeschichte: 26.09.1914) verstarb er nach schwerer Verwundung w\u00e4hrend der [&hellip;]<\/p>\n","protected":false},"author":2,"featured_media":0,"comment_status":"closed","ping_status":"closed","sticky":false,"template":"","format":"standard","meta":{"footnotes":"","_wp_rev_ctl_limit":""},"categories":[2,8,1876,651],"tags":[1032,772,758,2767,5720,97,5623,2476,2475,416,4517,7383],"class_list":["post-27802","post","type-post","status-publish","format-standard","hentry","category-1-weltkrieg","category-sterbebilder","category-frankreich-1-weltkrieg","category-schlacht-an-der-somme","tag-3-bayerisches-infanterie-regiment","tag-dompierre","tag-fay","tag-fay-ferme","tag-foucaucourt","tag-infanterist","tag-lazarett-marchelepot","tag-mengkofen","tag-radlkofen","tag-soeldnerssohn","tag-tageloehnerssohn","tag-wendldorf"],"_links":{"self":[{"href":"https:\/\/geschichte-hautnah.de\/www\/index.php?rest_route=\/wp\/v2\/posts\/27802","targetHints":{"allow":["GET"]}}],"collection":[{"href":"https:\/\/geschichte-hautnah.de\/www\/index.php?rest_route=\/wp\/v2\/posts"}],"about":[{"href":"https:\/\/geschichte-hautnah.de\/www\/index.php?rest_route=\/wp\/v2\/types\/post"}],"author":[{"embeddable":true,"href":"https:\/\/geschichte-hautnah.de\/www\/index.php?rest_route=\/wp\/v2\/users\/2"}],"replies":[{"embeddable":true,"href":"https:\/\/geschichte-hautnah.de\/www\/index.php?rest_route=%2Fwp%2Fv2%2Fcomments&post=27802"}],"version-history":[{"count":8,"href":"https:\/\/geschichte-hautnah.de\/www\/index.php?rest_route=\/wp\/v2\/posts\/27802\/revisions"}],"predecessor-version":[{"id":27810,"href":"https:\/\/geschichte-hautnah.de\/www\/index.php?rest_route=\/wp\/v2\/posts\/27802\/revisions\/27810"}],"wp:attachment":[{"href":"https:\/\/geschichte-hautnah.de\/www\/index.php?rest_route=%2Fwp%2Fv2%2Fmedia&parent=27802"}],"wp:term":[{"taxonomy":"category","embeddable":true,"href":"https:\/\/geschichte-hautnah.de\/www\/index.php?rest_route=%2Fwp%2Fv2%2Fcategories&post=27802"},{"taxonomy":"post_tag","embeddable":true,"href":"https:\/\/geschichte-hautnah.de\/www\/index.php?rest_route=%2Fwp%2Fv2%2Ftags&post=27802"}],"curies":[{"name":"wp","href":"https:\/\/api.w.org\/{rel}","templated":true}]}}