{"id":28353,"date":"2026-04-28T00:00:05","date_gmt":"2026-04-27T22:00:05","guid":{"rendered":"https:\/\/geschichte-hautnah.de\/www\/?p=28353"},"modified":"2021-04-02T06:40:45","modified_gmt":"2021-04-02T04:40:45","slug":"die-maenner-des-ersten-weltkriegs-teil-2-900-franz-xaver-hoetzinger","status":"publish","type":"post","link":"https:\/\/geschichte-hautnah.de\/www\/?p=28353","title":{"rendered":"Die M\u00e4nner des Ersten Weltkriegs \u2013 Teil 2.900: Franz Xaver H\u00f6tzinger"},"content":{"rendered":"<p>Der Soldat Franz Xaver H\u00f6tzinger wurde am 31.12.1881 in Oberm\u00fchl, einem Ortsteil der bayerischen Gemeinde <a href=\"https:\/\/de.wikipedia.org\/wiki\/Babensham\" target=\"_blank\" rel=\"noopener\">Babensham<\/a>, geboren und lebte in Untereichenrott als Kleinbauer (G\u00fctler) Im Ersten Weltkrieg k\u00e4mpfte er als Infanterist in der 11. Kompanie des 18. bayerischen Reserve-Infanterie-Regiments. Am 26.10.1916 fiel er im Alter von 34 Jahren bei den Gebirgsk\u00e4mpfen am <a href=\"https:\/\/de.wikipedia.org\/wiki\/Roter-Turm-Pass\" target=\"_blank\" rel=\"noopener\">Rother-Thur-Pass<\/a>\u00a0in Rum\u00e4nien durch einen Kopfschuss.<\/p>\n<p>Die Lage des Grabes von Franz Xaver H\u00f6tzinger ist unbekannt. Es d\u00fcrfte nicht mehr existieren.<\/p>\n<figure id=\"attachment_28355\" aria-describedby=\"caption-attachment-28355\" style=\"width: 800px\" class=\"wp-caption aligncenter\"><img loading=\"lazy\" decoding=\"async\" class=\"size-full wp-image-28355\" src=\"https:\/\/geschichte-hautnah.de\/www\/wp-content\/uploads\/2021\/04\/Franz-Xaver-Hoetzinger-vorn-e.jpg\" alt=\"\" width=\"800\" height=\"635\" srcset=\"https:\/\/geschichte-hautnah.de\/www\/wp-content\/uploads\/2021\/04\/Franz-Xaver-Hoetzinger-vorn-e.jpg 800w, https:\/\/geschichte-hautnah.de\/www\/wp-content\/uploads\/2021\/04\/Franz-Xaver-Hoetzinger-vorn-e-300x238.jpg 300w, https:\/\/geschichte-hautnah.de\/www\/wp-content\/uploads\/2021\/04\/Franz-Xaver-Hoetzinger-vorn-e-768x610.jpg 768w\" sizes=\"auto, (max-width: 800px) 100vw, 800px\" \/><figcaption id=\"caption-attachment-28355\" class=\"wp-caption-text\">Sterbebild von Franz Xaver H\u00f6tzinger<\/figcaption><\/figure>\n<figure id=\"attachment_28354\" aria-describedby=\"caption-attachment-28354\" style=\"width: 800px\" class=\"wp-caption aligncenter\"><img loading=\"lazy\" decoding=\"async\" class=\"size-full wp-image-28354\" src=\"https:\/\/geschichte-hautnah.de\/www\/wp-content\/uploads\/2021\/04\/Franz-Xaver-Hoetzinger-hinten.jpg\" alt=\"\" width=\"800\" height=\"635\" srcset=\"https:\/\/geschichte-hautnah.de\/www\/wp-content\/uploads\/2021\/04\/Franz-Xaver-Hoetzinger-hinten.jpg 800w, https:\/\/geschichte-hautnah.de\/www\/wp-content\/uploads\/2021\/04\/Franz-Xaver-Hoetzinger-hinten-300x238.jpg 300w, https:\/\/geschichte-hautnah.de\/www\/wp-content\/uploads\/2021\/04\/Franz-Xaver-Hoetzinger-hinten-768x610.jpg 768w\" sizes=\"auto, (max-width: 800px) 100vw, 800px\" \/><figcaption id=\"caption-attachment-28354\" class=\"wp-caption-text\">R\u00fcckseite des Sterbebildes von Franz Xaver H\u00f6tzinger<\/figcaption><\/figure>\n","protected":false},"excerpt":{"rendered":"<p>Der Soldat Franz Xaver H\u00f6tzinger wurde am 31.12.1881 in Oberm\u00fchl, einem Ortsteil der bayerischen Gemeinde Babensham, geboren und lebte in Untereichenrott als Kleinbauer (G\u00fctler) Im Ersten Weltkrieg k\u00e4mpfte er als Infanterist in der 11. Kompanie des 18. bayerischen Reserve-Infanterie-Regiments. Am 26.10.1916 fiel er im Alter von 34 Jahren bei den Gebirgsk\u00e4mpfen am Rother-Thur-Pass\u00a0in Rum\u00e4nien durch [&hellip;]<\/p>\n","protected":false},"author":2,"featured_media":0,"comment_status":"closed","ping_status":"closed","sticky":false,"template":"","format":"standard","meta":{"footnotes":"","_wp_rev_ctl_limit":""},"categories":[2,8,1875],"tags":[239,95,1366,1802,1078,295,7463,2823,1879,99,7464],"class_list":["post-28353","post","type-post","status-publish","format-standard","hentry","category-1-weltkrieg","category-sterbebilder","category-rumaenien","tag-18-bayerisches-reserve-infanterie-regiment","tag-babensham","tag-bayern","tag-guetler","tag-kleinbauer","tag-kopfschuss","tag-obermuehl","tag-roter-turm-pass","tag-rumaenien","tag-unbekannte-grablage","tag-untereichenrott"],"_links":{"self":[{"href":"https:\/\/geschichte-hautnah.de\/www\/index.php?rest_route=\/wp\/v2\/posts\/28353","targetHints":{"allow":["GET"]}}],"collection":[{"href":"https:\/\/geschichte-hautnah.de\/www\/index.php?rest_route=\/wp\/v2\/posts"}],"about":[{"href":"https:\/\/geschichte-hautnah.de\/www\/index.php?rest_route=\/wp\/v2\/types\/post"}],"author":[{"embeddable":true,"href":"https:\/\/geschichte-hautnah.de\/www\/index.php?rest_route=\/wp\/v2\/users\/2"}],"replies":[{"embeddable":true,"href":"https:\/\/geschichte-hautnah.de\/www\/index.php?rest_route=%2Fwp%2Fv2%2Fcomments&post=28353"}],"version-history":[{"count":4,"href":"https:\/\/geschichte-hautnah.de\/www\/index.php?rest_route=\/wp\/v2\/posts\/28353\/revisions"}],"predecessor-version":[{"id":28359,"href":"https:\/\/geschichte-hautnah.de\/www\/index.php?rest_route=\/wp\/v2\/posts\/28353\/revisions\/28359"}],"wp:attachment":[{"href":"https:\/\/geschichte-hautnah.de\/www\/index.php?rest_route=%2Fwp%2Fv2%2Fmedia&parent=28353"}],"wp:term":[{"taxonomy":"category","embeddable":true,"href":"https:\/\/geschichte-hautnah.de\/www\/index.php?rest_route=%2Fwp%2Fv2%2Fcategories&post=28353"},{"taxonomy":"post_tag","embeddable":true,"href":"https:\/\/geschichte-hautnah.de\/www\/index.php?rest_route=%2Fwp%2Fv2%2Ftags&post=28353"}],"curies":[{"name":"wp","href":"https:\/\/api.w.org\/{rel}","templated":true}]}}