{"id":29500,"date":"2026-09-01T00:00:58","date_gmt":"2026-08-31T22:00:58","guid":{"rendered":"https:\/\/geschichte-hautnah.de\/www\/?p=29500"},"modified":"2021-05-06T05:49:29","modified_gmt":"2021-05-06T03:49:29","slug":"die-maenner-des-ersten-weltkriegs-teil-3-027-vinzenz-rauh","status":"publish","type":"post","link":"https:\/\/geschichte-hautnah.de\/www\/?p=29500","title":{"rendered":"Die M\u00e4nner des Ersten Weltkriegs \u2013 Teil 3.02: Vinzenz Rauh"},"content":{"rendered":"<p>Der Soldat Vinzenz Rauh wurde am 16.09.1897 in Ellmeney geboren, einem Weiler des Ortsteils Hofs, der Stadt <a href=\"https:\/\/de.wikipedia.org\/wiki\/Hofs_(Leutkirch_im_Allg%C3%A4u)\" target=\"_blank\" rel=\"noopener\">Leutkirchen im Allg\u00e4u<\/a> im heutigen Bundesland Baden-W\u00fcrttemberg. Sein Vater war Landwirt. Im Ersten Weltkrieg diente er als Sch\u00fctze in der 2. Maschinengewehr-Kompanie des 5. bayerischen Reserve-Infanterie-Regiment. Er wurde mit dem Eisernen Kreuz 2. Klasse ausgezeichnet. Seit dem 04.10.1917 wird er als in der <a href=\"https:\/\/de.wikipedia.org\/wiki\/Dritte_Flandernschlacht\" target=\"_blank\" rel=\"noopener\">Dritten Flandernschlacht<\/a> vermisst gemeldet. Er wurde 23 Jahre alt.<\/p>\n<p>Ich konnte keinerlei Unterlagen und Hinweise finden, die auf die Grablage von Vinzenz Rauh hindeuten k\u00f6nnten. Ich vermute, er wurde anonym in einem Massengrab auf einem der zahllosen Friedh\u00f6fe in Flandern begraben.<\/p>\n<p>Seine Heimatgemeinde Hofs gedenkt Vinzenz Rauh noch heute auf einem Denkmal: <a href=\"http:\/\/www.denkmalprojekt.org\/2019\/hofs_stadt_leutkirch_lk-ravensburg_bw.html\" target=\"_blank\" rel=\"noopener\">http:\/\/www.denkmalprojekt.org\/2019\/hofs_stadt_leutkirch_lk-ravensburg_bw.html<\/a><\/p>\n<figure id=\"attachment_29493\" aria-describedby=\"caption-attachment-29493\" style=\"width: 459px\" class=\"wp-caption aligncenter\"><img loading=\"lazy\" decoding=\"async\" class=\"size-full wp-image-29493\" src=\"https:\/\/geschichte-hautnah.de\/www\/wp-content\/uploads\/2021\/05\/Vinzenz-Rauh-vorne.jpg\" alt=\"\" width=\"459\" height=\"800\" srcset=\"https:\/\/geschichte-hautnah.de\/www\/wp-content\/uploads\/2021\/05\/Vinzenz-Rauh-vorne.jpg 459w, https:\/\/geschichte-hautnah.de\/www\/wp-content\/uploads\/2021\/05\/Vinzenz-Rauh-vorne-172x300.jpg 172w\" sizes=\"auto, (max-width: 459px) 100vw, 459px\" \/><figcaption id=\"caption-attachment-29493\" class=\"wp-caption-text\">Sterbebild von Vinzenz Rauh<\/figcaption><\/figure>\n<figure id=\"attachment_29492\" aria-describedby=\"caption-attachment-29492\" style=\"width: 459px\" class=\"wp-caption aligncenter\"><img loading=\"lazy\" decoding=\"async\" class=\"size-full wp-image-29492\" src=\"https:\/\/geschichte-hautnah.de\/www\/wp-content\/uploads\/2021\/05\/Vinzenz-Rauh-hinten.jpg\" alt=\"\" width=\"459\" height=\"800\" srcset=\"https:\/\/geschichte-hautnah.de\/www\/wp-content\/uploads\/2021\/05\/Vinzenz-Rauh-hinten.jpg 459w, https:\/\/geschichte-hautnah.de\/www\/wp-content\/uploads\/2021\/05\/Vinzenz-Rauh-hinten-172x300.jpg 172w\" sizes=\"auto, (max-width: 459px) 100vw, 459px\" \/><figcaption id=\"caption-attachment-29492\" class=\"wp-caption-text\">R\u00fcckseite des Sterbebildes von Vinzenz Rauh<\/figcaption><\/figure>\n","protected":false},"excerpt":{"rendered":"<p>Der Soldat Vinzenz Rauh wurde am 16.09.1897 in Ellmeney geboren, einem Weiler des Ortsteils Hofs, der Stadt Leutkirchen im Allg\u00e4u im heutigen Bundesland Baden-W\u00fcrttemberg. Sein Vater war Landwirt. Im Ersten Weltkrieg diente er als Sch\u00fctze in der 2. Maschinengewehr-Kompanie des 5. bayerischen Reserve-Infanterie-Regiment. Er wurde mit dem Eisernen Kreuz 2. Klasse ausgezeichnet. Seit dem 04.10.1917 [&hellip;]<\/p>\n","protected":false},"author":2,"featured_media":0,"comment_status":"closed","ping_status":"closed","sticky":false,"template":"","format":"standard","meta":{"footnotes":"","_wp_rev_ctl_limit":""},"categories":[2,8,1470,1876],"tags":[865,1378,302,217,112,7701,7702,4647,481,2950,7703,157,99,211],"class_list":["post-29500","post","type-post","status-publish","format-standard","hentry","category-1-weltkrieg","category-sterbebilder","category-dritte-flandernschlacht","category-frankreich-1-weltkrieg","tag-5-bayerisches-reserve-infanterie-regiment","tag-baden-wuerttemberg","tag-bauerssohn","tag-denkmal","tag-eisernes-kreuz-2-klasse","tag-ellmeney","tag-hofs","tag-leutkirch-im-allgaeu","tag-maschinengewehr-kompanie","tag-niederlande","tag-schlacht-in-flandern","tag-schuetze","tag-unbekannte-grablage","tag-vermisst"],"_links":{"self":[{"href":"https:\/\/geschichte-hautnah.de\/www\/index.php?rest_route=\/wp\/v2\/posts\/29500","targetHints":{"allow":["GET"]}}],"collection":[{"href":"https:\/\/geschichte-hautnah.de\/www\/index.php?rest_route=\/wp\/v2\/posts"}],"about":[{"href":"https:\/\/geschichte-hautnah.de\/www\/index.php?rest_route=\/wp\/v2\/types\/post"}],"author":[{"embeddable":true,"href":"https:\/\/geschichte-hautnah.de\/www\/index.php?rest_route=\/wp\/v2\/users\/2"}],"replies":[{"embeddable":true,"href":"https:\/\/geschichte-hautnah.de\/www\/index.php?rest_route=%2Fwp%2Fv2%2Fcomments&post=29500"}],"version-history":[{"count":7,"href":"https:\/\/geschichte-hautnah.de\/www\/index.php?rest_route=\/wp\/v2\/posts\/29500\/revisions"}],"predecessor-version":[{"id":29516,"href":"https:\/\/geschichte-hautnah.de\/www\/index.php?rest_route=\/wp\/v2\/posts\/29500\/revisions\/29516"}],"wp:attachment":[{"href":"https:\/\/geschichte-hautnah.de\/www\/index.php?rest_route=%2Fwp%2Fv2%2Fmedia&parent=29500"}],"wp:term":[{"taxonomy":"category","embeddable":true,"href":"https:\/\/geschichte-hautnah.de\/www\/index.php?rest_route=%2Fwp%2Fv2%2Fcategories&post=29500"},{"taxonomy":"post_tag","embeddable":true,"href":"https:\/\/geschichte-hautnah.de\/www\/index.php?rest_route=%2Fwp%2Fv2%2Ftags&post=29500"}],"curies":[{"name":"wp","href":"https:\/\/api.w.org\/{rel}","templated":true}]}}