{"id":3313,"date":"2018-08-03T06:00:06","date_gmt":"2018-08-03T04:00:06","guid":{"rendered":"http:\/\/geschichte-hautnah.de\/www\/?p=3313"},"modified":"2018-07-27T19:35:43","modified_gmt":"2018-07-27T17:35:43","slug":"die-maenner-des-ersten-weltkriegs-teil-229-erich-mathias-weinberger","status":"publish","type":"post","link":"https:\/\/geschichte-hautnah.de\/www\/?p=3313","title":{"rendered":"Die M\u00e4nner des Ersten Weltkriegs \u2013 Teil 229:  Erich Mathias Weinberger"},"content":{"rendered":"<p>Erich Mathias Weinberger wurde am\u00a0<span data-sheets-value=\"{&quot;1&quot;:3,&quot;3&quot;:9680}\" data-sheets-userformat=\"{&quot;2&quot;:577,&quot;3&quot;:[null,5,&quot;dd.MM.yyyy&quot;,1],&quot;9&quot;:1,&quot;12&quot;:0}\">02.07.1926 in <a href=\"https:\/\/goo.gl\/maps\/XawYnVGSHdF2\" target=\"_blank\" rel=\"noopener\">Schwindegg<\/a> geboren. Sein Vater war Landschaffner. Im Zweiten Weltkrieg diente Erich Mathias Weinberger als J\u00e4ger in einem Gebirgs-J\u00e4ger-Regiment. Am\u00a005.11.1944 verstarb er am Hauptverbandsplatz in\u00a0 Markirch (<a class=\"in-cell-link\" href=\"https:\/\/goo.gl\/maps\/iaaNf6puZKt\" target=\"_blank\" rel=\"noopener\">Ste.-Marie-aux-Mines<\/a>), nachdem er dort nach einem Granatvolltreffer eingeliefert worden war. Er wurde nur 18 Jahre alt.<\/span><\/p>\n<p>Die sterblichen \u00dcberreste von Erich Mathias Weinberger ruhen heute auf dem Soldatenfriedhof in\u00a0<span data-sheets-value=\"{&quot;1&quot;:2,&quot;2&quot;:&quot;Ste.-Marie-aux-Mines&quot;}\" data-sheets-userformat=\"{&quot;2&quot;:9452099,&quot;3&quot;:[null,0],&quot;4&quot;:[null,2,16777215],&quot;9&quot;:0,&quot;12&quot;:0,&quot;14&quot;:[null,2,4473924],&quot;15&quot;:&quot;Arial, Helvetica, sans-serif&quot;,&quot;16&quot;:10,&quot;23&quot;:1,&quot;26&quot;:400}\" data-sheets-formula=\"=HYPERLINK(&quot;https:\/\/goo.gl\/maps\/iaaNf6puZKt&quot;;&quot;Ste.-Marie-aux-Mines&quot;)\"><a class=\"in-cell-link\" href=\"https:\/\/goo.gl\/maps\/iaaNf6puZKt\" target=\"_blank\" rel=\"noopener\">Ste.-Marie-aux-Mines<\/a>,\u00a0Block 1 Grab 145.<\/span><\/p>\n<p>Zun\u00e4chst war er auf einem Soldatenfriedhof in\u00a0<a href=\"https:\/\/goo.gl\/maps\/o1qF1EGnVu42\" target=\"_blank\" rel=\"noopener\">Saint-Di\u00e9-des-Vosges<\/a> begraben worden, sp\u00e4ter jedoch umgebettet worden.<\/p>\n<p>Seine Heimatgemeinde gedenkt noch heute seiner auf einem Denkmal:<\/p>\n<p><a href=\"http:\/\/www.denkmalprojekt.org\/dkm_deutschland\/schwindegg_1870-71_wk1u2_bay.htm\" target=\"_blank\" rel=\"noopener\">http:\/\/www.denkmalprojekt.org\/dkm_deutschland\/schwindegg_1870-71_wk1u2_bay.htm<\/a><\/p>\n<figure id=\"attachment_3319\" aria-describedby=\"caption-attachment-3319\" style=\"width: 474px\" class=\"wp-caption aligncenter\"><a href=\"http:\/\/geschichte-hautnah.de\/www\/wp-content\/uploads\/2018\/07\/Erich_Weinberger_v.jpeg\"><img loading=\"lazy\" decoding=\"async\" class=\"wp-image-3319 size-full\" src=\"http:\/\/geschichte-hautnah.de\/www\/wp-content\/uploads\/2018\/07\/Erich_Weinberger_v.jpeg\" alt=\"\" width=\"474\" height=\"800\" srcset=\"https:\/\/geschichte-hautnah.de\/www\/wp-content\/uploads\/2018\/07\/Erich_Weinberger_v.jpeg 474w, https:\/\/geschichte-hautnah.de\/www\/wp-content\/uploads\/2018\/07\/Erich_Weinberger_v-178x300.jpeg 178w\" sizes=\"auto, (max-width: 474px) 100vw, 474px\" \/><\/a><figcaption id=\"caption-attachment-3319\" class=\"wp-caption-text\">Sterbebild von Erich Mathias Weinberger<\/figcaption><\/figure>\n<figure id=\"attachment_3320\" aria-describedby=\"caption-attachment-3320\" style=\"width: 474px\" class=\"wp-caption aligncenter\"><a href=\"http:\/\/geschichte-hautnah.de\/www\/wp-content\/uploads\/2018\/07\/Erich_Weinberger_h.jpeg\"><img loading=\"lazy\" decoding=\"async\" class=\"wp-image-3320 size-full\" src=\"http:\/\/geschichte-hautnah.de\/www\/wp-content\/uploads\/2018\/07\/Erich_Weinberger_h.jpeg\" alt=\"\" width=\"474\" height=\"800\" srcset=\"https:\/\/geschichte-hautnah.de\/www\/wp-content\/uploads\/2018\/07\/Erich_Weinberger_h.jpeg 474w, https:\/\/geschichte-hautnah.de\/www\/wp-content\/uploads\/2018\/07\/Erich_Weinberger_h-178x300.jpeg 178w\" sizes=\"auto, (max-width: 474px) 100vw, 474px\" \/><\/a><figcaption id=\"caption-attachment-3320\" class=\"wp-caption-text\">R\u00fcckseite des Sterbebildes von Erich Mathias Weinberger<\/figcaption><\/figure>\n<figure id=\"attachment_3314\" aria-describedby=\"caption-attachment-3314\" style=\"width: 450px\" class=\"wp-caption aligncenter\"><a href=\"http:\/\/geschichte-hautnah.de\/www\/wp-content\/uploads\/2018\/07\/Grabfoto-Erich-Weinberger.jpg\"><img loading=\"lazy\" decoding=\"async\" class=\"wp-image-3314 size-full\" src=\"http:\/\/geschichte-hautnah.de\/www\/wp-content\/uploads\/2018\/07\/Grabfoto-Erich-Weinberger.jpg\" alt=\"\" width=\"450\" height=\"800\" srcset=\"https:\/\/geschichte-hautnah.de\/www\/wp-content\/uploads\/2018\/07\/Grabfoto-Erich-Weinberger.jpg 450w, https:\/\/geschichte-hautnah.de\/www\/wp-content\/uploads\/2018\/07\/Grabfoto-Erich-Weinberger-169x300.jpg 169w\" sizes=\"auto, (max-width: 450px) 100vw, 450px\" \/><\/a><figcaption id=\"caption-attachment-3314\" class=\"wp-caption-text\">Das Grab von Erich Mathias Weinberger<\/figcaption><\/figure>\n<figure id=\"attachment_3315\" aria-describedby=\"caption-attachment-3315\" style=\"width: 488px\" class=\"wp-caption aligncenter\"><a href=\"http:\/\/geschichte-hautnah.de\/www\/wp-content\/uploads\/2018\/07\/Grabfoto-Erich-Weinberger-Gro\u00df.jpg\"><img loading=\"lazy\" decoding=\"async\" class=\"wp-image-3315 size-full\" src=\"http:\/\/geschichte-hautnah.de\/www\/wp-content\/uploads\/2018\/07\/Grabfoto-Erich-Weinberger-Gro\u00df.jpg\" alt=\"\" width=\"488\" height=\"800\" srcset=\"https:\/\/geschichte-hautnah.de\/www\/wp-content\/uploads\/2018\/07\/Grabfoto-Erich-Weinberger-Gro\u00df.jpg 488w, https:\/\/geschichte-hautnah.de\/www\/wp-content\/uploads\/2018\/07\/Grabfoto-Erich-Weinberger-Gro\u00df-183x300.jpg 183w\" sizes=\"auto, (max-width: 488px) 100vw, 488px\" \/><\/a><figcaption id=\"caption-attachment-3315\" class=\"wp-caption-text\">Das Grabkreuz von Erich Mathias Weinberger<\/figcaption><\/figure>\n<p>Der theoretische Weg von Erich Mathias Weinberger von seinem Heimatort \u00fcber seinen Sterbeort zu seinen Begr\u00e4bnisst\u00e4tten:<\/p>\n<p><iframe loading=\"lazy\" style=\"border: 0;\" src=\"https:\/\/www.google.com\/maps\/embed?pb=!1m34!1m12!1m3!1d1357707.3139992629!2d8.48230141095804!3d48.345685727648096!2m3!1f0!2f0!3f0!3m2!1i1024!2i768!4f13.1!4m19!3e2!4m5!1s0x4775f1194123ca59%3A0x41d25a40937a250!2sSchwindegg!3m2!1d48.2717107!2d12.2587988!4m5!1s0x4793ec251d1235e1%3A0x40a5fb99a3774e0!2s88100+Saint-Di%C3%A9-des-Vosges%2C+Frankreich!3m2!1d48.287467899999996!2d6.947767!4m5!1s0x4793e10eb52b960d%3A0x40a5fb99a392ed0!2sSainte-Marie-aux-Mines%2C+Frankreich!3m2!1d48.245717899999995!2d7.182224!5e0!3m2!1sde!2sde!4v1532712822494\" width=\"600\" height=\"450\" frameborder=\"0\" allowfullscreen=\"allowfullscreen\"><\/iframe><\/p>\n","protected":false},"excerpt":{"rendered":"<p>Erich Mathias Weinberger wurde am\u00a002.07.1926 in Schwindegg geboren. Sein Vater war Landschaffner. Im Zweiten Weltkrieg diente Erich Mathias Weinberger als J\u00e4ger in einem Gebirgs-J\u00e4ger-Regiment. Am\u00a005.11.1944 verstarb er am Hauptverbandsplatz in\u00a0 Markirch (Ste.-Marie-aux-Mines), nachdem er dort nach einem Granatvolltreffer eingeliefert worden war. Er wurde nur 18 Jahre alt. Die sterblichen \u00dcberreste von Erich Mathias Weinberger ruhen [&hellip;]<\/p>\n","protected":false},"author":2,"featured_media":0,"comment_status":"closed","ping_status":"closed","sticky":false,"template":"","format":"standard","meta":{"footnotes":"","_wp_rev_ctl_limit":""},"categories":[3,812,18],"tags":[217,840,516,841,233,839,381,838,604],"class_list":["post-3313","post","type-post","status-publish","format-standard","hentry","category-2-weltkrieg","category-frankreich","category-vogesenkampfe","tag-denkmal","tag-gebirgs-jaeger-regiment","tag-granattreffer","tag-hauptverbandsplatz","tag-jaeger","tag-landschaffnerssohn","tag-markirch","tag-schwindegg","tag-ste-marie-aux-mines"],"_links":{"self":[{"href":"https:\/\/geschichte-hautnah.de\/www\/index.php?rest_route=\/wp\/v2\/posts\/3313","targetHints":{"allow":["GET"]}}],"collection":[{"href":"https:\/\/geschichte-hautnah.de\/www\/index.php?rest_route=\/wp\/v2\/posts"}],"about":[{"href":"https:\/\/geschichte-hautnah.de\/www\/index.php?rest_route=\/wp\/v2\/types\/post"}],"author":[{"embeddable":true,"href":"https:\/\/geschichte-hautnah.de\/www\/index.php?rest_route=\/wp\/v2\/users\/2"}],"replies":[{"embeddable":true,"href":"https:\/\/geschichte-hautnah.de\/www\/index.php?rest_route=%2Fwp%2Fv2%2Fcomments&post=3313"}],"version-history":[{"count":6,"href":"https:\/\/geschichte-hautnah.de\/www\/index.php?rest_route=\/wp\/v2\/posts\/3313\/revisions"}],"predecessor-version":[{"id":3323,"href":"https:\/\/geschichte-hautnah.de\/www\/index.php?rest_route=\/wp\/v2\/posts\/3313\/revisions\/3323"}],"wp:attachment":[{"href":"https:\/\/geschichte-hautnah.de\/www\/index.php?rest_route=%2Fwp%2Fv2%2Fmedia&parent=3313"}],"wp:term":[{"taxonomy":"category","embeddable":true,"href":"https:\/\/geschichte-hautnah.de\/www\/index.php?rest_route=%2Fwp%2Fv2%2Fcategories&post=3313"},{"taxonomy":"post_tag","embeddable":true,"href":"https:\/\/geschichte-hautnah.de\/www\/index.php?rest_route=%2Fwp%2Fv2%2Ftags&post=3313"}],"curies":[{"name":"wp","href":"https:\/\/api.w.org\/{rel}","templated":true}]}}