{"id":3528,"date":"2018-08-29T06:00:14","date_gmt":"2018-08-29T04:00:14","guid":{"rendered":"http:\/\/geschichte-hautnah.de\/www\/?p=3528"},"modified":"2018-07-30T18:55:43","modified_gmt":"2018-07-30T16:55:43","slug":"die-maenner-des-ersten-weltkriegs-teil-255-johann-hinterbichler","status":"publish","type":"post","link":"https:\/\/geschichte-hautnah.de\/www\/?p=3528","title":{"rendered":"Die M\u00e4nner des Ersten Weltkriegs \u2013 Teil 255: Johann Hinterbichler"},"content":{"rendered":"<p>Johann Hinterbichler stammte aus <a href=\"https:\/\/goo.gl\/maps\/nXcUKgJyz9P2\" target=\"_blank\" rel=\"noopener\">Bad T\u00f6lz<\/a> und war Braugehilfe bei der <a href=\"http:\/\/www.klammerbraeu.de\/\" target=\"_blank\" rel=\"noopener\">Brauerei Klammerbr\u00e4u<\/a> (heute nur noch ein Hotel). Im Ersten Weltkrieg k\u00e4mpfte er als Landwehrmann in der 1. Kompanie des 12. bayerisches Landwehr-Infanterie-Regiment. Am 28.02.1916 fiel er durch Granatbeschuss nach 19 monatigem Kriegsdienst im Alter von 33 Jahren in den Vogesen.<\/p>\n<p>Die sterblichen \u00dcberreste von Johann Hinterbichler ruhen auf dem Soldatenfriedhof <span data-sheets-value=\"{&quot;1&quot;:2,&quot;2&quot;:&quot;Hohrod&quot;}\" data-sheets-userformat=\"{&quot;2&quot;:1049089,&quot;3&quot;:[null,0],&quot;12&quot;:0,&quot;23&quot;:1}\" data-sheets-formula=\"=HYPERLINK(&quot;https:\/\/www.google.de\/maps\/place\/La+n%C3%A9cropole+allemande+du+Linge+Hohrod\/@48.0789162,7.1419617,494m\/data=!3m1!1e3!4m12!1m6!3m5!1s0x4793d8d8db925e89:0xba92ac4cb3276849!2sLinge+Memorial!8m2!3d48.083526!4d7.140328!3m4!1s0x4793d8ddb8ffffff:0xf865918dce0a94d2!8m2!3d48.0789042!4d7.1443239&quot;;&quot;Hohrod&quot;)\"><a class=\"in-cell-link\" href=\"https:\/\/www.google.de\/maps\/place\/La+n%C3%A9cropole+allemande+du+Linge+Hohrod\/@48.0789162,7.1419617,494m\/data=!3m1!1e3!4m12!1m6!3m5!1s0x4793d8d8db925e89:0xba92ac4cb3276849!2sLinge+Memorial!8m2!3d48.083526!4d7.140328!3m4!1s0x4793d8ddb8ffffff:0xf865918dce0a94d2!8m2!3d48.0789042!4d7.1443239\" target=\"_blank\" rel=\"noopener\">Hohrod<\/a>,<\/span> Block 3, Grab 225.<\/p>\n<figure id=\"attachment_3529\" aria-describedby=\"caption-attachment-3529\" style=\"width: 521px\" class=\"wp-caption aligncenter\"><a href=\"http:\/\/geschichte-hautnah.de\/www\/wp-content\/uploads\/2018\/07\/Johann_Hinterbichler_v.jpeg\"><img loading=\"lazy\" decoding=\"async\" class=\"wp-image-3529 size-full\" src=\"http:\/\/geschichte-hautnah.de\/www\/wp-content\/uploads\/2018\/07\/Johann_Hinterbichler_v.jpeg\" alt=\"\" width=\"521\" height=\"800\" srcset=\"https:\/\/geschichte-hautnah.de\/www\/wp-content\/uploads\/2018\/07\/Johann_Hinterbichler_v.jpeg 521w, https:\/\/geschichte-hautnah.de\/www\/wp-content\/uploads\/2018\/07\/Johann_Hinterbichler_v-195x300.jpeg 195w\" sizes=\"auto, (max-width: 521px) 100vw, 521px\" \/><\/a><figcaption id=\"caption-attachment-3529\" class=\"wp-caption-text\">Sterbebild von Johann Hinterbichler<\/figcaption><\/figure>\n<figure id=\"attachment_3530\" aria-describedby=\"caption-attachment-3530\" style=\"width: 521px\" class=\"wp-caption aligncenter\"><a href=\"http:\/\/geschichte-hautnah.de\/www\/wp-content\/uploads\/2018\/07\/Johann_Hinterbichler_h.jpeg\"><img loading=\"lazy\" decoding=\"async\" class=\"wp-image-3530 size-full\" src=\"http:\/\/geschichte-hautnah.de\/www\/wp-content\/uploads\/2018\/07\/Johann_Hinterbichler_h.jpeg\" alt=\"\" width=\"521\" height=\"800\" srcset=\"https:\/\/geschichte-hautnah.de\/www\/wp-content\/uploads\/2018\/07\/Johann_Hinterbichler_h.jpeg 521w, https:\/\/geschichte-hautnah.de\/www\/wp-content\/uploads\/2018\/07\/Johann_Hinterbichler_h-195x300.jpeg 195w\" sizes=\"auto, (max-width: 521px) 100vw, 521px\" \/><\/a><figcaption id=\"caption-attachment-3530\" class=\"wp-caption-text\">R\u00fcckseite des Sterbebildes von Johann Hinterbichler<\/figcaption><\/figure>\n<p>&nbsp;<\/p>\n<p>Der theoretische Weg Johann Hinterbichlers von seinem Heimatort zu seinem Grab:<\/p>\n<p><iframe loading=\"lazy\" style=\"border: 0;\" src=\"https:\/\/www.google.com\/maps\/embed?pb=!1m28!1m12!1m3!1d1370187.268982764!2d8.222601088660253!3d47.87548091643087!2m3!1f0!2f0!3f0!3m2!1i1024!2i768!4f13.1!4m13!3e2!4m5!1s0x479d94490fd26e55%3A0x5f031a0b2eb1fdc0!2sBad+T%C3%B6lz%2C+83646!3m2!1d47.761473699999996!2d11.565152399999999!4m5!1s0x4793d8fe10f3101b%3A0x40a5fb99a393870!2sHohrod%2C+Frankreich!3m2!1d48.054162999999996!2d7.125013999999999!5e0!3m2!1sde!2sde!4v1532968059998\" width=\"600\" height=\"450\" frameborder=\"0\" allowfullscreen=\"allowfullscreen\"><\/iframe><\/p>\n","protected":false},"excerpt":{"rendered":"<p>Johann Hinterbichler stammte aus Bad T\u00f6lz und war Braugehilfe bei der Brauerei Klammerbr\u00e4u (heute nur noch ein Hotel). Im Ersten Weltkrieg k\u00e4mpfte er als Landwehrmann in der 1. Kompanie des 12. bayerisches Landwehr-Infanterie-Regiment. Am 28.02.1916 fiel er durch Granatbeschuss nach 19 monatigem Kriegsdienst im Alter von 33 Jahren in den Vogesen. Die sterblichen \u00dcberreste von [&hellip;]<\/p>\n","protected":false},"author":2,"featured_media":0,"comment_status":"closed","ping_status":"closed","sticky":false,"template":"","format":"standard","meta":{"footnotes":"","_wp_rev_ctl_limit":""},"categories":[8,18],"tags":[957,958,955,189,91,956,287,82],"class_list":["post-3528","post","type-post","status-publish","format-standard","hentry","category-sterbebilder","category-vogesenkampfe","tag-12-bayerisches-landwehr-infanterie-regiment","tag-bad-toelz","tag-braugehilfe","tag-granatbeschuss","tag-hohrod","tag-klammerbraeu","tag-landwehrmann","tag-vogesen"],"_links":{"self":[{"href":"https:\/\/geschichte-hautnah.de\/www\/index.php?rest_route=\/wp\/v2\/posts\/3528","targetHints":{"allow":["GET"]}}],"collection":[{"href":"https:\/\/geschichte-hautnah.de\/www\/index.php?rest_route=\/wp\/v2\/posts"}],"about":[{"href":"https:\/\/geschichte-hautnah.de\/www\/index.php?rest_route=\/wp\/v2\/types\/post"}],"author":[{"embeddable":true,"href":"https:\/\/geschichte-hautnah.de\/www\/index.php?rest_route=\/wp\/v2\/users\/2"}],"replies":[{"embeddable":true,"href":"https:\/\/geschichte-hautnah.de\/www\/index.php?rest_route=%2Fwp%2Fv2%2Fcomments&post=3528"}],"version-history":[{"count":3,"href":"https:\/\/geschichte-hautnah.de\/www\/index.php?rest_route=\/wp\/v2\/posts\/3528\/revisions"}],"predecessor-version":[{"id":3533,"href":"https:\/\/geschichte-hautnah.de\/www\/index.php?rest_route=\/wp\/v2\/posts\/3528\/revisions\/3533"}],"wp:attachment":[{"href":"https:\/\/geschichte-hautnah.de\/www\/index.php?rest_route=%2Fwp%2Fv2%2Fmedia&parent=3528"}],"wp:term":[{"taxonomy":"category","embeddable":true,"href":"https:\/\/geschichte-hautnah.de\/www\/index.php?rest_route=%2Fwp%2Fv2%2Fcategories&post=3528"},{"taxonomy":"post_tag","embeddable":true,"href":"https:\/\/geschichte-hautnah.de\/www\/index.php?rest_route=%2Fwp%2Fv2%2Ftags&post=3528"}],"curies":[{"name":"wp","href":"https:\/\/api.w.org\/{rel}","templated":true}]}}