{"id":3647,"date":"2018-09-08T06:00:35","date_gmt":"2018-09-08T04:00:35","guid":{"rendered":"http:\/\/geschichte-hautnah.de\/www\/?p=3647"},"modified":"2018-08-02T16:32:21","modified_gmt":"2018-08-02T14:32:21","slug":"die-maenner-des-ersten-weltkriegs-teil-265-hermann-bien","status":"publish","type":"post","link":"https:\/\/geschichte-hautnah.de\/www\/?p=3647","title":{"rendered":"Die M\u00e4nner des Ersten Weltkriegs \u2013 Teil 265: Hermann Bien"},"content":{"rendered":"<p>Hermann Bien wurde am 01.04.1902 in <a href=\"https:\/\/goo.gl\/maps\/bgoDvfCTGfz\" target=\"_blank\" rel=\"noopener\">Minden in Westfalen<\/a> geboren. In <a href=\"https:\/\/goo.gl\/maps\/VWW2ZmTGo4F2\" target=\"_blank\" rel=\"noopener\">Pr\u00fcm<\/a> wurde er zum Lehrer ausgebildet und arbeitete in seinem Beruf von 1926 bis zu seiner Einberufung in den Zweiten Weltkrieg in <a href=\"https:\/\/goo.gl\/maps\/jpJmTqeKt7u\" target=\"_blank\" rel=\"noopener\">V\u00f6lklingen<\/a>. Er baute die Stadtb\u00fccherei auf und leitete sie f\u00fcnf Jahre lang.<\/p>\n<p>Im Zweiten Weltkrieg diente er als Leutnant und Bataillons-Adjutant in einem Grenadier-Regiment. Er wurde mit dem Kriegsverdienstkreuz mit Schwertern ausgezeichnet.<\/p>\n<p>Am 05.02.1944 wurde er\u00a0<span data-sheets-value=\"{&quot;1&quot;:2,&quot;2&quot;:&quot;bei Kol. Grabina s\u00fcdw. Rowno&quot;}\" data-sheets-userformat=\"{&quot;2&quot;:513,&quot;3&quot;:[null,0],&quot;12&quot;:0}\">bei Kol. Grabina s\u00fcdw. Rowno<\/span> von einer russischen Granate getroffen.<\/p>\n<p>Hermann Bien wurde von seinen Kameraden in einem Wald in der N\u00e4he von Rowno begraben. Dort liegt er noch heute begraben, da der Volksbund seine Gebeine bislang noch nicht auf einen Soldatenfriedhof \u00fcberf\u00fchren konnte.<\/p>\n<figure id=\"attachment_3640\" aria-describedby=\"caption-attachment-3640\" style=\"width: 800px\" class=\"wp-caption aligncenter\"><img loading=\"lazy\" decoding=\"async\" class=\"wp-image-3640 size-full\" src=\"http:\/\/geschichte-hautnah.de\/www\/wp-content\/uploads\/2018\/08\/Hermann_Bien_v.jpeg\" alt=\"\" width=\"800\" height=\"582\" srcset=\"https:\/\/geschichte-hautnah.de\/www\/wp-content\/uploads\/2018\/08\/Hermann_Bien_v.jpeg 800w, https:\/\/geschichte-hautnah.de\/www\/wp-content\/uploads\/2018\/08\/Hermann_Bien_v-300x218.jpeg 300w, https:\/\/geschichte-hautnah.de\/www\/wp-content\/uploads\/2018\/08\/Hermann_Bien_v-768x559.jpeg 768w\" sizes=\"auto, (max-width: 800px) 100vw, 800px\" \/><figcaption id=\"caption-attachment-3640\" class=\"wp-caption-text\">Vorderseite des Sterbebildes von Hermann Bien<\/figcaption><\/figure>\n<figure id=\"attachment_3639\" aria-describedby=\"caption-attachment-3639\" style=\"width: 800px\" class=\"wp-caption aligncenter\"><img loading=\"lazy\" decoding=\"async\" class=\"wp-image-3639 size-full\" src=\"http:\/\/geschichte-hautnah.de\/www\/wp-content\/uploads\/2018\/08\/Hermann_Bien_h.jpeg\" alt=\"\" width=\"800\" height=\"582\" srcset=\"https:\/\/geschichte-hautnah.de\/www\/wp-content\/uploads\/2018\/08\/Hermann_Bien_h.jpeg 800w, https:\/\/geschichte-hautnah.de\/www\/wp-content\/uploads\/2018\/08\/Hermann_Bien_h-300x218.jpeg 300w, https:\/\/geschichte-hautnah.de\/www\/wp-content\/uploads\/2018\/08\/Hermann_Bien_h-768x559.jpeg 768w\" sizes=\"auto, (max-width: 800px) 100vw, 800px\" \/><figcaption id=\"caption-attachment-3639\" class=\"wp-caption-text\">R\u00fcckseite des Sterbebildes von Hermann Bien<\/figcaption><\/figure>\n","protected":false},"excerpt":{"rendered":"<p>Hermann Bien wurde am 01.04.1902 in Minden in Westfalen geboren. In Pr\u00fcm wurde er zum Lehrer ausgebildet und arbeitete in seinem Beruf von 1926 bis zu seiner Einberufung in den Zweiten Weltkrieg in V\u00f6lklingen. Er baute die Stadtb\u00fccherei auf und leitete sie f\u00fcnf Jahre lang. Im Zweiten Weltkrieg diente er als Leutnant und Bataillons-Adjutant in [&hellip;]<\/p>\n","protected":false},"author":2,"featured_media":0,"comment_status":"closed","ping_status":"closed","sticky":false,"template":"","format":"standard","meta":{"footnotes":"","_wp_rev_ctl_limit":""},"categories":[3,788],"tags":[995,999,997,996,565,992,991,993,998,99,994],"class_list":["post-3647","post","type-post","status-publish","format-standard","hentry","category-2-weltkrieg","category-ostfront","tag-bateillons-adjutant","tag-bergung","tag-grabina","tag-kriegsverdienstkreuz-mit-schwertern","tag-leutnant","tag-minden-in-westfalen","tag-ostfront","tag-pruem","tag-rowno","tag-unbekannte-grablage","tag-voelklingen"],"_links":{"self":[{"href":"https:\/\/geschichte-hautnah.de\/www\/index.php?rest_route=\/wp\/v2\/posts\/3647","targetHints":{"allow":["GET"]}}],"collection":[{"href":"https:\/\/geschichte-hautnah.de\/www\/index.php?rest_route=\/wp\/v2\/posts"}],"about":[{"href":"https:\/\/geschichte-hautnah.de\/www\/index.php?rest_route=\/wp\/v2\/types\/post"}],"author":[{"embeddable":true,"href":"https:\/\/geschichte-hautnah.de\/www\/index.php?rest_route=\/wp\/v2\/users\/2"}],"replies":[{"embeddable":true,"href":"https:\/\/geschichte-hautnah.de\/www\/index.php?rest_route=%2Fwp%2Fv2%2Fcomments&post=3647"}],"version-history":[{"count":3,"href":"https:\/\/geschichte-hautnah.de\/www\/index.php?rest_route=\/wp\/v2\/posts\/3647\/revisions"}],"predecessor-version":[{"id":3650,"href":"https:\/\/geschichte-hautnah.de\/www\/index.php?rest_route=\/wp\/v2\/posts\/3647\/revisions\/3650"}],"wp:attachment":[{"href":"https:\/\/geschichte-hautnah.de\/www\/index.php?rest_route=%2Fwp%2Fv2%2Fmedia&parent=3647"}],"wp:term":[{"taxonomy":"category","embeddable":true,"href":"https:\/\/geschichte-hautnah.de\/www\/index.php?rest_route=%2Fwp%2Fv2%2Fcategories&post=3647"},{"taxonomy":"post_tag","embeddable":true,"href":"https:\/\/geschichte-hautnah.de\/www\/index.php?rest_route=%2Fwp%2Fv2%2Ftags&post=3647"}],"curies":[{"name":"wp","href":"https:\/\/api.w.org\/{rel}","templated":true}]}}