{"id":3709,"date":"2018-09-16T06:00:05","date_gmt":"2018-09-16T04:00:05","guid":{"rendered":"http:\/\/geschichte-hautnah.de\/www\/?p=3709"},"modified":"2025-01-04T03:47:25","modified_gmt":"2025-01-04T02:47:25","slug":"die-maenner-des-ersten-weltkriegs-teil-271-joseph-baumann","status":"publish","type":"post","link":"https:\/\/geschichte-hautnah.de\/www\/?p=3709","title":{"rendered":"Die M\u00e4nner des Ersten Weltkriegs \u2013 Teil 271: Joseph Baumann"},"content":{"rendered":"<p>Der Landwirt Joseph Baumann Stammte aus Anzenberg. Er lebte in Dinding, einem Ortsteil von <a href=\"https:\/\/goo.gl\/maps\/G5DWER4j6HB2\" target=\"_blank\" rel=\"noopener\">Rott am Inn<\/a>. Im Ersten Weltkrieg k\u00e4mpfte er in der 4. Kompanie des 2. Landwehr-Infanterie-Regiments. Sein Rang war Wehrmann. Am 19.08.1914 wird er im Alter von 33 bei <a href=\"https:\/\/maps.app.goo.gl\/iCS1atDBC9fA7tGk6\" target=\"_blank\" rel=\"noopener\">Giragoutte<\/a> im Kampf get\u00f6tet. Zun\u00e4chst war den Angeh\u00f6rigen mitgeteilt worden, dass er als vermisst galt.<\/p>\n<p>Die sterblichen \u00dcberreste von Joseph Baumann wurden auf dem Soldatenfriedhof <span data-sheets-value=\"{&quot;1&quot;:2,&quot;2&quot;:&quot;Hohrod&quot;}\" data-sheets-userformat=\"{&quot;2&quot;:1049089,&quot;3&quot;:[null,0],&quot;12&quot;:0,&quot;23&quot;:1}\" data-sheets-formula=\"=HYPERLINK(&quot;https:\/\/www.google.de\/maps\/place\/La+n%C3%A9cropole+allemande+du+Linge+Hohrod\/@48.0789162,7.1419617,494m\/data=!3m1!1e3!4m12!1m6!3m5!1s0x4793d8d8db925e89:0xba92ac4cb3276849!2sLinge+Memorial!8m2!3d48.083526!4d7.140328!3m4!1s0x4793d8ddb8ffffff:0xf865918dce0a94d2!8m2!3d48.0789042!4d7.1443239&quot;;&quot;Hohrod&quot;)\"><a class=\"in-cell-link\" href=\"https:\/\/www.google.de\/maps\/place\/La+n%C3%A9cropole+allemande+du+Linge+Hohrod\/@48.0789162,7.1419617,494m\/data=!3m1!1e3!4m12!1m6!3m5!1s0x4793d8d8db925e89:0xba92ac4cb3276849!2sLinge+Memorial!8m2!3d48.083526!4d7.140328!3m4!1s0x4793d8ddb8ffffff:0xf865918dce0a94d2!8m2!3d48.0789042!4d7.1443239\" target=\"_blank\" rel=\"noopener\">Hohrod<\/a><\/span> in einem Massengrab begraben.<\/p>\n<figure id=\"attachment_3713\" aria-describedby=\"caption-attachment-3713\" style=\"width: 800px\" class=\"wp-caption aligncenter\"><img loading=\"lazy\" decoding=\"async\" class=\"wp-image-3713 size-full\" src=\"http:\/\/geschichte-hautnah.de\/www\/wp-content\/uploads\/2018\/08\/Joseph_Baumann_v.jpeg\" alt=\"\" width=\"800\" height=\"625\" srcset=\"https:\/\/geschichte-hautnah.de\/www\/wp-content\/uploads\/2018\/08\/Joseph_Baumann_v.jpeg 800w, https:\/\/geschichte-hautnah.de\/www\/wp-content\/uploads\/2018\/08\/Joseph_Baumann_v-300x234.jpeg 300w, https:\/\/geschichte-hautnah.de\/www\/wp-content\/uploads\/2018\/08\/Joseph_Baumann_v-768x600.jpeg 768w\" sizes=\"auto, (max-width: 800px) 100vw, 800px\" \/><figcaption id=\"caption-attachment-3713\" class=\"wp-caption-text\">Sterbebild von Joseph Baumann<\/figcaption><\/figure>\n<figure id=\"attachment_3712\" aria-describedby=\"caption-attachment-3712\" style=\"width: 800px\" class=\"wp-caption aligncenter\"><img loading=\"lazy\" decoding=\"async\" class=\"wp-image-3712 size-full\" src=\"http:\/\/geschichte-hautnah.de\/www\/wp-content\/uploads\/2018\/08\/Joseph_Baumann_h.jpeg\" alt=\"\" width=\"800\" height=\"625\" srcset=\"https:\/\/geschichte-hautnah.de\/www\/wp-content\/uploads\/2018\/08\/Joseph_Baumann_h.jpeg 800w, https:\/\/geschichte-hautnah.de\/www\/wp-content\/uploads\/2018\/08\/Joseph_Baumann_h-300x234.jpeg 300w, https:\/\/geschichte-hautnah.de\/www\/wp-content\/uploads\/2018\/08\/Joseph_Baumann_h-768x600.jpeg 768w\" sizes=\"auto, (max-width: 800px) 100vw, 800px\" \/><figcaption id=\"caption-attachment-3712\" class=\"wp-caption-text\">R\u00fcckseite des Sterbebildes von Joseph Baumann<\/figcaption><\/figure>\n<p>&nbsp;<\/p>\n","protected":false},"excerpt":{"rendered":"<p>Der Landwirt Joseph Baumann Stammte aus Anzenberg. Er lebte in Dinding, einem Ortsteil von Rott am Inn. Im Ersten Weltkrieg k\u00e4mpfte er in der 4. Kompanie des 2. Landwehr-Infanterie-Regiments. Sein Rang war Wehrmann. Am 19.08.1914 wird er im Alter von 33 bei Giragoutte im Kampf get\u00f6tet. Zun\u00e4chst war den Angeh\u00f6rigen mitgeteilt worden, dass er als [&hellip;]<\/p>\n","protected":false},"author":2,"featured_media":0,"comment_status":"closed","ping_status":"closed","sticky":false,"template":"","format":"standard","meta":{"footnotes":"","_wp_rev_ctl_limit":""},"categories":[2,8,13918,1876,13917,18],"tags":[434,1025,1026,33,6443,12154,2288,92,1027,1028,211,82,968],"class_list":["post-3709","post","type-post","status-publish","format-standard","hentry","category-1-weltkrieg","category-sterbebilder","category-elsass","category-frankreich-1-weltkrieg","category-grand-est","category-vogesenkampfe","tag-2-landwehr-infanterie-regiment","tag-anzenberg","tag-dinding","tag-elsass","tag-giragoutte","tag-grand-est","tag-labaroche","tag-massengrab","tag-rott-am-inn","tag-unbekannter-ort","tag-vermisst","tag-vogesen","tag-wehrmann"],"_links":{"self":[{"href":"https:\/\/geschichte-hautnah.de\/www\/index.php?rest_route=\/wp\/v2\/posts\/3709","targetHints":{"allow":["GET"]}}],"collection":[{"href":"https:\/\/geschichte-hautnah.de\/www\/index.php?rest_route=\/wp\/v2\/posts"}],"about":[{"href":"https:\/\/geschichte-hautnah.de\/www\/index.php?rest_route=\/wp\/v2\/types\/post"}],"author":[{"embeddable":true,"href":"https:\/\/geschichte-hautnah.de\/www\/index.php?rest_route=\/wp\/v2\/users\/2"}],"replies":[{"embeddable":true,"href":"https:\/\/geschichte-hautnah.de\/www\/index.php?rest_route=%2Fwp%2Fv2%2Fcomments&post=3709"}],"version-history":[{"count":3,"href":"https:\/\/geschichte-hautnah.de\/www\/index.php?rest_route=\/wp\/v2\/posts\/3709\/revisions"}],"predecessor-version":[{"id":63151,"href":"https:\/\/geschichte-hautnah.de\/www\/index.php?rest_route=\/wp\/v2\/posts\/3709\/revisions\/63151"}],"wp:attachment":[{"href":"https:\/\/geschichte-hautnah.de\/www\/index.php?rest_route=%2Fwp%2Fv2%2Fmedia&parent=3709"}],"wp:term":[{"taxonomy":"category","embeddable":true,"href":"https:\/\/geschichte-hautnah.de\/www\/index.php?rest_route=%2Fwp%2Fv2%2Fcategories&post=3709"},{"taxonomy":"post_tag","embeddable":true,"href":"https:\/\/geschichte-hautnah.de\/www\/index.php?rest_route=%2Fwp%2Fv2%2Ftags&post=3709"}],"curies":[{"name":"wp","href":"https:\/\/api.w.org\/{rel}","templated":true}]}}