{"id":4296,"date":"2018-11-17T06:00:29","date_gmt":"2018-11-17T05:00:29","guid":{"rendered":"http:\/\/geschichte-hautnah.de\/www\/?p=4296"},"modified":"2018-08-29T15:11:23","modified_gmt":"2018-08-29T13:11:23","slug":"die-maenner-des-ersten-weltkriegs-teil-329-friedrich-weber","status":"publish","type":"post","link":"https:\/\/geschichte-hautnah.de\/www\/?p=4296","title":{"rendered":"Die M\u00e4nner des Ersten Weltkriegs \u2013 Teil 329: Friedrich Weber"},"content":{"rendered":"<p>Der Musiker Friedrich Weber wurde am 20.08.1893 in <a href=\"https:\/\/goo.gl\/maps\/Xpiye6oNsbm\" target=\"_blank\" rel=\"noopener\">Birnbrunn<\/a>, einem Ortsteil der Gemeinde <a href=\"https:\/\/de.wikipedia.org\/wiki\/Traitsching\" target=\"_blank\" rel=\"noopener\">Traitschin<\/a>, geboren. Im Ersten Weltkrieg diente er als Gefreiter im 23. Reserve-Infanterie-Regiment (3. Kompanie). Am 19.02.1915 wurde er im Alter von 21 Jahren am <a href=\"http:\/\/geschichte-hautnah.de\/www\/?page_id=2361\" target=\"_blank\" rel=\"noopener\">Barrenkopf<\/a> bei M\u00fcnster (Elsass) w\u00e4hrend der K\u00e4mpfe in den Vogesen get\u00f6tet.<\/p>\n<p><span data-sheets-value=\"{&quot;1&quot;:2,&quot;2&quot;:&quot;Haguenau&quot;}\" data-sheets-userformat=\"{&quot;2&quot;:1049089,&quot;3&quot;:[null,0],&quot;12&quot;:0,&quot;23&quot;:1}\" data-sheets-formula=\"=HYPERLINK(&quot;https:\/\/goo.gl\/maps\/nR9CRtJ1gky&quot;;&quot;Haguenau&quot;)\">Die Gebeine sind auf dem Soldatenfriedhof\u00a0<a class=\"in-cell-link\" href=\"https:\/\/goo.gl\/maps\/nR9CRtJ1gky\" target=\"_blank\" rel=\"noopener\">Haguenau<\/a>\u00a0in\u00a0<\/span>Grab 148 beigesetzt worden.<\/p>\n<figure id=\"attachment_4295\" aria-describedby=\"caption-attachment-4295\" style=\"width: 479px\" class=\"wp-caption aligncenter\"><img loading=\"lazy\" decoding=\"async\" class=\"wp-image-4295 size-full\" src=\"http:\/\/geschichte-hautnah.de\/www\/wp-content\/uploads\/2018\/08\/Friedrich_Weber_v.jpeg\" alt=\"\" width=\"479\" height=\"800\" srcset=\"https:\/\/geschichte-hautnah.de\/www\/wp-content\/uploads\/2018\/08\/Friedrich_Weber_v.jpeg 479w, https:\/\/geschichte-hautnah.de\/www\/wp-content\/uploads\/2018\/08\/Friedrich_Weber_v-180x300.jpeg 180w\" sizes=\"auto, (max-width: 479px) 100vw, 479px\" \/><figcaption id=\"caption-attachment-4295\" class=\"wp-caption-text\">Sterbebild von Friedrich Weber<\/figcaption><\/figure>\n<figure id=\"attachment_4294\" aria-describedby=\"caption-attachment-4294\" style=\"width: 479px\" class=\"wp-caption aligncenter\"><img loading=\"lazy\" decoding=\"async\" class=\"wp-image-4294 size-full\" src=\"http:\/\/geschichte-hautnah.de\/www\/wp-content\/uploads\/2018\/08\/Friedrich_Weber_h.jpeg\" alt=\"\" width=\"479\" height=\"800\" srcset=\"https:\/\/geschichte-hautnah.de\/www\/wp-content\/uploads\/2018\/08\/Friedrich_Weber_h.jpeg 479w, https:\/\/geschichte-hautnah.de\/www\/wp-content\/uploads\/2018\/08\/Friedrich_Weber_h-180x300.jpeg 180w\" sizes=\"auto, (max-width: 479px) 100vw, 479px\" \/><figcaption id=\"caption-attachment-4294\" class=\"wp-caption-text\">R\u00fcckseite des Sterbebildes von Friedrich Weber<\/figcaption><\/figure>\n<p>&nbsp;<\/p>\n<p>Der theoretische Weg von Friedrich Weber von seiner Heimatgemeinde \u00fcber seinen Sterbeort zu seinem Grab:<\/p>\n<p><iframe loading=\"lazy\" style=\"border: 0;\" src=\"https:\/\/www.google.com\/maps\/embed?pb=!1m34!1m12!1m3!1d1351612.5983912498!2d8.798383464182598!3d48.57407010590188!2m3!1f0!2f0!3f0!3m2!1i1024!2i768!4f13.1!4m19!3e2!4m5!1s0x47755adfc5f29d93%3A0xa1d25a6760e4c00!2sBirnbrunn%2C+93455+Traitsching!3m2!1d49.114531199999995!2d12.701748!4m5!1s0x4793d84da40a6e35%3A0x40a5fb99a393340!2sMunster%2C+Frankreich!3m2!1d48.041385!2d7.137154!4m5!1s0x4796ead8d20fa469%3A0xa655202112adb97a!2sHaguenau%2C+Frankreich!3m2!1d48.813288!2d7.79125!5e0!3m2!1sde!2sde!4v1535548123168\" width=\"600\" height=\"450\" frameborder=\"0\" allowfullscreen=\"allowfullscreen\"><\/iframe><\/p>\n","protected":false},"excerpt":{"rendered":"<p>Der Musiker Friedrich Weber wurde am 20.08.1893 in Birnbrunn, einem Ortsteil der Gemeinde Traitschin, geboren. Im Ersten Weltkrieg diente er als Gefreiter im 23. Reserve-Infanterie-Regiment (3. Kompanie). Am 19.02.1915 wurde er im Alter von 21 Jahren am Barrenkopf bei M\u00fcnster (Elsass) w\u00e4hrend der K\u00e4mpfe in den Vogesen get\u00f6tet. Die Gebeine sind auf dem Soldatenfriedhof\u00a0Haguenau\u00a0in\u00a0Grab 148 [&hellip;]<\/p>\n","protected":false},"author":2,"featured_media":0,"comment_status":"closed","ping_status":"closed","sticky":false,"template":"","format":"standard","meta":{"footnotes":"","_wp_rev_ctl_limit":""},"categories":[2,8,18],"tags":[362,421,1222,153,1225,402,1224,1223],"class_list":["post-4296","post","type-post","status-publish","format-standard","hentry","category-1-weltkrieg","category-sterbebilder","category-vogesenkampfe","tag-23-reserve-infanterie-regiment","tag-barrenkopf","tag-birnbrunn","tag-gefreiter","tag-haguenau","tag-muenster-elsass","tag-musiker","tag-traitsching"],"_links":{"self":[{"href":"https:\/\/geschichte-hautnah.de\/www\/index.php?rest_route=\/wp\/v2\/posts\/4296","targetHints":{"allow":["GET"]}}],"collection":[{"href":"https:\/\/geschichte-hautnah.de\/www\/index.php?rest_route=\/wp\/v2\/posts"}],"about":[{"href":"https:\/\/geschichte-hautnah.de\/www\/index.php?rest_route=\/wp\/v2\/types\/post"}],"author":[{"embeddable":true,"href":"https:\/\/geschichte-hautnah.de\/www\/index.php?rest_route=\/wp\/v2\/users\/2"}],"replies":[{"embeddable":true,"href":"https:\/\/geschichte-hautnah.de\/www\/index.php?rest_route=%2Fwp%2Fv2%2Fcomments&post=4296"}],"version-history":[{"count":4,"href":"https:\/\/geschichte-hautnah.de\/www\/index.php?rest_route=\/wp\/v2\/posts\/4296\/revisions"}],"predecessor-version":[{"id":4300,"href":"https:\/\/geschichte-hautnah.de\/www\/index.php?rest_route=\/wp\/v2\/posts\/4296\/revisions\/4300"}],"wp:attachment":[{"href":"https:\/\/geschichte-hautnah.de\/www\/index.php?rest_route=%2Fwp%2Fv2%2Fmedia&parent=4296"}],"wp:term":[{"taxonomy":"category","embeddable":true,"href":"https:\/\/geschichte-hautnah.de\/www\/index.php?rest_route=%2Fwp%2Fv2%2Fcategories&post=4296"},{"taxonomy":"post_tag","embeddable":true,"href":"https:\/\/geschichte-hautnah.de\/www\/index.php?rest_route=%2Fwp%2Fv2%2Ftags&post=4296"}],"curies":[{"name":"wp","href":"https:\/\/api.w.org\/{rel}","templated":true}]}}