{"id":44397,"date":"2023-02-21T12:00:14","date_gmt":"2023-02-21T11:00:14","guid":{"rendered":"https:\/\/geschichte-hautnah.de\/www\/?p=44397"},"modified":"2023-02-05T17:28:59","modified_gmt":"2023-02-05T16:28:59","slug":"die-maenner-des-ersten-weltkriegs-sonderbeitrag-kurt-thimm","status":"publish","type":"post","link":"https:\/\/geschichte-hautnah.de\/www\/?p=44397","title":{"rendered":"Die M\u00e4nner des Ersten Weltkriegs \u2013 Sonderbeitrag: Kurt Thimm"},"content":{"rendered":"<p>Der Soldat Kurt Thimm stammte aus <a href=\"https:\/\/goo.gl\/maps\/AbWHUTC6YeZVK7xKA\" target=\"_blank\" rel=\"noopener\">Ottlotschin<\/a> (seit 1945 polnisch: Ot\u0142oczyn) im ehemaligen Landkreis Thorn. Im Ersten Weltkrieg k\u00e4mpfte er als Leutnant der Landwehr als Kompanief\u00fchrer in der 5. Kompanie des 93. Infanterie-Regiments. Er wurde mit dem Eisernen Kreuz 2. Klasse ausgezeichnet. Am 26.09.1915 fiel er w\u00e4hrend der Herbstschlacht bei La Bass\u00e9e und Arras (25.09. &#8211; 13.10.1915) bei <a href=\"https:\/\/de.wikipedia.org\/wiki\/Loos-en-Gohelle\" target=\"_blank\" rel=\"noopener\">Loos-en-Gohelle<\/a>.<\/p>\n<p>\u00dcber den Todestag und die Todesumst\u00e4nde von Kurt Thimm berichtet die Regimentsgeschichte des 93. Infanterie-Regiments:<\/p>\n<blockquote><p><em>&#8222;Nachdem die Bataillone kurze Zeit geruht hatten, traten sie gegen 2 Uhr vormittags zu dem befohlenen Angriff an. II.\/93 in der Reihenfolge 7, 5, 6, 8, mit 100 Metern Abstand von Zug zu Zug, marschierte zun\u00e4chst auf der Chaussee nach La Bass\u00e9e vor, bis der Anfang den Fu\u00dfpunkt der H\u00f6he 70 erreicht hatte. Dort angekommen, entwickelte sich das Bataillon zu beiden Seiten der tief eingeschnittenen Stra\u00dfe, 7 und 5\/93 in vorderer, 6 und 8\/93 in zweiter Linie. 5\/93 hatte Anschluss an das I. Bataillon zu nehmen. Rechts war Anschluss an das Infanterie-Regiment 153. Das I. Bataillon, auf dem aus Cite St. Laurent auf Loos f\u00fchrenden Wege vormarschierend, erreichte 2.30 Uhr vormittags den Schnittpunkt mit der Eisenbahn und entwickelte sich von hier mit der 2. und 4. Kompanie in vorderer, der 1. und 3. Kompanie in zweiter Linie. 2\/93 hatte Anschluss an das II. Bataillon zu nehmen, 4\/93 l\u00e4ngs des Weges vorzugehen. 4.30 Uhr vormittags treten die Bataillone, nachdem \u00fcberall die Anschl\u00fcsse hergestellt sind, zum Angriff an. Nachdem die von Teilen der Regimenter 26, 27, 22 und 178 besetzte vorderste Linie \u00fcberschritten ist, schl\u00e4gt den Bataillonen heftiges Infanterie- und Maschinengewehr-Feuer entgegen. Sprungweise gehen die vorderen Kompanien jetzt weiter vor, die hinteren Kompanien folgen zugweise mit gro\u00dfen Zwischenr\u00e4umen. Die Verluste mehren sich st\u00e4ndig. Etwa 150 Meter nach \u00dcberschreiten der vorderen Linie kommt der Angriff zum Stehen, trotzdem die Bataillone die Kompanien der zweiten Linie auch restlos eingesetzt haben. Ein weiteres Vorw\u00e4rtskommen ist ohne gr\u00fcndliche Artillerievorbereitung vollkommen unm\u00f6glich, die Bataillone sind gezwungen, sich einzugraben. Allm\u00e4hlich f\u00e4ngt es an zu d\u00e4mmern, aber dichter Nebel beg\u00fcnstigt zun\u00e4chst noch das Halten der gewonnenen Linie. Sowie sich jedoch dieser verzogen hat, setzt auf das Gel\u00e4nde hinter dem rechten Fl\u00fcgel des Regiments und die H\u00f6he 70 \u00fcberw\u00e4ltigendes Artilleriefeuer ein und die Engl\u00e4nder, die Verst\u00e4rkungen erhalten haben, gehen auf der ganzen Linie zum Angriff vor. Hier wurde der Kommandeur des II. Bataillons, Hauptmann Ribbentropp, schwer verwundet, w\u00e4hrend sein Adjutant, Leutnant der Landwehr K\u00f6nig, fiel. Im Allgemeinen wird der Angriff abgeschlagen, nur auf dem linken Fl\u00fcgel gelingt es einer Sturmabteilung, in unsere Linie einzubrechen. Die 11. und 12. Kompanie waren inzwischen vom Regiment zur Unterst\u00fctzung des Angriffs vorgezogen worden, und zwar folgte die 11. Kompanie und ein Zug der 12. dem II., zwei Z\u00fcge der 12. Kompanie dem I. Bataillon. Diese beiden Z\u00fcge unter Leutnant der Landwehr Krause waren gerade rechtzeitig eingetroffen, um den beim I. Bataillon eingedrungenen Feind durch forschen Gegenangriff wieder zur\u00fcckzuwerfen. Bis 2 Uhr nachmittags erf\u00e4hrt die Lage keine Ver\u00e4nderung, der Feind wagt keinen zweiten Angriff. Da versuchen Teile des Regiments 153 n\u00f6rdlich von H\u00f6he 70 zum Angriff vorzugehen, dem sich der rechte Fl\u00fcgel des Regiments anschlie\u00dft. In dem m\u00f6rderischen feindlichen Abwehrfeuer wird die Bewegung jedoch bald zum Stillstand gebracht, die vollkommen durcheinandergeratenen Verb\u00e4nde werden in die Ausgangsstellungen zur\u00fcckgenommen und soweit wie m\u00f6glich neu geordnet. Die gesamte Linie des Regiments wird in zwei Abschnitte eingeteilt: den rechten Teil \u00fcbernimmt Hauptmann von Th\u00fcmen (II und Teile des III\/93), den linken Rittmeister der Reserve Hoffmann (I und Teile des III\/93). Im Abschnitt Hauptmann von Th\u00fcmen hatte die Infanterie-Pionier-Kompanie im Anschluss an Infanterie-Regiment 153 die H\u00f6he 70 besetzt, die allm\u00e4hlich zu einem beherrschenden St\u00fctzpunkt ausgebaut wurde. Daran anschlie\u00dfend lag eine Kompanie des Infanterie-Regiments 106, dann Kompanie Steinberg, Kitzinger, Courtois und Vizefeldwebel Meister. Der Abschnitt Hoffmann schloss mit der Kompanie Krause hieran an, es folgte die 1. und 2. Kompanie unter Leutnant der Reserve Gebser, 11\/27, 4\/93 unter Leutnant der Reserve Sannemann und 3\/93 unter Oberleutnant von Monteton, der tags\u00fcber mit etwa 30 Mann seiner Kompanie dicht vor der feindlichen Stellung gelegen hatte und erst mit Einbruch der Dunkelheit in die H\u00f6he der anderen Kompanien zur\u00fcckgehen konnte. An seine Kompanie, die mit dem linken Fl\u00fcgel an dem Wege St. Eduard-Loos lag, schloss das Infanterie-Regiment 27 an. Die Nacht verlief ruhig, auf beiden Seiten entwickelte sich eifrige Schanzt\u00e4tigkeit.&#8220;<\/em><\/p><\/blockquote>\n<p>Die Lage des Grabes von Kurt Thimm ist unbekannt.<\/p>\n<figure id=\"attachment_43684\" aria-describedby=\"caption-attachment-43684\" style=\"width: 489px\" class=\"wp-caption aligncenter\"><img loading=\"lazy\" decoding=\"async\" class=\"size-full wp-image-43684\" src=\"https:\/\/geschichte-hautnah.de\/www\/wp-content\/uploads\/2023\/01\/Sammelanzeige-Vossische-Zeitung-04.06.1916.jpg\" alt=\"\" width=\"489\" height=\"691\" srcset=\"https:\/\/geschichte-hautnah.de\/www\/wp-content\/uploads\/2023\/01\/Sammelanzeige-Vossische-Zeitung-04.06.1916.jpg 489w, https:\/\/geschichte-hautnah.de\/www\/wp-content\/uploads\/2023\/01\/Sammelanzeige-Vossische-Zeitung-04.06.1916-212x300.jpg 212w\" sizes=\"auto, (max-width: 489px) 100vw, 489px\" \/><figcaption id=\"caption-attachment-43684\" class=\"wp-caption-text\">Todesanzeige der Commerz- und Disconto-Bank f\u00fcr Kurt Thimm<\/figcaption><\/figure>\n","protected":false},"excerpt":{"rendered":"<p>Der Soldat Kurt Thimm stammte aus Ottlotschin (seit 1945 polnisch: Ot\u0142oczyn) im ehemaligen Landkreis Thorn. Im Ersten Weltkrieg k\u00e4mpfte er als Leutnant der Landwehr als Kompanief\u00fchrer in der 5. Kompanie des 93. Infanterie-Regiments. Er wurde mit dem Eisernen Kreuz 2. Klasse ausgezeichnet. Am 26.09.1915 fiel er w\u00e4hrend der Herbstschlacht bei La Bass\u00e9e und Arras (25.09. [&hellip;]<\/p>\n","protected":false},"author":2,"featured_media":0,"comment_status":"closed","ping_status":"closed","sticky":false,"template":"","format":"standard","meta":{"footnotes":"","_wp_rev_ctl_limit":""},"categories":[2,448,8,1876],"tags":[11117,112,8687,566,2588,1439,3395,11114,11115,2017,11116,99],"class_list":["post-44397","post","type-post","status-publish","format-standard","hentry","category-1-weltkrieg","category-arras","category-sterbebilder","category-frankreich-1-weltkrieg","tag-93-infanterie-regiment","tag-eisernes-kreuz-2-klasse","tag-herbstschlacht-bei-la-bassee-und-arras","tag-kompaniefuehrer","tag-leutnant-der-landwehr","tag-loos","tag-loos-en-gohelle","tag-otloczyn","tag-ottlotschin","tag-polen","tag-thorn","tag-unbekannte-grablage"],"_links":{"self":[{"href":"https:\/\/geschichte-hautnah.de\/www\/index.php?rest_route=\/wp\/v2\/posts\/44397","targetHints":{"allow":["GET"]}}],"collection":[{"href":"https:\/\/geschichte-hautnah.de\/www\/index.php?rest_route=\/wp\/v2\/posts"}],"about":[{"href":"https:\/\/geschichte-hautnah.de\/www\/index.php?rest_route=\/wp\/v2\/types\/post"}],"author":[{"embeddable":true,"href":"https:\/\/geschichte-hautnah.de\/www\/index.php?rest_route=\/wp\/v2\/users\/2"}],"replies":[{"embeddable":true,"href":"https:\/\/geschichte-hautnah.de\/www\/index.php?rest_route=%2Fwp%2Fv2%2Fcomments&post=44397"}],"version-history":[{"count":3,"href":"https:\/\/geschichte-hautnah.de\/www\/index.php?rest_route=\/wp\/v2\/posts\/44397\/revisions"}],"predecessor-version":[{"id":44404,"href":"https:\/\/geschichte-hautnah.de\/www\/index.php?rest_route=\/wp\/v2\/posts\/44397\/revisions\/44404"}],"wp:attachment":[{"href":"https:\/\/geschichte-hautnah.de\/www\/index.php?rest_route=%2Fwp%2Fv2%2Fmedia&parent=44397"}],"wp:term":[{"taxonomy":"category","embeddable":true,"href":"https:\/\/geschichte-hautnah.de\/www\/index.php?rest_route=%2Fwp%2Fv2%2Fcategories&post=44397"},{"taxonomy":"post_tag","embeddable":true,"href":"https:\/\/geschichte-hautnah.de\/www\/index.php?rest_route=%2Fwp%2Fv2%2Ftags&post=44397"}],"curies":[{"name":"wp","href":"https:\/\/api.w.org\/{rel}","templated":true}]}}