{"id":45239,"date":"2023-03-09T12:00:46","date_gmt":"2023-03-09T11:00:46","guid":{"rendered":"https:\/\/geschichte-hautnah.de\/www\/?p=45239"},"modified":"2023-03-09T07:21:28","modified_gmt":"2023-03-09T06:21:28","slug":"die-andere-seite-der-front-emile-amable-balland","status":"publish","type":"post","link":"https:\/\/geschichte-hautnah.de\/www\/?p=45239","title":{"rendered":"Die andere Seite der Front: \u00c9mile-Amable Balland"},"content":{"rendered":"<p>Heute m\u00f6chte ich einen Blick auf die andere Seite der Vogesen-Front werfen und das Schicksal eines franz\u00f6sischen Soldaten vorstellen:<\/p>\n<p>\u00c9mile-Amable Balland wurde am 22. Juli 1895 in <a href=\"https:\/\/de.wikipedia.org\/wiki\/Villacourt\" target=\"_blank\" rel=\"noopener\">Villacourt<\/a> in Meurthe-et-Moselle geboren. Er lebte mit seinen Eltern in <a href=\"https:\/\/de.wikipedia.org\/wiki\/Bayon_(Meurthe-et-Moselle)\" target=\"_blank\" rel=\"noopener\">Bayon<\/a>. Sein Vater arbeitete als Maurer.<\/p>\n<p>Mobilisiert schloss er sich dem 120. Bataillon J\u00e4ger zu Fu\u00df an und war im Lager von <a href=\"https:\/\/de.wikipedia.org\/wiki\/Mailly-le-Camp\" target=\"_blank\" rel=\"noopener\">Mailly<\/a> (Aube) stationiert. Von Januar bis Juli 1915 schrieb er regelm\u00e4\u00dfig an seine Eltern.<\/p>\n<p>Im Sommer 1915 versuchte der franz\u00f6sische Generalstab die Front zu durchbrechen, indem er die H\u00f6hen des Vogesenmassivs umging. Im Linge-Sektor scheiterte die Offensive nach schweren K\u00e4mpfen und die Front erstarrte. \u00c9mile-Amable Balland wurde im Alter von nur zwanzig Jahren am 27. Juli 1915 in Lingekopf (Elsass) get\u00f6tet.<\/p>\n<figure id=\"attachment_45241\" aria-describedby=\"caption-attachment-45241\" style=\"width: 800px\" class=\"wp-caption aligncenter\"><img loading=\"lazy\" decoding=\"async\" class=\"size-full wp-image-45241\" src=\"https:\/\/geschichte-hautnah.de\/www\/wp-content\/uploads\/2023\/03\/Ballard.jpeg\" alt=\"\" width=\"800\" height=\"1346\" srcset=\"https:\/\/geschichte-hautnah.de\/www\/wp-content\/uploads\/2023\/03\/Ballard.jpeg 800w, https:\/\/geschichte-hautnah.de\/www\/wp-content\/uploads\/2023\/03\/Ballard-178x300.jpeg 178w, https:\/\/geschichte-hautnah.de\/www\/wp-content\/uploads\/2023\/03\/Ballard-475x800.jpeg 475w, https:\/\/geschichte-hautnah.de\/www\/wp-content\/uploads\/2023\/03\/Ballard-768x1292.jpeg 768w\" sizes=\"auto, (max-width: 800px) 100vw, 800px\" \/><figcaption id=\"caption-attachment-45241\" class=\"wp-caption-text\">Der Soldat \u00c9mile-Amable Balland<br \/>FRAM &#8211; Amable Balland (1895-1915) &#8211; 1914 &#8211; Europeana 1914-1918, Europe &#8211; CC BY-SA.<br \/><a href=\"https:\/\/www.europeana.eu\/item\/2020601\/https___1914_1918_europeana_eu_contributions_12313\" target=\"_blank\" rel=\"noopener\">https:\/\/www.europeana.eu\/item\/2020601\/https___1914_1918_europeana_eu_contributions_12313<\/a><\/figcaption><\/figure>\n","protected":false},"excerpt":{"rendered":"<p>Heute m\u00f6chte ich einen Blick auf die andere Seite der Vogesen-Front werfen und das Schicksal eines franz\u00f6sischen Soldaten vorstellen: \u00c9mile-Amable Balland wurde am 22. Juli 1895 in Villacourt in Meurthe-et-Moselle geboren. Er lebte mit seinen Eltern in Bayon. Sein Vater arbeitete als Maurer. Mobilisiert schloss er sich dem 120. Bataillon J\u00e4ger zu Fu\u00df an und [&hellip;]<\/p>\n","protected":false},"author":2,"featured_media":0,"comment_status":"closed","ping_status":"closed","sticky":false,"template":"","format":"standard","meta":{"footnotes":"","_wp_rev_ctl_limit":""},"categories":[2,8,1876,18],"tags":[11360,11358,33,6471,11361,61,8326,7415,11359,82],"class_list":["post-45239","post","type-post","status-publish","format-standard","hentry","category-1-weltkrieg","category-sterbebilder","category-frankreich-1-weltkrieg","category-vogesenkampfe","tag-120-jaeger-bataillon-zu-fuss","tag-bayon","tag-elsass","tag-franzose","tag-linge","tag-lingekopf","tag-mailly","tag-maurersohn","tag-villacourt","tag-vogesen"],"_links":{"self":[{"href":"https:\/\/geschichte-hautnah.de\/www\/index.php?rest_route=\/wp\/v2\/posts\/45239","targetHints":{"allow":["GET"]}}],"collection":[{"href":"https:\/\/geschichte-hautnah.de\/www\/index.php?rest_route=\/wp\/v2\/posts"}],"about":[{"href":"https:\/\/geschichte-hautnah.de\/www\/index.php?rest_route=\/wp\/v2\/types\/post"}],"author":[{"embeddable":true,"href":"https:\/\/geschichte-hautnah.de\/www\/index.php?rest_route=\/wp\/v2\/users\/2"}],"replies":[{"embeddable":true,"href":"https:\/\/geschichte-hautnah.de\/www\/index.php?rest_route=%2Fwp%2Fv2%2Fcomments&post=45239"}],"version-history":[{"count":3,"href":"https:\/\/geschichte-hautnah.de\/www\/index.php?rest_route=\/wp\/v2\/posts\/45239\/revisions"}],"predecessor-version":[{"id":45245,"href":"https:\/\/geschichte-hautnah.de\/www\/index.php?rest_route=\/wp\/v2\/posts\/45239\/revisions\/45245"}],"wp:attachment":[{"href":"https:\/\/geschichte-hautnah.de\/www\/index.php?rest_route=%2Fwp%2Fv2%2Fmedia&parent=45239"}],"wp:term":[{"taxonomy":"category","embeddable":true,"href":"https:\/\/geschichte-hautnah.de\/www\/index.php?rest_route=%2Fwp%2Fv2%2Fcategories&post=45239"},{"taxonomy":"post_tag","embeddable":true,"href":"https:\/\/geschichte-hautnah.de\/www\/index.php?rest_route=%2Fwp%2Fv2%2Ftags&post=45239"}],"curies":[{"name":"wp","href":"https:\/\/api.w.org\/{rel}","templated":true}]}}