{"id":45672,"date":"2023-03-18T18:00:46","date_gmt":"2023-03-18T17:00:46","guid":{"rendered":"https:\/\/geschichte-hautnah.de\/www\/?p=45672"},"modified":"2023-03-31T15:08:21","modified_gmt":"2023-03-31T13:08:21","slug":"sonderbeitrag-paul-einicke-das-gefecht-bei-treckkopje","status":"publish","type":"post","link":"https:\/\/geschichte-hautnah.de\/www\/?p=45672","title":{"rendered":"Sonderbeitrag: Paul Einicke"},"content":{"rendered":"<p>Der Soldat Paul Einicke wurde am 04.03.1886 in <a href=\"https:\/\/de.wikipedia.org\/wiki\/Lennep\" target=\"_blank\" rel=\"noopener\">Lennep<\/a> geboren, heute ein Stadtteil von <a href=\"https:\/\/de.wikipedia.org\/wiki\/Remscheid\" target=\"_blank\" rel=\"noopener\">Remscheid<\/a> in Nordrhein-Westfalen, und arbeitete als Gerichts-Assessor beim Magistrat in <a href=\"https:\/\/de.wikipedia.org\/wiki\/Breslau\" target=\"_blank\" rel=\"noopener\">Breslau<\/a>. Er k\u00e4mpfte als J\u00e4ger in der 3. Kompanie des 6. Reserve-J\u00e4ger-Bataillons. Am 09.04.1916 fiel er w\u00e4hrend der Schlacht um Verdun bei den K\u00e4mpfen um H\u00f6he 304 im Alter von 30 Jahren.<\/p>\n<p>Die Lage des Grabes von Paul Einicke ist unbekannt. Ich gehe jedoch davon aus, dass er, wenn seine Gebeine bis heute geborgen wurden, anonym in einem Massengrab auf dem Soldatenfriedhof <span data-sheets-value=\"{&quot;1&quot;:2,&quot;2&quot;:&quot;Consenvoye&quot;}\" data-sheets-userformat=\"{&quot;2&quot;:1,&quot;3&quot;:{&quot;1&quot;:0,&quot;3&quot;:1}}\" data-sheets-formula=\"=HYPERLINK(&quot;https:\/\/goo.gl\/maps\/rWHqZq6oFTu&quot;;&quot;Consenvoye&quot;)\" data-sheets-hyperlink=\"https:\/\/goo.gl\/maps\/rWHqZq6oFTu\"><a class=\"in-cell-link\" href=\"https:\/\/goo.gl\/maps\/rWHqZq6oFTu\" target=\"_blank\" rel=\"noopener\">Consenvoye<\/a><\/span> begraben wurde, wo man auch seine Regimentskameraden begrub, die im gleichen Zeitraum fielen, u. a. Josef Nickel, geboren am 08.03.1895, gefallen am 09.04.1916 an Toter Mann, begraben auf dem Soldatenfriedhof <span data-sheets-value=\"{&quot;1&quot;:2,&quot;2&quot;:&quot;Consenvoye&quot;}\" data-sheets-userformat=\"{&quot;2&quot;:1,&quot;3&quot;:{&quot;1&quot;:0,&quot;3&quot;:1}}\" data-sheets-formula=\"=HYPERLINK(&quot;https:\/\/goo.gl\/maps\/rWHqZq6oFTu&quot;;&quot;Consenvoye&quot;)\" data-sheets-hyperlink=\"https:\/\/goo.gl\/maps\/rWHqZq6oFTu\"><a class=\"in-cell-link\" href=\"https:\/\/goo.gl\/maps\/rWHqZq6oFTu\" target=\"_blank\" rel=\"noopener\">Consenvoye<\/a><\/span> in einem Massengrab.<\/p>\n<p>Die nachfolgende Todesanzeige wurde vom Verein Deutscher Studenten Bonn aufgegeben.<\/p>\n<figure id=\"attachment_45682\" aria-describedby=\"caption-attachment-45682\" style=\"width: 800px\" class=\"wp-caption aligncenter\"><img loading=\"lazy\" decoding=\"async\" class=\"size-full wp-image-45682\" src=\"https:\/\/geschichte-hautnah.de\/www\/wp-content\/uploads\/2023\/03\/Paul-Einicke-2.jpg\" alt=\"\" width=\"800\" height=\"583\" srcset=\"https:\/\/geschichte-hautnah.de\/www\/wp-content\/uploads\/2023\/03\/Paul-Einicke-2.jpg 800w, https:\/\/geschichte-hautnah.de\/www\/wp-content\/uploads\/2023\/03\/Paul-Einicke-2-300x219.jpg 300w, https:\/\/geschichte-hautnah.de\/www\/wp-content\/uploads\/2023\/03\/Paul-Einicke-2-768x560.jpg 768w\" sizes=\"auto, (max-width: 800px) 100vw, 800px\" \/><figcaption id=\"caption-attachment-45682\" class=\"wp-caption-text\">Todesanzeige f\u00fcr Paul Einicke von seiner Frau Maria<\/figcaption><\/figure>\n<figure id=\"attachment_45670\" aria-describedby=\"caption-attachment-45670\" style=\"width: 800px\" class=\"wp-caption aligncenter\"><img loading=\"lazy\" decoding=\"async\" class=\"size-full wp-image-45670\" src=\"https:\/\/geschichte-hautnah.de\/www\/wp-content\/uploads\/2023\/03\/Paul-Einicke.jpg\" alt=\"\" width=\"800\" height=\"533\" srcset=\"https:\/\/geschichte-hautnah.de\/www\/wp-content\/uploads\/2023\/03\/Paul-Einicke.jpg 800w, https:\/\/geschichte-hautnah.de\/www\/wp-content\/uploads\/2023\/03\/Paul-Einicke-300x200.jpg 300w, https:\/\/geschichte-hautnah.de\/www\/wp-content\/uploads\/2023\/03\/Paul-Einicke-768x512.jpg 768w\" sizes=\"auto, (max-width: 800px) 100vw, 800px\" \/><figcaption id=\"caption-attachment-45670\" class=\"wp-caption-text\">Todesanzeige f\u00fcr Paul Einicke vom Verein Deutscher Studenten Bonn<\/figcaption><\/figure>\n","protected":false},"excerpt":{"rendered":"<p>Der Soldat Paul Einicke wurde am 04.03.1886 in Lennep geboren, heute ein Stadtteil von Remscheid in Nordrhein-Westfalen, und arbeitete als Gerichts-Assessor beim Magistrat in Breslau. Er k\u00e4mpfte als J\u00e4ger in der 3. Kompanie des 6. Reserve-J\u00e4ger-Bataillons. Am 09.04.1916 fiel er w\u00e4hrend der Schlacht um Verdun bei den K\u00e4mpfen um H\u00f6he 304 im Alter von 30 [&hellip;]<\/p>\n","protected":false},"author":2,"featured_media":0,"comment_status":"closed","ping_status":"closed","sticky":false,"template":"","format":"standard","meta":{"footnotes":"","_wp_rev_ctl_limit":""},"categories":[2,8,1876,16],"tags":[11464,8973,246,36,3062,233,11463,598,10047,2609,2017,11465,3155,99,125,11453,1527],"class_list":["post-45672","post","type-post","status-publish","format-standard","hentry","category-1-weltkrieg","category-sterbebilder","category-frankreich-1-weltkrieg","category-verdun","tag-6-reserve-jaeger-bataillon","tag-breslau","tag-consenvoye","tag-frankreich","tag-hoehe-304","tag-jaeger","tag-lennep","tag-lothringen","tag-magistrat","tag-nordrhein-westfalen","tag-polen","tag-remscheid","tag-schlacht-um-verdun","tag-unbekannte-grablage","tag-verdun","tag-verein-deutscher-studenten","tag-westfront"],"_links":{"self":[{"href":"https:\/\/geschichte-hautnah.de\/www\/index.php?rest_route=\/wp\/v2\/posts\/45672","targetHints":{"allow":["GET"]}}],"collection":[{"href":"https:\/\/geschichte-hautnah.de\/www\/index.php?rest_route=\/wp\/v2\/posts"}],"about":[{"href":"https:\/\/geschichte-hautnah.de\/www\/index.php?rest_route=\/wp\/v2\/types\/post"}],"author":[{"embeddable":true,"href":"https:\/\/geschichte-hautnah.de\/www\/index.php?rest_route=\/wp\/v2\/users\/2"}],"replies":[{"embeddable":true,"href":"https:\/\/geschichte-hautnah.de\/www\/index.php?rest_route=%2Fwp%2Fv2%2Fcomments&post=45672"}],"version-history":[{"count":3,"href":"https:\/\/geschichte-hautnah.de\/www\/index.php?rest_route=\/wp\/v2\/posts\/45672\/revisions"}],"predecessor-version":[{"id":46218,"href":"https:\/\/geschichte-hautnah.de\/www\/index.php?rest_route=\/wp\/v2\/posts\/45672\/revisions\/46218"}],"wp:attachment":[{"href":"https:\/\/geschichte-hautnah.de\/www\/index.php?rest_route=%2Fwp%2Fv2%2Fmedia&parent=45672"}],"wp:term":[{"taxonomy":"category","embeddable":true,"href":"https:\/\/geschichte-hautnah.de\/www\/index.php?rest_route=%2Fwp%2Fv2%2Fcategories&post=45672"},{"taxonomy":"post_tag","embeddable":true,"href":"https:\/\/geschichte-hautnah.de\/www\/index.php?rest_route=%2Fwp%2Fv2%2Ftags&post=45672"}],"curies":[{"name":"wp","href":"https:\/\/api.w.org\/{rel}","templated":true}]}}