{"id":4572,"date":"2018-12-20T06:00:29","date_gmt":"2018-12-20T05:00:29","guid":{"rendered":"http:\/\/geschichte-hautnah.de\/www\/?p=4572"},"modified":"2025-01-30T13:31:14","modified_gmt":"2025-01-30T12:31:14","slug":"die-maenner-des-ersten-weltkriegs-teil-362-josef-koeck","status":"publish","type":"post","link":"https:\/\/geschichte-hautnah.de\/www\/?p=4572","title":{"rendered":"Die M\u00e4nner des Ersten Weltkriegs \u2013 Teil 362: Josef K\u00f6ck"},"content":{"rendered":"<p>Der Landwehrmann Josef K\u00f6ck stammte aus <a href=\"https:\/\/goo.gl\/maps\/jhPV6uqZLtF2\" target=\"_blank\" rel=\"noopener\">Heinrichsbrunn (Mauth)<\/a> und war Landwirt. Im Ersten Weltkrieg diente er in der 12. Kompanie des 2. Landwehr-Infanterie-Regiments. Am 20.07.1915 fiel er im Alter von 31 Jahren am <a href=\"http:\/\/geschichte-hautnah.de\/www\/?page_id=2361\" target=\"_blank\" rel=\"noopener\">Schratzm\u00e4nnle<\/a> in den Bergen um <a href=\"https:\/\/goo.gl\/maps\/AJimva2uDFr\" target=\"_blank\" rel=\"noopener\">M\u00fcnster (Elsass)<\/a><\/p>\n<p><span data-sheets-value=\"{&quot;1&quot;:2,&quot;2&quot;:&quot;Ammerschwihr&quot;}\" data-sheets-userformat=\"{&quot;2&quot;:1049089,&quot;3&quot;:[null,0],&quot;12&quot;:0,&quot;23&quot;:1}\" data-sheets-formula=\"=HYPERLINK(&quot;https:\/\/www.google.de\/maps\/place\/Ammerschwihr,+Frankreich\/@48.1167085,7.2318824,13z\/data=!3m1!4b1!4m5!3m4!1s0x479161162b7e2d4f:0x40a5fb99a3940d0!8m2!3d48.1256119!4d7.281956&quot;;&quot;Ammerschwihr&quot;)\">Josef K\u00f6ck wurde auf dem Soldatenfriedhof <a class=\"in-cell-link\" href=\"https:\/\/www.google.de\/maps\/place\/Ammerschwihr,+Frankreich\/@48.1167085,7.2318824,13z\/data=!3m1!4b1!4m5!3m4!1s0x479161162b7e2d4f:0x40a5fb99a3940d0!8m2!3d48.1256119!4d7.281956\" target=\"_blank\" rel=\"noopener\">Ammerschwihr<\/a>\u00a0im <\/span>\u00a0Grab 189 begraben.<\/p>\n<figure id=\"attachment_4571\" aria-describedby=\"caption-attachment-4571\" style=\"width: 516px\" class=\"wp-caption aligncenter\"><img loading=\"lazy\" decoding=\"async\" class=\"wp-image-4571 size-full\" src=\"http:\/\/geschichte-hautnah.de\/www\/wp-content\/uploads\/2018\/09\/Josef_K\u00f6ck_v.jpeg\" alt=\"\" width=\"516\" height=\"800\" srcset=\"https:\/\/geschichte-hautnah.de\/www\/wp-content\/uploads\/2018\/09\/Josef_K\u00f6ck_v.jpeg 516w, https:\/\/geschichte-hautnah.de\/www\/wp-content\/uploads\/2018\/09\/Josef_K\u00f6ck_v-194x300.jpeg 194w\" sizes=\"auto, (max-width: 516px) 100vw, 516px\" \/><figcaption id=\"caption-attachment-4571\" class=\"wp-caption-text\">Sterbebild von Josef K\u00f6ck<\/figcaption><\/figure>\n<figure id=\"attachment_4570\" aria-describedby=\"caption-attachment-4570\" style=\"width: 516px\" class=\"wp-caption aligncenter\"><img loading=\"lazy\" decoding=\"async\" class=\"wp-image-4570 size-full\" src=\"http:\/\/geschichte-hautnah.de\/www\/wp-content\/uploads\/2018\/09\/Josef_K\u00f6ck_h.jpeg\" alt=\"\" width=\"516\" height=\"800\" srcset=\"https:\/\/geschichte-hautnah.de\/www\/wp-content\/uploads\/2018\/09\/Josef_K\u00f6ck_h.jpeg 516w, https:\/\/geschichte-hautnah.de\/www\/wp-content\/uploads\/2018\/09\/Josef_K\u00f6ck_h-194x300.jpeg 194w\" sizes=\"auto, (max-width: 516px) 100vw, 516px\" \/><figcaption id=\"caption-attachment-4570\" class=\"wp-caption-text\">R\u00fcckseite des Sterbebildes von Josef K\u00f6ck<\/figcaption><\/figure>\n<p>&nbsp;<\/p>\n<figure id=\"attachment_63424\" aria-describedby=\"caption-attachment-63424\" style=\"width: 578px\" class=\"wp-caption aligncenter\"><img loading=\"lazy\" decoding=\"async\" class=\"size-full wp-image-63424\" src=\"https:\/\/geschichte-hautnah.de\/www\/wp-content\/uploads\/2018\/12\/Josef-Koeck-Johann-Nerb.jpg\" alt=\"\" width=\"578\" height=\"800\" srcset=\"https:\/\/geschichte-hautnah.de\/www\/wp-content\/uploads\/2018\/12\/Josef-Koeck-Johann-Nerb.jpg 578w, https:\/\/geschichte-hautnah.de\/www\/wp-content\/uploads\/2018\/12\/Josef-Koeck-Johann-Nerb-217x300.jpg 217w\" sizes=\"auto, (max-width: 578px) 100vw, 578px\" \/><figcaption id=\"caption-attachment-63424\" class=\"wp-caption-text\">Das Grab von Josef K\u00f6ck auf dem Soldatenfriedhof Ammerschwihr<\/figcaption><\/figure>\n<p>Der theoretische Weg von Josef K\u00f6ck von seinem Geburtsort \u00fcber seinen Sterbeort zu seinem Grab:<\/p>\n<p><iframe loading=\"lazy\" style=\"border: 0;\" src=\"https:\/\/www.google.com\/maps\/embed?pb=!1m34!1m12!1m3!1d1355840.1357915474!2d9.234963295943455!3d48.41573938915635!2m3!1f0!2f0!3f0!3m2!1i1024!2i768!4f13.1!4m19!3e2!4m5!1s0x4774c25f524d951d%3A0x295c005e0b1ed554!2sHeinrichsbrunn%2C+94151+Mauth!3m2!1d48.9199025!2d13.578038099999999!4m5!1s0x4793d8df3d29fce3%3A0x21936baadd434a84!2sSchratzm%C3%A4nnele%2C+Orbey%2C+Frankreich!3m2!1d48.0813888!2d7.1394443999999995!4m5!1s0x479161162b7e2d4f%3A0x40a5fb99a3940d0!2sAmmerschwihr%2C+Frankreich!3m2!1d48.125611899999996!2d7.281956!5e0!3m2!1sde!2sde!4v1535901628425\" width=\"600\" height=\"450\" frameborder=\"0\" allowfullscreen=\"allowfullscreen\"><\/iframe><\/p>\n","protected":false},"excerpt":{"rendered":"<p>Der Landwehrmann Josef K\u00f6ck stammte aus Heinrichsbrunn (Mauth) und war Landwirt. Im Ersten Weltkrieg diente er in der 12. Kompanie des 2. Landwehr-Infanterie-Regiments. Am 20.07.1915 fiel er im Alter von 31 Jahren am Schratzm\u00e4nnle in den Bergen um M\u00fcnster (Elsass) Josef K\u00f6ck wurde auf dem Soldatenfriedhof Ammerschwihr\u00a0im \u00a0Grab 189 begraben. &nbsp; Der theoretische Weg von [&hellip;]<\/p>\n","protected":false},"author":2,"featured_media":0,"comment_status":"closed","ping_status":"closed","sticky":false,"template":"","format":"standard","meta":{"footnotes":"","_wp_rev_ctl_limit":""},"categories":[2,8,18],"tags":[434,407,1308,287,293,402,423],"class_list":["post-4572","post","type-post","status-publish","format-standard","hentry","category-1-weltkrieg","category-sterbebilder","category-vogesenkampfe","tag-2-landwehr-infanterie-regiment","tag-ammerschwihr","tag-heinrichsbrunn-mauth","tag-landwehrmann","tag-landwirt","tag-muenster-elsass","tag-schratzmaennele"],"_links":{"self":[{"href":"https:\/\/geschichte-hautnah.de\/www\/index.php?rest_route=\/wp\/v2\/posts\/4572","targetHints":{"allow":["GET"]}}],"collection":[{"href":"https:\/\/geschichte-hautnah.de\/www\/index.php?rest_route=\/wp\/v2\/posts"}],"about":[{"href":"https:\/\/geschichte-hautnah.de\/www\/index.php?rest_route=\/wp\/v2\/types\/post"}],"author":[{"embeddable":true,"href":"https:\/\/geschichte-hautnah.de\/www\/index.php?rest_route=\/wp\/v2\/users\/2"}],"replies":[{"embeddable":true,"href":"https:\/\/geschichte-hautnah.de\/www\/index.php?rest_route=%2Fwp%2Fv2%2Fcomments&post=4572"}],"version-history":[{"count":3,"href":"https:\/\/geschichte-hautnah.de\/www\/index.php?rest_route=\/wp\/v2\/posts\/4572\/revisions"}],"predecessor-version":[{"id":63425,"href":"https:\/\/geschichte-hautnah.de\/www\/index.php?rest_route=\/wp\/v2\/posts\/4572\/revisions\/63425"}],"wp:attachment":[{"href":"https:\/\/geschichte-hautnah.de\/www\/index.php?rest_route=%2Fwp%2Fv2%2Fmedia&parent=4572"}],"wp:term":[{"taxonomy":"category","embeddable":true,"href":"https:\/\/geschichte-hautnah.de\/www\/index.php?rest_route=%2Fwp%2Fv2%2Fcategories&post=4572"},{"taxonomy":"post_tag","embeddable":true,"href":"https:\/\/geschichte-hautnah.de\/www\/index.php?rest_route=%2Fwp%2Fv2%2Ftags&post=4572"}],"curies":[{"name":"wp","href":"https:\/\/api.w.org\/{rel}","templated":true}]}}