{"id":4659,"date":"2019-01-01T06:00:26","date_gmt":"2019-01-01T05:00:26","guid":{"rendered":"http:\/\/geschichte-hautnah.de\/www\/?p=4659"},"modified":"2018-09-15T19:28:34","modified_gmt":"2018-09-15T17:28:34","slug":"die-maenner-des-ersten-weltkriegs-teil-370-franz-xaver-dreher","status":"publish","type":"post","link":"https:\/\/geschichte-hautnah.de\/www\/?p=4659","title":{"rendered":"Die M\u00e4nner des Ersten Weltkriegs \u2013 Teil 371: Franz Xaver Dreher"},"content":{"rendered":"<p>Der K\u00e4sefabrikant Franz Xaver Dreher wurde am 08.12.1877 in <a href=\"https:\/\/goo.gl\/maps\/H6QFMvsACev\" target=\"_blank\" rel=\"noopener\">Mussenhausen<\/a> geboren und arbeitete in <a href=\"https:\/\/goo.gl\/maps\/jdSPVbBmTCD2\" target=\"_blank\" rel=\"noopener\">Buchenberg<\/a>. Im Ersten Weltkrieg diente er in der 5. Kompanie des 3. bayerischen Landwehr-Infanterie-Regiments als Wehrmann. Am 16.10.1914 wurde er im Alter von 36 Jahren am Immerlingskopf bei <a href=\"https:\/\/goo.gl\/maps\/ahvYK355ZsC2\" target=\"_blank\" rel=\"noopener\">Urbeis<\/a>\u00a0im Oberelsass im Kampf get\u00f6tet.<\/p>\n<p>Beim Volksbund, der zust\u00e4ndigen Stelle, ist keine Grablage f\u00fcr Franz Xaver Dreher bekannt.<\/p>\n<p>Nach meinen Recherchen gehe ich davon aus, dass die sterblichen \u00dcberreste von Franz Xaver Dreher auf dem Soldatenfriedhof Hohrod anonym in einem Massengrab beigesetzt wurden. Ich begr\u00fcnde diese Annahme mit dem Verbleib der Leichen seiner Kameraden aus seiner Kompanie:<\/p>\n<ul>\n<li>Josef Hengge, Wehrmann, gefallen am 16.10.1914, begraben auf dem Soldatenfriedhof Hohrod,\u00a0Block 2 Grab 403<\/li>\n<li>Sebastian Hofer, Wehrmann, gefallen am 02.09.1914,\u00a0begraben auf dem Soldatenfriedhof Hohrod,\u00a0Block 2 Grab 353<\/li>\n<li>Johann Gro\u00df, Infanterist, gefallen am 02.09.1914, begraben auf dem Soldatenfriedhof Hohrod, Massengrab<\/li>\n<\/ul>\n<p>Die Einheit Franz Xaver Drehers war in der Zeit, als er fiel, \u00fcber l\u00e4ngere Zeit am Lingekopf eingesetzt. Es war Standard, die Gefallenen auch dort zu begraben. Durch Kampfhandlungen gingen immer wieder Daten von Gr\u00e4bern verloren, Gr\u00e4ber wurden zerst\u00f6rt und durcheinander geworfen, Markierungen wurden unlesbar. So sind wahrscheinlich auch die Daten von Franz Xaver Dreher verschwunden.<\/p>\n<p>Seine Heimatgemeinde Buchenberg gedenkt noch heute Franz Xaver Dreher auf einem Denkmal: <a href=\"http:\/\/www.denkmalprojekt.org\/dkm_deutschland\/buchenberg_1870-71_wk1u2_bay.htm\" target=\"_blank\" rel=\"noopener\">http:\/\/www.denkmalprojekt.org\/dkm_deutschland\/buchenberg_1870-71_wk1u2_bay.htm<\/a><\/p>\n<figure id=\"attachment_4658\" aria-describedby=\"caption-attachment-4658\" style=\"width: 393px\" class=\"wp-caption aligncenter\"><img loading=\"lazy\" decoding=\"async\" class=\"wp-image-4658 size-full\" src=\"http:\/\/geschichte-hautnah.de\/www\/wp-content\/uploads\/2018\/09\/Franz_Dreher_v.jpeg\" alt=\"\" width=\"393\" height=\"800\" srcset=\"https:\/\/geschichte-hautnah.de\/www\/wp-content\/uploads\/2018\/09\/Franz_Dreher_v.jpeg 393w, https:\/\/geschichte-hautnah.de\/www\/wp-content\/uploads\/2018\/09\/Franz_Dreher_v-147x300.jpeg 147w\" sizes=\"auto, (max-width: 393px) 100vw, 393px\" \/><figcaption id=\"caption-attachment-4658\" class=\"wp-caption-text\">Sterbebild von Franz Xaver Dreher<\/figcaption><\/figure>\n<figure id=\"attachment_4657\" aria-describedby=\"caption-attachment-4657\" style=\"width: 393px\" class=\"wp-caption aligncenter\"><img loading=\"lazy\" decoding=\"async\" class=\"wp-image-4657 size-full\" src=\"http:\/\/geschichte-hautnah.de\/www\/wp-content\/uploads\/2018\/09\/Franz_Dreher_h.jpeg\" alt=\"\" width=\"393\" height=\"800\" srcset=\"https:\/\/geschichte-hautnah.de\/www\/wp-content\/uploads\/2018\/09\/Franz_Dreher_h.jpeg 393w, https:\/\/geschichte-hautnah.de\/www\/wp-content\/uploads\/2018\/09\/Franz_Dreher_h-147x300.jpeg 147w\" sizes=\"auto, (max-width: 393px) 100vw, 393px\" \/><figcaption id=\"caption-attachment-4657\" class=\"wp-caption-text\">R\u00fcckseite des Sterbebildes von Franz Xaver Dreher<\/figcaption><\/figure>\n<p>&nbsp;<\/p>\n<p>Der theoretische Weg von Franz Xaver Dreher von seinem Geburtsort \u00fcber seinen Sterbeort zu seinem wahrscheinlichen Grab:<\/p>\n<p><iframe loading=\"lazy\" style=\"border: 0;\" src=\"https:\/\/www.google.com\/maps\/embed?pb=!1m34!1m12!1m3!1d681695.0977050606!2d8.203355775896425!3d48.13200189821924!2m3!1f0!2f0!3f0!3m2!1i1024!2i768!4f13.1!4m19!3e2!4m5!1s0x479c0bee0041b0cd%3A0xa1e48b04cf753e0!2sMussenhausen%2C+87733+Markt+Rettenbach!3m2!1d47.989239399999995!2d10.4357777!4m5!1s0x4793e2b64abc460d%3A0x8d2b56ab658656ac!2sUrbeis%2C+Frankreich!3m2!1d48.330518999999995!2d7.222604!4m5!1s0x4793d8fe10f3101b%3A0x40a5fb99a393870!2sHohrod%2C+Frankreich!3m2!1d48.054162999999996!2d7.125013999999999!5e0!3m2!1sde!2sde!4v1536817706230\" width=\"600\" height=\"450\" frameborder=\"0\" allowfullscreen=\"allowfullscreen\"><\/iframe><\/p>\n","protected":false},"excerpt":{"rendered":"<p>Der K\u00e4sefabrikant Franz Xaver Dreher wurde am 08.12.1877 in Mussenhausen geboren und arbeitete in Buchenberg. Im Ersten Weltkrieg diente er in der 5. Kompanie des 3. bayerischen Landwehr-Infanterie-Regiments als Wehrmann. Am 16.10.1914 wurde er im Alter von 36 Jahren am Immerlingskopf bei Urbeis\u00a0im Oberelsass im Kampf get\u00f6tet. Beim Volksbund, der zust\u00e4ndigen Stelle, ist keine Grablage [&hellip;]<\/p>\n","protected":false},"author":2,"featured_media":0,"comment_status":"closed","ping_status":"closed","sticky":false,"template":"","format":"standard","meta":{"footnotes":"","_wp_rev_ctl_limit":""},"categories":[2,8,18],"tags":[429,1341,1339,217,33,91,1340,1337,1338,99,1003,82,83,968],"class_list":["post-4659","post","type-post","status-publish","format-standard","hentry","category-1-weltkrieg","category-sterbebilder","category-vogesenkampfe","tag-3-bayerisches-landwehr-infanterie-regiment","tag-allgaeu","tag-buchenberg","tag-denkmal","tag-elsass","tag-hohrod","tag-immerlingskopf","tag-kaesefabrikant","tag-muffenhausen","tag-unbekannte-grablage","tag-urbeis","tag-vogesen","tag-volksbund","tag-wehrmann"],"_links":{"self":[{"href":"https:\/\/geschichte-hautnah.de\/www\/index.php?rest_route=\/wp\/v2\/posts\/4659","targetHints":{"allow":["GET"]}}],"collection":[{"href":"https:\/\/geschichte-hautnah.de\/www\/index.php?rest_route=\/wp\/v2\/posts"}],"about":[{"href":"https:\/\/geschichte-hautnah.de\/www\/index.php?rest_route=\/wp\/v2\/types\/post"}],"author":[{"embeddable":true,"href":"https:\/\/geschichte-hautnah.de\/www\/index.php?rest_route=\/wp\/v2\/users\/2"}],"replies":[{"embeddable":true,"href":"https:\/\/geschichte-hautnah.de\/www\/index.php?rest_route=%2Fwp%2Fv2%2Fcomments&post=4659"}],"version-history":[{"count":7,"href":"https:\/\/geschichte-hautnah.de\/www\/index.php?rest_route=\/wp\/v2\/posts\/4659\/revisions"}],"predecessor-version":[{"id":4687,"href":"https:\/\/geschichte-hautnah.de\/www\/index.php?rest_route=\/wp\/v2\/posts\/4659\/revisions\/4687"}],"wp:attachment":[{"href":"https:\/\/geschichte-hautnah.de\/www\/index.php?rest_route=%2Fwp%2Fv2%2Fmedia&parent=4659"}],"wp:term":[{"taxonomy":"category","embeddable":true,"href":"https:\/\/geschichte-hautnah.de\/www\/index.php?rest_route=%2Fwp%2Fv2%2Fcategories&post=4659"},{"taxonomy":"post_tag","embeddable":true,"href":"https:\/\/geschichte-hautnah.de\/www\/index.php?rest_route=%2Fwp%2Fv2%2Ftags&post=4659"}],"curies":[{"name":"wp","href":"https:\/\/api.w.org\/{rel}","templated":true}]}}