{"id":46935,"date":"2023-05-04T12:00:58","date_gmt":"2023-05-04T10:00:58","guid":{"rendered":"https:\/\/geschichte-hautnah.de\/www\/?p=46935"},"modified":"2023-04-20T20:37:33","modified_gmt":"2023-04-20T18:37:33","slug":"die-maenner-des-ersten-weltkrieges-sonderbeitrag-frankfurter-volkszeitung-21-ludwig-becker","status":"publish","type":"post","link":"https:\/\/geschichte-hautnah.de\/www\/?p=46935","title":{"rendered":"Die M\u00e4nner des Ersten Weltkrieges \u2013 Sonderbeitrag Frankfurter Volkszeitung 21: Ludwig Becker"},"content":{"rendered":"<p>Der Soldat Ludwig Becker stammte aus <a href=\"https:\/\/de.wikipedia.org\/wiki\/Ludwigshafen_am_Rhein\" target=\"_blank\" rel=\"noopener\">Ludwigshafen am Rhein<\/a> im heutigen Bundesland Rheinland-Pfalz. Im Ersten Weltkrieg k\u00e4mpfte er als Kriegsfreiwilliger in der 12. Kompanie des 80. Reserve-Infanterie-Regiment. Am 02.03.1915 fiel er w\u00e4hrend der Stellungsk\u00e4mpfe in der Champagne.<\/p>\n<p>Die Lage des Grabes von Ludwig becker ist unbekannt. Mangels gesicherten Daten kann ich keine Vermutung \u00e4u\u00dfern.<\/p>\n<figure id=\"attachment_46936\" aria-describedby=\"caption-attachment-46936\" style=\"width: 531px\" class=\"wp-caption aligncenter\"><img loading=\"lazy\" decoding=\"async\" class=\"size-full wp-image-46936\" src=\"https:\/\/geschichte-hautnah.de\/www\/wp-content\/uploads\/2023\/04\/Ludwig-Becker-Frankfurter-Volkszeitung-12.03.1915.jpg\" alt=\"\" width=\"531\" height=\"800\" srcset=\"https:\/\/geschichte-hautnah.de\/www\/wp-content\/uploads\/2023\/04\/Ludwig-Becker-Frankfurter-Volkszeitung-12.03.1915.jpg 531w, https:\/\/geschichte-hautnah.de\/www\/wp-content\/uploads\/2023\/04\/Ludwig-Becker-Frankfurter-Volkszeitung-12.03.1915-199x300.jpg 199w\" sizes=\"auto, (max-width: 531px) 100vw, 531px\" \/><figcaption id=\"caption-attachment-46936\" class=\"wp-caption-text\">Todesanzeige f\u00fcr Ludwig Becker in der Frankfurter Volkszeitung vom 12.03.1915<\/figcaption><\/figure>\n","protected":false},"excerpt":{"rendered":"<p>Der Soldat Ludwig Becker stammte aus Ludwigshafen am Rhein im heutigen Bundesland Rheinland-Pfalz. Im Ersten Weltkrieg k\u00e4mpfte er als Kriegsfreiwilliger in der 12. Kompanie des 80. Reserve-Infanterie-Regiment. Am 02.03.1915 fiel er w\u00e4hrend der Stellungsk\u00e4mpfe in der Champagne. Die Lage des Grabes von Ludwig becker ist unbekannt. Mangels gesicherten Daten kann ich keine Vermutung \u00e4u\u00dfern.<\/p>\n","protected":false},"author":2,"featured_media":0,"comment_status":"closed","ping_status":"closed","sticky":false,"template":"","format":"standard","meta":{"footnotes":"","_wp_rev_ctl_limit":""},"categories":[2,8,1876,2233],"tags":[11750,36,104,4396,2747,9661,99,1527],"class_list":["post-46935","post","type-post","status-publish","format-standard","hentry","category-1-weltkrieg","category-sterbebilder","category-frankreich-1-weltkrieg","category-marne","tag-80-reserve-infanterie-regiment","tag-frankreich","tag-kriegsfreiwilliger","tag-ludwigshafen","tag-rheinland-pfalz","tag-stellungskaempfe-in-der-champagne","tag-unbekannte-grablage","tag-westfront"],"_links":{"self":[{"href":"https:\/\/geschichte-hautnah.de\/www\/index.php?rest_route=\/wp\/v2\/posts\/46935","targetHints":{"allow":["GET"]}}],"collection":[{"href":"https:\/\/geschichte-hautnah.de\/www\/index.php?rest_route=\/wp\/v2\/posts"}],"about":[{"href":"https:\/\/geschichte-hautnah.de\/www\/index.php?rest_route=\/wp\/v2\/types\/post"}],"author":[{"embeddable":true,"href":"https:\/\/geschichte-hautnah.de\/www\/index.php?rest_route=\/wp\/v2\/users\/2"}],"replies":[{"embeddable":true,"href":"https:\/\/geschichte-hautnah.de\/www\/index.php?rest_route=%2Fwp%2Fv2%2Fcomments&post=46935"}],"version-history":[{"count":3,"href":"https:\/\/geschichte-hautnah.de\/www\/index.php?rest_route=\/wp\/v2\/posts\/46935\/revisions"}],"predecessor-version":[{"id":46940,"href":"https:\/\/geschichte-hautnah.de\/www\/index.php?rest_route=\/wp\/v2\/posts\/46935\/revisions\/46940"}],"wp:attachment":[{"href":"https:\/\/geschichte-hautnah.de\/www\/index.php?rest_route=%2Fwp%2Fv2%2Fmedia&parent=46935"}],"wp:term":[{"taxonomy":"category","embeddable":true,"href":"https:\/\/geschichte-hautnah.de\/www\/index.php?rest_route=%2Fwp%2Fv2%2Fcategories&post=46935"},{"taxonomy":"post_tag","embeddable":true,"href":"https:\/\/geschichte-hautnah.de\/www\/index.php?rest_route=%2Fwp%2Fv2%2Ftags&post=46935"}],"curies":[{"name":"wp","href":"https:\/\/api.w.org\/{rel}","templated":true}]}}