{"id":47093,"date":"2023-05-05T12:00:26","date_gmt":"2023-05-05T10:00:26","guid":{"rendered":"https:\/\/geschichte-hautnah.de\/www\/?p=47093"},"modified":"2023-04-23T10:27:15","modified_gmt":"2023-04-23T08:27:15","slug":"die-maenner-des-ersten-weltkrieges-sonderbeitrag-frankfurter-volkszeitung-22-martin-kraft","status":"publish","type":"post","link":"https:\/\/geschichte-hautnah.de\/www\/?p=47093","title":{"rendered":"Die M\u00e4nner des Ersten Weltkrieges \u2013 Sonderbeitrag Frankfurter Volkszeitung 22: Martin Kraft"},"content":{"rendered":"<p>Der Soldat Martin Kraft stammte aus defr hessischen Stadt Frankfurt am Main und war Student der Theologie. Im Ersten Weltkrieg k\u00e4mpfte er als Kriegsfreiwilliger in der 2. Kompanie des 223. Reserve-Infanterie-Regiment. Am 18.02.1915 fiel er w\u00e4hrend der K\u00e4mpfe am Czyrak bei Rozamka in den <a href=\"https:\/\/de.wikipedia.org\/wiki\/Karpaten\" target=\"_blank\" rel=\"noopener\">Karpaten<\/a> durch Bauchschuss.<\/p>\n<p>Die Lage des Grabes von Martin Kraft ist unbekannt. Wahrscheinlich existiert es nicht mehr.<\/p>\n<figure id=\"attachment_47095\" aria-describedby=\"caption-attachment-47095\" style=\"width: 800px\" class=\"wp-caption aligncenter\"><img loading=\"lazy\" decoding=\"async\" class=\"size-full wp-image-47095\" src=\"https:\/\/geschichte-hautnah.de\/www\/wp-content\/uploads\/2023\/04\/Martin-Kraft-06.03.1915-Frankfurter-Volkszeitung.jpg\" alt=\"\" width=\"800\" height=\"650\" srcset=\"https:\/\/geschichte-hautnah.de\/www\/wp-content\/uploads\/2023\/04\/Martin-Kraft-06.03.1915-Frankfurter-Volkszeitung.jpg 800w, https:\/\/geschichte-hautnah.de\/www\/wp-content\/uploads\/2023\/04\/Martin-Kraft-06.03.1915-Frankfurter-Volkszeitung-300x244.jpg 300w, https:\/\/geschichte-hautnah.de\/www\/wp-content\/uploads\/2023\/04\/Martin-Kraft-06.03.1915-Frankfurter-Volkszeitung-768x624.jpg 768w\" sizes=\"auto, (max-width: 800px) 100vw, 800px\" \/><figcaption id=\"caption-attachment-47095\" class=\"wp-caption-text\">Todesanzeige f\u00fcr Martin Kraft in der Frankfurter Volkszeitung vpm 06.03.1915<\/figcaption><\/figure>\n","protected":false},"excerpt":{"rendered":"<p>Der Soldat Martin Kraft stammte aus defr hessischen Stadt Frankfurt am Main und war Student der Theologie. Im Ersten Weltkrieg k\u00e4mpfte er als Kriegsfreiwilliger in der 2. Kompanie des 223. Reserve-Infanterie-Regiment. Am 18.02.1915 fiel er w\u00e4hrend der K\u00e4mpfe am Czyrak bei Rozamka in den Karpaten durch Bauchschuss. Die Lage des Grabes von Martin Kraft ist [&hellip;]<\/p>\n","protected":false},"author":2,"featured_media":0,"comment_status":"closed","ping_status":"closed","sticky":false,"template":"","format":"standard","meta":{"footnotes":"","_wp_rev_ctl_limit":""},"categories":[2,8,5705],"tags":[9307,761,6186,11735,10031,104,11783,7801,99],"class_list":["post-47093","post","type-post","status-publish","format-standard","hentry","category-1-weltkrieg","category-sterbebilder","category-ukraine","tag-223-reserve-infanterie-regiment","tag-bauchschuss","tag-frankfurt-am-main","tag-kaempfe-am-czyrak","tag-karpaten","tag-kriegsfreiwilliger","tag-rozamka","tag-student-der-theologie","tag-unbekannte-grablage"],"_links":{"self":[{"href":"https:\/\/geschichte-hautnah.de\/www\/index.php?rest_route=\/wp\/v2\/posts\/47093","targetHints":{"allow":["GET"]}}],"collection":[{"href":"https:\/\/geschichte-hautnah.de\/www\/index.php?rest_route=\/wp\/v2\/posts"}],"about":[{"href":"https:\/\/geschichte-hautnah.de\/www\/index.php?rest_route=\/wp\/v2\/types\/post"}],"author":[{"embeddable":true,"href":"https:\/\/geschichte-hautnah.de\/www\/index.php?rest_route=\/wp\/v2\/users\/2"}],"replies":[{"embeddable":true,"href":"https:\/\/geschichte-hautnah.de\/www\/index.php?rest_route=%2Fwp%2Fv2%2Fcomments&post=47093"}],"version-history":[{"count":3,"href":"https:\/\/geschichte-hautnah.de\/www\/index.php?rest_route=\/wp\/v2\/posts\/47093\/revisions"}],"predecessor-version":[{"id":47098,"href":"https:\/\/geschichte-hautnah.de\/www\/index.php?rest_route=\/wp\/v2\/posts\/47093\/revisions\/47098"}],"wp:attachment":[{"href":"https:\/\/geschichte-hautnah.de\/www\/index.php?rest_route=%2Fwp%2Fv2%2Fmedia&parent=47093"}],"wp:term":[{"taxonomy":"category","embeddable":true,"href":"https:\/\/geschichte-hautnah.de\/www\/index.php?rest_route=%2Fwp%2Fv2%2Fcategories&post=47093"},{"taxonomy":"post_tag","embeddable":true,"href":"https:\/\/geschichte-hautnah.de\/www\/index.php?rest_route=%2Fwp%2Fv2%2Ftags&post=47093"}],"curies":[{"name":"wp","href":"https:\/\/api.w.org\/{rel}","templated":true}]}}