{"id":47099,"date":"2023-05-06T12:00:20","date_gmt":"2023-05-06T10:00:20","guid":{"rendered":"https:\/\/geschichte-hautnah.de\/www\/?p=47099"},"modified":"2023-04-23T12:06:09","modified_gmt":"2023-04-23T10:06:09","slug":"die-maenner-des-ersten-weltkrieges-sonderbeitrag-frankfurter-volkszeitung-23-august-aubel","status":"publish","type":"post","link":"https:\/\/geschichte-hautnah.de\/www\/?p=47099","title":{"rendered":"Die M\u00e4nner des Ersten Weltkrieges \u2013 Sonderbeitrag Frankfurter Volkszeitung 23: August Aubel"},"content":{"rendered":"<p>Der Soldat August Aubel wurde am 29.11.1880 in <a href=\"https:\/\/de.wikipedia.org\/wiki\/Hirschbach_(Schleusingen)\" target=\"_blank\" rel=\"noopener\">Hirschbach<\/a>, einem Ortsteil der th\u00fcringischen Stadt <a href=\"https:\/\/de.wikipedia.org\/wiki\/Schleusingen\" target=\"_blank\" rel=\"noopener\">Schleusingen<\/a> geboren und arbeiete f\u00fcr die<span data-sheets-value=\"{&quot;1&quot;:2,&quot;2&quot;:&quot;Anzeige der Schriftgie\u00dferei D. Stempel AG&quot;}\" data-sheets-userformat=\"{&quot;2&quot;:1053441,&quot;3&quot;:{&quot;1&quot;:0},&quot;11&quot;:4,&quot;12&quot;:0,&quot;15&quot;:&quot;Arial&quot;,&quot;23&quot;:1}\" data-sheets-textstyleruns=\"{&quot;1&quot;:0}\uee10{&quot;1&quot;:28,&quot;2&quot;:{&quot;2&quot;:{&quot;1&quot;:2,&quot;2&quot;:1136076},&quot;9&quot;:1}}\" data-sheets-hyperlinkruns=\"{&quot;1&quot;:28,&quot;2&quot;:&quot;https:\/\/de.wikipedia.org\/wiki\/D._Stempel&quot;}\uee10{&quot;1&quot;:41}\">\u00a0Schriftgie\u00dferei <a class=\"in-cell-link\" href=\"https:\/\/de.wikipedia.org\/wiki\/D._Stempel\" target=\"_blank\" rel=\"noopener\">D. Stempel AG<\/a>.<\/span> Im Ersten Weltkrieg k\u00e4mpfte er als Gefreiter in der 11. Kompanie des 81. Landwehr-Infanterie-Regiment. Am 02.01.1915 verstarb er nach schwerer Verwundung bei <a href=\"https:\/\/de.wikipedia.org\/wiki\/Lusse\" target=\"_blank\" rel=\"noopener\">Lusse<\/a> in den franz\u00f6sischen Vogesen im Reserve-Lazarett <a href=\"https:\/\/de.wikipedia.org\/wiki\/S%C3%A9lestat\" target=\"_blank\" rel=\"noopener\">Schlettstadt<\/a> (franz\u00f6sisch: S\u00e9lestat).<\/p>\n<p>Die Gebeine von August Aubel wurde in seine Heimat \u00fcberf\u00fchrt und auf dem Hauptfriedhof Frankfurt am Main in Reihe D, Grab 12 beigesetzt.<\/p>\n<figure id=\"attachment_47094\" aria-describedby=\"caption-attachment-47094\" style=\"width: 566px\" class=\"wp-caption aligncenter\"><img loading=\"lazy\" decoding=\"async\" class=\"size-full wp-image-47094\" src=\"https:\/\/geschichte-hautnah.de\/www\/wp-content\/uploads\/2023\/04\/August-Aubel-Alfred-Dietz-Heinrich-Filsinger-Richard-Hofmann-Karl-Mathaes-Frankfurter-Volkszeitung-04.03.1915.jpg\" alt=\"\" width=\"566\" height=\"800\" srcset=\"https:\/\/geschichte-hautnah.de\/www\/wp-content\/uploads\/2023\/04\/August-Aubel-Alfred-Dietz-Heinrich-Filsinger-Richard-Hofmann-Karl-Mathaes-Frankfurter-Volkszeitung-04.03.1915.jpg 566w, https:\/\/geschichte-hautnah.de\/www\/wp-content\/uploads\/2023\/04\/August-Aubel-Alfred-Dietz-Heinrich-Filsinger-Richard-Hofmann-Karl-Mathaes-Frankfurter-Volkszeitung-04.03.1915-212x300.jpg 212w\" sizes=\"auto, (max-width: 566px) 100vw, 566px\" \/><figcaption id=\"caption-attachment-47094\" class=\"wp-caption-text\">Todesanzeige der Schriftgie\u00dferei D. Stempel AG f\u00fcr August Aubel<\/figcaption><\/figure>\n","protected":false},"excerpt":{"rendered":"<p>Der Soldat August Aubel wurde am 29.11.1880 in Hirschbach, einem Ortsteil der th\u00fcringischen Stadt Schleusingen geboren und arbeiete f\u00fcr die\u00a0Schriftgie\u00dferei D. Stempel AG. Im Ersten Weltkrieg k\u00e4mpfte er als Gefreiter in der 11. Kompanie des 81. Landwehr-Infanterie-Regiment. Am 02.01.1915 verstarb er nach schwerer Verwundung bei Lusse in den franz\u00f6sischen Vogesen im Reserve-Lazarett Schlettstadt (franz\u00f6sisch: S\u00e9lestat). [&hellip;]<\/p>\n","protected":false},"author":2,"featured_media":0,"comment_status":"closed","ping_status":"closed","sticky":false,"template":"","format":"standard","meta":{"footnotes":"","_wp_rev_ctl_limit":""},"categories":[2,8,1876,18],"tags":[11726,11786,6186,153,8987,11785,6986,11784,4529,7750,771,4530,1929],"class_list":["post-47099","post","type-post","status-publish","format-standard","hentry","category-1-weltkrieg","category-sterbebilder","category-frankreich-1-weltkrieg","category-vogesenkampfe","tag-81-landwehr-infanterie-regiment","tag-d-stempel-ag","tag-frankfurt-am-main","tag-gefreiter","tag-hauptfriedhof-frankfurt-am-main","tag-hirschbach","tag-lusse","tag-reserve-lazarett-schlettstadt","tag-schlettstadt","tag-schleusingen","tag-schwere-verwundung","tag-selestat","tag-thueringen"],"_links":{"self":[{"href":"https:\/\/geschichte-hautnah.de\/www\/index.php?rest_route=\/wp\/v2\/posts\/47099","targetHints":{"allow":["GET"]}}],"collection":[{"href":"https:\/\/geschichte-hautnah.de\/www\/index.php?rest_route=\/wp\/v2\/posts"}],"about":[{"href":"https:\/\/geschichte-hautnah.de\/www\/index.php?rest_route=\/wp\/v2\/types\/post"}],"author":[{"embeddable":true,"href":"https:\/\/geschichte-hautnah.de\/www\/index.php?rest_route=\/wp\/v2\/users\/2"}],"replies":[{"embeddable":true,"href":"https:\/\/geschichte-hautnah.de\/www\/index.php?rest_route=%2Fwp%2Fv2%2Fcomments&post=47099"}],"version-history":[{"count":3,"href":"https:\/\/geschichte-hautnah.de\/www\/index.php?rest_route=\/wp\/v2\/posts\/47099\/revisions"}],"predecessor-version":[{"id":47103,"href":"https:\/\/geschichte-hautnah.de\/www\/index.php?rest_route=\/wp\/v2\/posts\/47099\/revisions\/47103"}],"wp:attachment":[{"href":"https:\/\/geschichte-hautnah.de\/www\/index.php?rest_route=%2Fwp%2Fv2%2Fmedia&parent=47099"}],"wp:term":[{"taxonomy":"category","embeddable":true,"href":"https:\/\/geschichte-hautnah.de\/www\/index.php?rest_route=%2Fwp%2Fv2%2Fcategories&post=47099"},{"taxonomy":"post_tag","embeddable":true,"href":"https:\/\/geschichte-hautnah.de\/www\/index.php?rest_route=%2Fwp%2Fv2%2Ftags&post=47099"}],"curies":[{"name":"wp","href":"https:\/\/api.w.org\/{rel}","templated":true}]}}