{"id":47110,"date":"2023-05-08T12:00:17","date_gmt":"2023-05-08T10:00:17","guid":{"rendered":"https:\/\/geschichte-hautnah.de\/www\/?p=47110"},"modified":"2023-04-23T13:53:22","modified_gmt":"2023-04-23T11:53:22","slug":"die-maenner-des-ersten-weltkrieges-sonderbeitrag-frankfurter-volkszeitung-25-heinrich-filsinger","status":"publish","type":"post","link":"https:\/\/geschichte-hautnah.de\/www\/?p=47110","title":{"rendered":"Die M\u00e4nner des Ersten Weltkrieges \u2013 Sonderbeitrag Frankfurter Volkszeitung 25: Heinrich Filsinger"},"content":{"rendered":"<p>Der Soldat Heinrich Filsinger stammte aus dem Frankfurter Stadtteil <a href=\"https:\/\/de.wikipedia.org\/wiki\/Frankfurt-Eckenheim\" target=\"_blank\" rel=\"noopener\">Eckenheim<\/a> und arbeitete f\u00fcr die <span data-sheets-value=\"{&quot;1&quot;:2,&quot;2&quot;:&quot;Anzeige der Schriftgie\u00dferei D. Stempel AG&quot;}\" data-sheets-userformat=\"{&quot;2&quot;:1053441,&quot;3&quot;:{&quot;1&quot;:0},&quot;11&quot;:4,&quot;12&quot;:0,&quot;15&quot;:&quot;Arial&quot;,&quot;23&quot;:1}\" data-sheets-textstyleruns=\"{&quot;1&quot;:0}\uee10{&quot;1&quot;:28,&quot;2&quot;:{&quot;2&quot;:{&quot;1&quot;:2,&quot;2&quot;:1136076},&quot;9&quot;:1}}\" data-sheets-hyperlinkruns=\"{&quot;1&quot;:28,&quot;2&quot;:&quot;https:\/\/de.wikipedia.org\/wiki\/D._Stempel&quot;}\uee10{&quot;1&quot;:41}\">Schriftgie\u00dferei <a class=\"in-cell-link\" href=\"https:\/\/de.wikipedia.org\/wiki\/D._Stempel\" target=\"_blank\" rel=\"noopener\">D. Stempel AG<\/a><\/span>. Im Ersten Weltkrieg k\u00e4mpfte er als Musketier und Wehrmann in der 4. Kompanie des 223. <span style=\"color: #ff0000;\"><strong>Reserve-<\/strong><\/span>Infanterie-Regiment. Am 04.09.1914 verstarb er nach schwerer Verwundung w\u00e4hrend der grenznahen Gefechte im Elsass (Vogesen) im Feldlazarett 7.<\/p>\n<p>Man begrub Heinrich Filsinger auf dem Soldatenfriedhof <span data-sheets-value=\"{&quot;1&quot;:2,&quot;2&quot;:&quot;Bertrimoutier&quot;}\" data-sheets-userformat=\"{&quot;2&quot;:1,&quot;3&quot;:{&quot;1&quot;:0,&quot;3&quot;:1}}\" data-sheets-formula=\"=HYPERLINK(&quot;https:\/\/de.wikipedia.org\/wiki\/Bertrimoutier&quot;;&quot;Bertrimoutier&quot;)\" data-sheets-hyperlink=\"https:\/\/de.wikipedia.org\/wiki\/Bertrimoutier\"><a class=\"in-cell-link\" href=\"https:\/\/de.wikipedia.org\/wiki\/Bertrimoutier\" target=\"_blank\" rel=\"noopener\">Bertrimoutier<\/a><\/span> in <span data-sheets-value=\"{&quot;1&quot;:2,&quot;2&quot;:&quot;Block 1, Grab 128&quot;}\" data-sheets-userformat=\"{&quot;2&quot;:4609,&quot;3&quot;:{&quot;1&quot;:0},&quot;12&quot;:0,&quot;15&quot;:&quot;Arial&quot;}\">Block 1, Grab 128.<\/span><\/p>\n<figure id=\"attachment_47094\" aria-describedby=\"caption-attachment-47094\" style=\"width: 566px\" class=\"wp-caption aligncenter\"><img loading=\"lazy\" decoding=\"async\" class=\"size-full wp-image-47094\" src=\"https:\/\/geschichte-hautnah.de\/www\/wp-content\/uploads\/2023\/04\/August-Aubel-Alfred-Dietz-Heinrich-Filsinger-Richard-Hofmann-Karl-Mathaes-Frankfurter-Volkszeitung-04.03.1915.jpg\" alt=\"\" width=\"566\" height=\"800\" srcset=\"https:\/\/geschichte-hautnah.de\/www\/wp-content\/uploads\/2023\/04\/August-Aubel-Alfred-Dietz-Heinrich-Filsinger-Richard-Hofmann-Karl-Mathaes-Frankfurter-Volkszeitung-04.03.1915.jpg 566w, https:\/\/geschichte-hautnah.de\/www\/wp-content\/uploads\/2023\/04\/August-Aubel-Alfred-Dietz-Heinrich-Filsinger-Richard-Hofmann-Karl-Mathaes-Frankfurter-Volkszeitung-04.03.1915-212x300.jpg 212w\" sizes=\"auto, (max-width: 566px) 100vw, 566px\" \/><figcaption id=\"caption-attachment-47094\" class=\"wp-caption-text\">Todesanzeige d<span data-sheets-value=\"{&quot;1&quot;:2,&quot;2&quot;:&quot;Anzeige der Schriftgie\u00dferei D. Stempel AG&quot;}\" data-sheets-userformat=\"{&quot;2&quot;:1053441,&quot;3&quot;:{&quot;1&quot;:0},&quot;11&quot;:4,&quot;12&quot;:0,&quot;15&quot;:&quot;Arial&quot;,&quot;23&quot;:1}\" data-sheets-textstyleruns=\"{&quot;1&quot;:0}\uee10{&quot;1&quot;:28,&quot;2&quot;:{&quot;2&quot;:{&quot;1&quot;:2,&quot;2&quot;:1136076},&quot;9&quot;:1}}\" data-sheets-hyperlinkruns=\"{&quot;1&quot;:28,&quot;2&quot;:&quot;https:\/\/de.wikipedia.org\/wiki\/D._Stempel&quot;}\uee10{&quot;1&quot;:41}\">er Schriftgie\u00dferei <a class=\"in-cell-link\" href=\"https:\/\/de.wikipedia.org\/wiki\/D._Stempel\" target=\"_blank\" rel=\"noopener\">D. Stempel AG<\/a><\/span> f\u00fcr August Aubel, Alfred Dietz und Heinrich Filsinger<\/figcaption><\/figure>\n","protected":false},"excerpt":{"rendered":"<p>Der Soldat Heinrich Filsinger stammte aus dem Frankfurter Stadtteil Eckenheim und arbeitete f\u00fcr die Schriftgie\u00dferei D. Stempel AG. Im Ersten Weltkrieg k\u00e4mpfte er als Musketier und Wehrmann in der 4. Kompanie des 223. Reserve-Infanterie-Regiment. Am 04.09.1914 verstarb er nach schwerer Verwundung w\u00e4hrend der grenznahen Gefechte im Elsass (Vogesen) im Feldlazarett 7. Man begrub Heinrich Filsinger [&hellip;]<\/p>\n","protected":false},"author":2,"featured_media":0,"comment_status":"closed","ping_status":"closed","sticky":false,"template":"","format":"standard","meta":{"footnotes":"","_wp_rev_ctl_limit":""},"categories":[2,8,1876,18],"tags":[11790,9307,6652,11786,11788,11791,6186,11789,36,320,771,968,1527],"class_list":["post-47110","post","type-post","status-publish","format-standard","hentry","category-1-weltkrieg","category-sterbebilder","category-frankreich-1-weltkrieg","category-vogesenkampfe","tag-223-infanterie-regiment","tag-223-reserve-infanterie-regiment","tag-bertrimoutier","tag-d-stempel-ag","tag-eckenheim","tag-feldlazarett-7","tag-frankfurt-am-main","tag-frankfurt-eckenheim","tag-frankreich","tag-musketier","tag-schwere-verwundung","tag-wehrmann","tag-westfront"],"_links":{"self":[{"href":"https:\/\/geschichte-hautnah.de\/www\/index.php?rest_route=\/wp\/v2\/posts\/47110","targetHints":{"allow":["GET"]}}],"collection":[{"href":"https:\/\/geschichte-hautnah.de\/www\/index.php?rest_route=\/wp\/v2\/posts"}],"about":[{"href":"https:\/\/geschichte-hautnah.de\/www\/index.php?rest_route=\/wp\/v2\/types\/post"}],"author":[{"embeddable":true,"href":"https:\/\/geschichte-hautnah.de\/www\/index.php?rest_route=\/wp\/v2\/users\/2"}],"replies":[{"embeddable":true,"href":"https:\/\/geschichte-hautnah.de\/www\/index.php?rest_route=%2Fwp%2Fv2%2Fcomments&post=47110"}],"version-history":[{"count":3,"href":"https:\/\/geschichte-hautnah.de\/www\/index.php?rest_route=\/wp\/v2\/posts\/47110\/revisions"}],"predecessor-version":[{"id":47115,"href":"https:\/\/geschichte-hautnah.de\/www\/index.php?rest_route=\/wp\/v2\/posts\/47110\/revisions\/47115"}],"wp:attachment":[{"href":"https:\/\/geschichte-hautnah.de\/www\/index.php?rest_route=%2Fwp%2Fv2%2Fmedia&parent=47110"}],"wp:term":[{"taxonomy":"category","embeddable":true,"href":"https:\/\/geschichte-hautnah.de\/www\/index.php?rest_route=%2Fwp%2Fv2%2Fcategories&post=47110"},{"taxonomy":"post_tag","embeddable":true,"href":"https:\/\/geschichte-hautnah.de\/www\/index.php?rest_route=%2Fwp%2Fv2%2Ftags&post=47110"}],"curies":[{"name":"wp","href":"https:\/\/api.w.org\/{rel}","templated":true}]}}