{"id":47966,"date":"2023-05-19T12:00:02","date_gmt":"2023-05-19T10:00:02","guid":{"rendered":"https:\/\/geschichte-hautnah.de\/www\/?p=47966"},"modified":"2023-05-18T16:07:03","modified_gmt":"2023-05-18T14:07:03","slug":"die-maenner-des-ersten-weltkrieges-sonderbeitrag-frankfurter-volkszeitung-29-willi-gaertner","status":"publish","type":"post","link":"https:\/\/geschichte-hautnah.de\/www\/?p=47966","title":{"rendered":"Die M\u00e4nner des Ersten Weltkrieges \u2013 Sonderbeitrag Frankfurter Volkszeitung 29: Willi G\u00e4rtner"},"content":{"rendered":"<p>Der Soldat Willi (Verlustliste: Wilhelm) G\u00e4rtner stammte aus Frankfurt am Main. Im Ersten Weltkrieg k\u00e4mpfte er als Gefreiter und J\u00e4ger in der 2. Kompanie des 11. J\u00e4ger-Bataillons. Am 11.02.1915 fiel er im Alter von 23 Jahren bei <a href=\"https:\/\/de.wikipedia.org\/wiki\/La_Bass%C3%A9e\" target=\"_blank\" rel=\"noopener\">La Bass\u00e9e<\/a>.<\/p>\n<p>Man begrub Willi G\u00e4rtner auf dem Soldatenfriedhof <span data-sheets-value=\"{&quot;1&quot;:2,&quot;2&quot;:&quot;Lens-Sallaumines&quot;}\" data-sheets-userformat=\"{&quot;2&quot;:1,&quot;3&quot;:{&quot;1&quot;:0,&quot;3&quot;:1}}\" data-sheets-formula=\"=HYPERLINK(&quot;https:\/\/www.google.de\/maps\/place\/Sallaumines,+Frankreich\/@50.4215311,2.8455674,14z\/data=!3m1!4b1!4m5!3m4!1s0x47dd316c091193bd:0x40af13e8163d580!8m2!3d50.421504!4d2.857594&quot;;&quot;Lens-Sallaumines&quot;)\" data-sheets-hyperlink=\"https:\/\/www.google.de\/maps\/place\/Sallaumines,+Frankreich\/@50.4215311,2.8455674,14z\/data=!3m1!4b1!4m5!3m4!1s0x47dd316c091193bd:0x40af13e8163d580!8m2!3d50.421504!4d2.857594\"><a class=\"in-cell-link\" href=\"https:\/\/www.google.de\/maps\/place\/Sallaumines,+Frankreich\/@50.4215311,2.8455674,14z\/data=!3m1!4b1!4m5!3m4!1s0x47dd316c091193bd:0x40af13e8163d580!8m2!3d50.421504!4d2.857594\" target=\"_blank\" rel=\"noopener\">Lens-Sallaumines<\/a><\/span> in Block 7, Grab 212.<\/p>\n<p>Willi G\u00e4rtner war 1. Schriftf\u00fchrer des Vereins ehemaliger Domsch\u00fcler. In der Frauenfriedenskirche gedenkt man Willi G\u00e4rtner noch heute auf einem Denkmal: <a href=\"http:\/\/www.denkmalprojekt.org\/2013\/bockenheim-frauenfriedenskirche-ehrenhof_wk1_hs.html\" target=\"_blank\" rel=\"noopener\">http:\/\/www.denkmalprojekt.org\/2013\/bockenheim-frauenfriedenskirche-ehrenhof_wk1_hs.html<\/a><\/p>\n<figure id=\"attachment_47967\" aria-describedby=\"caption-attachment-47967\" style=\"width: 800px\" class=\"wp-caption aligncenter\"><img loading=\"lazy\" decoding=\"async\" class=\"size-full wp-image-47967\" src=\"https:\/\/geschichte-hautnah.de\/www\/wp-content\/uploads\/2023\/05\/Willi-Gaertner-1.jpg\" alt=\"\" width=\"800\" height=\"543\" srcset=\"https:\/\/geschichte-hautnah.de\/www\/wp-content\/uploads\/2023\/05\/Willi-Gaertner-1.jpg 800w, https:\/\/geschichte-hautnah.de\/www\/wp-content\/uploads\/2023\/05\/Willi-Gaertner-1-300x204.jpg 300w, https:\/\/geschichte-hautnah.de\/www\/wp-content\/uploads\/2023\/05\/Willi-Gaertner-1-768x521.jpg 768w\" sizes=\"auto, (max-width: 800px) 100vw, 800px\" \/><figcaption id=\"caption-attachment-47967\" class=\"wp-caption-text\">Todesanzeige f\u00fcr Willi G\u00e4rtner<\/figcaption><\/figure>\n<figure id=\"attachment_47968\" aria-describedby=\"caption-attachment-47968\" style=\"width: 800px\" class=\"wp-caption aligncenter\"><img loading=\"lazy\" decoding=\"async\" class=\"size-full wp-image-47968\" src=\"https:\/\/geschichte-hautnah.de\/www\/wp-content\/uploads\/2023\/05\/Willi-Gaertner-2.jpg\" alt=\"\" width=\"800\" height=\"551\" srcset=\"https:\/\/geschichte-hautnah.de\/www\/wp-content\/uploads\/2023\/05\/Willi-Gaertner-2.jpg 800w, https:\/\/geschichte-hautnah.de\/www\/wp-content\/uploads\/2023\/05\/Willi-Gaertner-2-300x207.jpg 300w, https:\/\/geschichte-hautnah.de\/www\/wp-content\/uploads\/2023\/05\/Willi-Gaertner-2-768x529.jpg 768w\" sizes=\"auto, (max-width: 800px) 100vw, 800px\" \/><figcaption id=\"caption-attachment-47968\" class=\"wp-caption-text\">Todesanzeige f\u00fcr Willi G\u00e4rtner<\/figcaption><\/figure>\n","protected":false},"excerpt":{"rendered":"<p>Der Soldat Willi (Verlustliste: Wilhelm) G\u00e4rtner stammte aus Frankfurt am Main. Im Ersten Weltkrieg k\u00e4mpfte er als Gefreiter und J\u00e4ger in der 2. Kompanie des 11. J\u00e4ger-Bataillons. Am 11.02.1915 fiel er im Alter von 23 Jahren bei La Bass\u00e9e. Man begrub Willi G\u00e4rtner auf dem Soldatenfriedhof Lens-Sallaumines in Block 7, Grab 212. Willi G\u00e4rtner war [&hellip;]<\/p>\n","protected":false},"author":2,"featured_media":0,"comment_status":"closed","ping_status":"closed","sticky":false,"template":"","format":"standard","meta":{"footnotes":"","_wp_rev_ctl_limit":""},"categories":[2,8,1876],"tags":[1930,11683,217,6186,36,153,48,233,3145,1586,1527],"class_list":["post-47966","post","type-post","status-publish","format-standard","hentry","category-1-weltkrieg","category-sterbebilder","category-frankreich-1-weltkrieg","tag-11-jaeger-bataillon","tag-bockenheim","tag-denkmal","tag-frankfurt-am-main","tag-frankreich","tag-gefreiter","tag-hessen","tag-jaeger","tag-la-bassee","tag-lens-sallaumines","tag-westfront"],"_links":{"self":[{"href":"https:\/\/geschichte-hautnah.de\/www\/index.php?rest_route=\/wp\/v2\/posts\/47966","targetHints":{"allow":["GET"]}}],"collection":[{"href":"https:\/\/geschichte-hautnah.de\/www\/index.php?rest_route=\/wp\/v2\/posts"}],"about":[{"href":"https:\/\/geschichte-hautnah.de\/www\/index.php?rest_route=\/wp\/v2\/types\/post"}],"author":[{"embeddable":true,"href":"https:\/\/geschichte-hautnah.de\/www\/index.php?rest_route=\/wp\/v2\/users\/2"}],"replies":[{"embeddable":true,"href":"https:\/\/geschichte-hautnah.de\/www\/index.php?rest_route=%2Fwp%2Fv2%2Fcomments&post=47966"}],"version-history":[{"count":3,"href":"https:\/\/geschichte-hautnah.de\/www\/index.php?rest_route=\/wp\/v2\/posts\/47966\/revisions"}],"predecessor-version":[{"id":47973,"href":"https:\/\/geschichte-hautnah.de\/www\/index.php?rest_route=\/wp\/v2\/posts\/47966\/revisions\/47973"}],"wp:attachment":[{"href":"https:\/\/geschichte-hautnah.de\/www\/index.php?rest_route=%2Fwp%2Fv2%2Fmedia&parent=47966"}],"wp:term":[{"taxonomy":"category","embeddable":true,"href":"https:\/\/geschichte-hautnah.de\/www\/index.php?rest_route=%2Fwp%2Fv2%2Fcategories&post=47966"},{"taxonomy":"post_tag","embeddable":true,"href":"https:\/\/geschichte-hautnah.de\/www\/index.php?rest_route=%2Fwp%2Fv2%2Ftags&post=47966"}],"curies":[{"name":"wp","href":"https:\/\/api.w.org\/{rel}","templated":true}]}}