{"id":49202,"date":"2023-07-26T12:00:28","date_gmt":"2023-07-26T10:00:28","guid":{"rendered":"https:\/\/geschichte-hautnah.de\/www\/?p=49202"},"modified":"2023-07-25T14:28:29","modified_gmt":"2023-07-25T12:28:29","slug":"sonderbeitrag-die-britische-soldatenfriedhof-in-le-treport-und-die-drei-gefallenen-deutschen","status":"publish","type":"post","link":"https:\/\/geschichte-hautnah.de\/www\/?p=49202","title":{"rendered":"Sonderbeitrag: Die britische Soldatenfriedhof in Le Tr\u00e9port und die drei gefallenen Deutschen"},"content":{"rendered":"<p>W\u00e4hrend meines derzeitigen Sommerurlaubs in <span class=\"yKMVIe\" role=\"heading\" aria-level=\"1\"><a href=\"https:\/\/de.wikipedia.org\/wiki\/Le_Tr%C3%A9port\" target=\"_blank\" rel=\"noopener\">Le Tr\u00e9port<\/a> in der Normandie stie\u00df ich durch Zufall auf einen britischen Soldatenfriedhof. Interessant ist, dass auf diesem Soldatenfriedhof auch drei deutsche Soldaten des Ersten Weltkrieges begraben liegen. Sie wurden nicht, wie sonst \u00fcblich, nach dem Krieg auf einen deutschen Soldatenfriedhof umgebettet. Es handelt sich dabei um folgende Gefallenen:<\/span><\/p>\n<p>Der Gefreite <strong>Alfred Meyer<\/strong> stammte aus der Stadt <a href=\"https:\/\/de.wikipedia.org\/wiki\/Bochum\" target=\"_blank\" rel=\"noopener\">Bochum<\/a> im heutigen Bundesland Nordrhein-Westfalen. Im Ersten Weltkrieg k\u00e4mpfte er in der 8. Kompanie des 15. Infanterie-Regiment. Am 05.06.1915 starb er in Gefangenschaft, in die er w\u00e4hrend der Schlacht bei La Bassee und Arras geraten war. Man begrub ihn in Block 1 Reihe O Grab 4<\/p>\n<figure id=\"attachment_49211\" aria-describedby=\"caption-attachment-49211\" style=\"width: 676px\" class=\"wp-caption aligncenter\"><img loading=\"lazy\" decoding=\"async\" class=\"size-full wp-image-49211\" src=\"https:\/\/geschichte-hautnah.de\/www\/wp-content\/uploads\/2023\/07\/Alfred-Meyer.jpg\" alt=\"\" width=\"676\" height=\"1000\" srcset=\"https:\/\/geschichte-hautnah.de\/www\/wp-content\/uploads\/2023\/07\/Alfred-Meyer.jpg 676w, https:\/\/geschichte-hautnah.de\/www\/wp-content\/uploads\/2023\/07\/Alfred-Meyer-203x300.jpg 203w, https:\/\/geschichte-hautnah.de\/www\/wp-content\/uploads\/2023\/07\/Alfred-Meyer-541x800.jpg 541w\" sizes=\"auto, (max-width: 676px) 100vw, 676px\" \/><figcaption id=\"caption-attachment-49211\" class=\"wp-caption-text\">Grab von Alfred Meyer<\/figcaption><\/figure>\n<p>Ersatz-Reservist <strong>Theodor Schug<\/strong> aus <a href=\"https:\/\/de.wikipedia.org\/wiki\/H%C3%B6rschhausen\" target=\"_blank\" rel=\"noopener\">H\u00f6rschhausen<\/a> im heutigen Bundesland Rheinland-Pfalz. Er k\u00e4mpfte in der 5. Kompanie des 57. Infanterie-Regiment. Er fiel am 27.05.1916 (Regimentsgeschichte: gestorben am 27.05.1915) und wurde in Block 2 Reihe M Grab 7 begraben.<\/p>\n<figure id=\"attachment_49207\" aria-describedby=\"caption-attachment-49207\" style=\"width: 450px\" class=\"wp-caption aligncenter\"><img loading=\"lazy\" decoding=\"async\" class=\"size-full wp-image-49207\" src=\"https:\/\/geschichte-hautnah.de\/www\/wp-content\/uploads\/2023\/07\/Theodor-Schug.jpg\" alt=\"\" width=\"450\" height=\"1000\" srcset=\"https:\/\/geschichte-hautnah.de\/www\/wp-content\/uploads\/2023\/07\/Theodor-Schug.jpg 450w, https:\/\/geschichte-hautnah.de\/www\/wp-content\/uploads\/2023\/07\/Theodor-Schug-135x300.jpg 135w, https:\/\/geschichte-hautnah.de\/www\/wp-content\/uploads\/2023\/07\/Theodor-Schug-360x800.jpg 360w\" sizes=\"auto, (max-width: 450px) 100vw, 450px\" \/><figcaption id=\"caption-attachment-49207\" class=\"wp-caption-text\">Grab von Theodor Schug<\/figcaption><\/figure>\n<p>Der Musketier <strong>Karl Terner<\/strong> stammte aus der Hauptstadt des heutigen Bundeslandes Nordrhein-Westfalen, <a href=\"https:\/\/de.wikipedia.org\/wiki\/D%C3%BCsseldorf\" target=\"_blank\" rel=\"noopener\">D\u00fcsseldorf<\/a>. Im Ersten Weltkrieg k\u00e4mpfte er in der 3. Kompanie des 57. Infanterie-Regiment. Am 23.05.1916 (Regimentsgeschichte: 23.05.1915) starb er in franz\u00f6sischer Kriegsgefangenschaft. Man begrub ihn in Block 2 Reihe M Grab 8.<\/p>\n<figure id=\"attachment_49209\" aria-describedby=\"caption-attachment-49209\" style=\"width: 450px\" class=\"wp-caption aligncenter\"><img loading=\"lazy\" decoding=\"async\" class=\"size-full wp-image-49209\" src=\"https:\/\/geschichte-hautnah.de\/www\/wp-content\/uploads\/2023\/07\/Karl-Terner.jpg\" alt=\"\" width=\"450\" height=\"1000\" srcset=\"https:\/\/geschichte-hautnah.de\/www\/wp-content\/uploads\/2023\/07\/Karl-Terner.jpg 450w, https:\/\/geschichte-hautnah.de\/www\/wp-content\/uploads\/2023\/07\/Karl-Terner-135x300.jpg 135w, https:\/\/geschichte-hautnah.de\/www\/wp-content\/uploads\/2023\/07\/Karl-Terner-360x800.jpg 360w\" sizes=\"auto, (max-width: 450px) 100vw, 450px\" \/><figcaption id=\"caption-attachment-49209\" class=\"wp-caption-text\">Grab von Karl Terner<\/figcaption><\/figure>\n<div class=\"EGmpye\">Hier ein paar fotografische Eindr\u00fccke des Friedhofs, der ausgesprochen gut gepflegt wird:<\/div>\n<div><img loading=\"lazy\" decoding=\"async\" class=\"aligncenter size-full wp-image-49213\" src=\"https:\/\/geschichte-hautnah.de\/www\/wp-content\/uploads\/2023\/07\/IMG_20230725_120656.jpg\" alt=\"\" width=\"1500\" height=\"675\" srcset=\"https:\/\/geschichte-hautnah.de\/www\/wp-content\/uploads\/2023\/07\/IMG_20230725_120656.jpg 1500w, https:\/\/geschichte-hautnah.de\/www\/wp-content\/uploads\/2023\/07\/IMG_20230725_120656-300x135.jpg 300w, https:\/\/geschichte-hautnah.de\/www\/wp-content\/uploads\/2023\/07\/IMG_20230725_120656-800x360.jpg 800w, https:\/\/geschichte-hautnah.de\/www\/wp-content\/uploads\/2023\/07\/IMG_20230725_120656-768x346.jpg 768w\" sizes=\"auto, (max-width: 1500px) 100vw, 1500px\" \/> <img loading=\"lazy\" decoding=\"async\" class=\"aligncenter size-full wp-image-49214\" src=\"https:\/\/geschichte-hautnah.de\/www\/wp-content\/uploads\/2023\/07\/IMG_20230725_120618.jpg\" alt=\"\" width=\"1500\" height=\"675\" srcset=\"https:\/\/geschichte-hautnah.de\/www\/wp-content\/uploads\/2023\/07\/IMG_20230725_120618.jpg 1500w, https:\/\/geschichte-hautnah.de\/www\/wp-content\/uploads\/2023\/07\/IMG_20230725_120618-300x135.jpg 300w, https:\/\/geschichte-hautnah.de\/www\/wp-content\/uploads\/2023\/07\/IMG_20230725_120618-800x360.jpg 800w, https:\/\/geschichte-hautnah.de\/www\/wp-content\/uploads\/2023\/07\/IMG_20230725_120618-768x346.jpg 768w\" sizes=\"auto, (max-width: 1500px) 100vw, 1500px\" \/> <img loading=\"lazy\" decoding=\"async\" class=\"aligncenter size-full wp-image-49215\" src=\"https:\/\/geschichte-hautnah.de\/www\/wp-content\/uploads\/2023\/07\/IMG_20230725_120555.jpg\" alt=\"\" width=\"1500\" height=\"675\" srcset=\"https:\/\/geschichte-hautnah.de\/www\/wp-content\/uploads\/2023\/07\/IMG_20230725_120555.jpg 1500w, https:\/\/geschichte-hautnah.de\/www\/wp-content\/uploads\/2023\/07\/IMG_20230725_120555-300x135.jpg 300w, https:\/\/geschichte-hautnah.de\/www\/wp-content\/uploads\/2023\/07\/IMG_20230725_120555-800x360.jpg 800w, https:\/\/geschichte-hautnah.de\/www\/wp-content\/uploads\/2023\/07\/IMG_20230725_120555-768x346.jpg 768w\" sizes=\"auto, (max-width: 1500px) 100vw, 1500px\" \/> <img loading=\"lazy\" decoding=\"async\" class=\"aligncenter size-full wp-image-49216\" src=\"https:\/\/geschichte-hautnah.de\/www\/wp-content\/uploads\/2023\/07\/IMG_20230725_120542.jpg\" alt=\"\" width=\"675\" height=\"1500\" srcset=\"https:\/\/geschichte-hautnah.de\/www\/wp-content\/uploads\/2023\/07\/IMG_20230725_120542.jpg 675w, https:\/\/geschichte-hautnah.de\/www\/wp-content\/uploads\/2023\/07\/IMG_20230725_120542-135x300.jpg 135w, https:\/\/geschichte-hautnah.de\/www\/wp-content\/uploads\/2023\/07\/IMG_20230725_120542-360x800.jpg 360w\" sizes=\"auto, (max-width: 675px) 100vw, 675px\" \/> <img loading=\"lazy\" decoding=\"async\" class=\"aligncenter size-full wp-image-49217\" src=\"https:\/\/geschichte-hautnah.de\/www\/wp-content\/uploads\/2023\/07\/IMG_20230725_120257.jpg\" alt=\"\" width=\"1500\" height=\"675\" srcset=\"https:\/\/geschichte-hautnah.de\/www\/wp-content\/uploads\/2023\/07\/IMG_20230725_120257.jpg 1500w, https:\/\/geschichte-hautnah.de\/www\/wp-content\/uploads\/2023\/07\/IMG_20230725_120257-300x135.jpg 300w, https:\/\/geschichte-hautnah.de\/www\/wp-content\/uploads\/2023\/07\/IMG_20230725_120257-800x360.jpg 800w, https:\/\/geschichte-hautnah.de\/www\/wp-content\/uploads\/2023\/07\/IMG_20230725_120257-768x346.jpg 768w\" sizes=\"auto, (max-width: 1500px) 100vw, 1500px\" \/> <img loading=\"lazy\" decoding=\"async\" class=\"aligncenter size-full wp-image-49218\" src=\"https:\/\/geschichte-hautnah.de\/www\/wp-content\/uploads\/2023\/07\/IMG_20230725_120220.jpg\" alt=\"\" width=\"1500\" height=\"675\" srcset=\"https:\/\/geschichte-hautnah.de\/www\/wp-content\/uploads\/2023\/07\/IMG_20230725_120220.jpg 1500w, https:\/\/geschichte-hautnah.de\/www\/wp-content\/uploads\/2023\/07\/IMG_20230725_120220-300x135.jpg 300w, https:\/\/geschichte-hautnah.de\/www\/wp-content\/uploads\/2023\/07\/IMG_20230725_120220-800x360.jpg 800w, https:\/\/geschichte-hautnah.de\/www\/wp-content\/uploads\/2023\/07\/IMG_20230725_120220-768x346.jpg 768w\" sizes=\"auto, (max-width: 1500px) 100vw, 1500px\" \/><\/div>\n","protected":false},"excerpt":{"rendered":"<p>W\u00e4hrend meines derzeitigen Sommerurlaubs in Le Tr\u00e9port in der Normandie stie\u00df ich durch Zufall auf einen britischen Soldatenfriedhof. Interessant ist, dass auf diesem Soldatenfriedhof auch drei deutsche Soldaten des Ersten Weltkrieges begraben liegen. Sie wurden nicht, wie sonst \u00fcblich, nach dem Krieg auf einen deutschen Soldatenfriedhof umgebettet. Es handelt sich dabei um folgende Gefallenen: Der [&hellip;]<\/p>\n","protected":false},"author":2,"featured_media":0,"comment_status":"closed","ping_status":"closed","sticky":false,"template":"","format":"standard","meta":{"footnotes":"","_wp_rev_ctl_limit":""},"categories":[2,448,1876],"tags":[8019,5132,36,12291,12290,2609,12289,2747,2477,4768,2646,1527],"class_list":["post-49202","post","type-post","status-publish","format-standard","hentry","category-1-weltkrieg","category-arras","category-frankreich-1-weltkrieg","tag-bochum","tag-duesseldorf","tag-frankreich","tag-hoerschhausen","tag-le-treport","tag-nordrhein-westfalen","tag-normandie","tag-rheinland-pfalz","tag-schlacht-bei-la-bassee-und-arras","tag-soldatenfriedhof","tag-umbettung","tag-westfront"],"_links":{"self":[{"href":"https:\/\/geschichte-hautnah.de\/www\/index.php?rest_route=\/wp\/v2\/posts\/49202","targetHints":{"allow":["GET"]}}],"collection":[{"href":"https:\/\/geschichte-hautnah.de\/www\/index.php?rest_route=\/wp\/v2\/posts"}],"about":[{"href":"https:\/\/geschichte-hautnah.de\/www\/index.php?rest_route=\/wp\/v2\/types\/post"}],"author":[{"embeddable":true,"href":"https:\/\/geschichte-hautnah.de\/www\/index.php?rest_route=\/wp\/v2\/users\/2"}],"replies":[{"embeddable":true,"href":"https:\/\/geschichte-hautnah.de\/www\/index.php?rest_route=%2Fwp%2Fv2%2Fcomments&post=49202"}],"version-history":[{"count":3,"href":"https:\/\/geschichte-hautnah.de\/www\/index.php?rest_route=\/wp\/v2\/posts\/49202\/revisions"}],"predecessor-version":[{"id":49221,"href":"https:\/\/geschichte-hautnah.de\/www\/index.php?rest_route=\/wp\/v2\/posts\/49202\/revisions\/49221"}],"wp:attachment":[{"href":"https:\/\/geschichte-hautnah.de\/www\/index.php?rest_route=%2Fwp%2Fv2%2Fmedia&parent=49202"}],"wp:term":[{"taxonomy":"category","embeddable":true,"href":"https:\/\/geschichte-hautnah.de\/www\/index.php?rest_route=%2Fwp%2Fv2%2Fcategories&post=49202"},{"taxonomy":"post_tag","embeddable":true,"href":"https:\/\/geschichte-hautnah.de\/www\/index.php?rest_route=%2Fwp%2Fv2%2Ftags&post=49202"}],"curies":[{"name":"wp","href":"https:\/\/api.w.org\/{rel}","templated":true}]}}