{"id":5149,"date":"2019-02-26T00:00:46","date_gmt":"2019-02-25T23:00:46","guid":{"rendered":"http:\/\/geschichte-hautnah.de\/www\/?p=5149"},"modified":"2018-10-10T13:23:06","modified_gmt":"2018-10-10T11:23:06","slug":"die-maenner-des-ersten-weltkriegs-teil-426","status":"publish","type":"post","link":"https:\/\/geschichte-hautnah.de\/www\/?p=5149","title":{"rendered":"Die M\u00e4nner des Ersten Weltkriegs \u2013 Teil 426: Michael Wantm\u00fcller"},"content":{"rendered":"<p>Der Landwirt Michael Wantm\u00fcller wurde am 28.05.1876 in <a href=\"https:\/\/goo.gl\/maps\/65PShouYQTF2\" target=\"_blank\" rel=\"noopener\">Oberg\u00fcnzburg<\/a> geboren und lebte in <a href=\"https:\/\/goo.gl\/maps\/AfBxMAcjs3U2\" target=\"_blank\" rel=\"noopener\">Ebersbach<\/a>, einem Ortsteil von Oberg\u00fcnrburg. Er diente im Ersten Weltkrieg als Wehrmann in der\u00a08. Kompanie des 3. Landwehr-Infanterie-Regiments und fiel am 21.06.1915 am <a href=\"https:\/\/fr.wikipedia.org\/wiki\/Hilsenfirst\" target=\"_blank\" rel=\"noopener\">Hilsenfirst<\/a> bei M\u00fcnster im Elsass.<\/p>\n<p>Beigesetzt wurde Michael Wantm\u00fcller auf dem Soldatenfriedhof\u00a0<span data-sheets-value=\"{&quot;1&quot;:2,&quot;2&quot;:&quot;Breitenbach&quot;}\" data-sheets-userformat=\"{&quot;2&quot;:1057281,&quot;3&quot;:[null,0],&quot;12&quot;:0,&quot;16&quot;:10,&quot;23&quot;:1}\" data-sheets-formula=\"=HYPERLINK(&quot;https:\/\/www.google.de\/maps\/place\/68380+Breitenbach-Haut-Rhin,+Frankreich\/@48.0219161,7.0813125,14z\/data=!4m5!3m4!1s0x4793d764830f1509:0x40a5fb99a393e10!8m2!3d48.023162!4d7.102267&quot;;&quot;Breitenbach&quot;)\"><a class=\"in-cell-link\" href=\"https:\/\/www.google.de\/maps\/place\/68380+Breitenbach-Haut-Rhin,+Frankreich\/@48.0219161,7.0813125,14z\/data=!4m5!3m4!1s0x4793d764830f1509:0x40a5fb99a393e10!8m2!3d48.023162!4d7.102267\" target=\"_blank\" rel=\"noopener\">Breitenbach<\/a>\u00a0in einem Massengrab.<\/span><\/p>\n<figure id=\"attachment_5148\" aria-describedby=\"caption-attachment-5148\" style=\"width: 489px\" class=\"wp-caption aligncenter\"><img loading=\"lazy\" decoding=\"async\" class=\"wp-image-5148 size-full\" src=\"http:\/\/geschichte-hautnah.de\/www\/wp-content\/uploads\/2018\/10\/Michael_Wantm\u00fcller_v.jpeg\" alt=\"\" width=\"489\" height=\"800\" srcset=\"https:\/\/geschichte-hautnah.de\/www\/wp-content\/uploads\/2018\/10\/Michael_Wantm\u00fcller_v.jpeg 489w, https:\/\/geschichte-hautnah.de\/www\/wp-content\/uploads\/2018\/10\/Michael_Wantm\u00fcller_v-183x300.jpeg 183w\" sizes=\"auto, (max-width: 489px) 100vw, 489px\" \/><figcaption id=\"caption-attachment-5148\" class=\"wp-caption-text\">Sterbebild von Michael Wantm\u00fcller<\/figcaption><\/figure>\n<figure id=\"attachment_5147\" aria-describedby=\"caption-attachment-5147\" style=\"width: 489px\" class=\"wp-caption aligncenter\"><img loading=\"lazy\" decoding=\"async\" class=\"wp-image-5147 size-full\" src=\"http:\/\/geschichte-hautnah.de\/www\/wp-content\/uploads\/2018\/10\/Michael_Wantm\u00fcller_h.jpeg\" alt=\"\" width=\"489\" height=\"800\" srcset=\"https:\/\/geschichte-hautnah.de\/www\/wp-content\/uploads\/2018\/10\/Michael_Wantm\u00fcller_h.jpeg 489w, https:\/\/geschichte-hautnah.de\/www\/wp-content\/uploads\/2018\/10\/Michael_Wantm\u00fcller_h-183x300.jpeg 183w\" sizes=\"auto, (max-width: 489px) 100vw, 489px\" \/><figcaption id=\"caption-attachment-5147\" class=\"wp-caption-text\">R\u00fcckseite des Sterbebildes von Michael Wantm\u00fcller<\/figcaption><\/figure>\n<p>&nbsp;<\/p>\n<p>Der theoretische Weg von Michael Wantm\u00fcller von seinem Heimatort \u00fcber seinen Sterbeort zu seinem Grab:<\/p>\n<p><iframe loading=\"lazy\" style=\"border: 0;\" src=\"https:\/\/www.google.com\/maps\/embed?pb=!1m34!1m12!1m3!1d684297.9044191503!2d8.218685407590055!3d47.93563533173599!2m3!1f0!2f0!3f0!3m2!1i1024!2i768!4f13.1!4m19!3e2!4m5!1s0x479c723c68a95c19%3A0x445a25997835e362!2sEbersbach%2C+87634+Oberg%C3%BCnzburg!3m2!1d47.8536916!2d10.472477399999999!4m5!1s0x4793d6ea687d745f%3A0xfb8982410cdb1352!2sHilsenfirst%2C+Sondernach%2C+Frankreich!3m2!1d47.964481899999996!2d7.085064999999999!4m5!1s0x4793d764830f1509%3A0x40a5fb99a393e10!2sBreitenbach-Haut-Rhin%2C+Frankreich!3m2!1d48.023162!2d7.102266999999999!5e0!3m2!1sde!2sde!4v1539169917070\" width=\"600\" height=\"450\" frameborder=\"0\" allowfullscreen=\"allowfullscreen\"><\/iframe><\/p>\n","protected":false},"excerpt":{"rendered":"<p>Der Landwirt Michael Wantm\u00fcller wurde am 28.05.1876 in Oberg\u00fcnzburg geboren und lebte in Ebersbach, einem Ortsteil von Oberg\u00fcnrburg. Er diente im Ersten Weltkrieg als Wehrmann in der\u00a08. Kompanie des 3. Landwehr-Infanterie-Regiments und fiel am 21.06.1915 am Hilsenfirst bei M\u00fcnster im Elsass. Beigesetzt wurde Michael Wantm\u00fcller auf dem Soldatenfriedhof\u00a0Breitenbach\u00a0in einem Massengrab. &nbsp; Der theoretische Weg von [&hellip;]<\/p>\n","protected":false},"author":2,"featured_media":0,"comment_status":"closed","ping_status":"closed","sticky":false,"template":"","format":"standard","meta":{"footnotes":"","_wp_rev_ctl_limit":""},"categories":[2,8,18],"tags":[919,88,1487,1488,293,402,1486,968],"class_list":["post-5149","post","type-post","status-publish","format-standard","hentry","category-1-weltkrieg","category-sterbebilder","category-vogesenkampfe","tag-3-landwehr-infanterie-regiment","tag-breitenbach","tag-ebersbach","tag-hilsenfirst","tag-landwirt","tag-muenster-elsass","tag-oberguenzburg","tag-wehrmann"],"_links":{"self":[{"href":"https:\/\/geschichte-hautnah.de\/www\/index.php?rest_route=\/wp\/v2\/posts\/5149","targetHints":{"allow":["GET"]}}],"collection":[{"href":"https:\/\/geschichte-hautnah.de\/www\/index.php?rest_route=\/wp\/v2\/posts"}],"about":[{"href":"https:\/\/geschichte-hautnah.de\/www\/index.php?rest_route=\/wp\/v2\/types\/post"}],"author":[{"embeddable":true,"href":"https:\/\/geschichte-hautnah.de\/www\/index.php?rest_route=\/wp\/v2\/users\/2"}],"replies":[{"embeddable":true,"href":"https:\/\/geschichte-hautnah.de\/www\/index.php?rest_route=%2Fwp%2Fv2%2Fcomments&post=5149"}],"version-history":[{"count":5,"href":"https:\/\/geschichte-hautnah.de\/www\/index.php?rest_route=\/wp\/v2\/posts\/5149\/revisions"}],"predecessor-version":[{"id":5154,"href":"https:\/\/geschichte-hautnah.de\/www\/index.php?rest_route=\/wp\/v2\/posts\/5149\/revisions\/5154"}],"wp:attachment":[{"href":"https:\/\/geschichte-hautnah.de\/www\/index.php?rest_route=%2Fwp%2Fv2%2Fmedia&parent=5149"}],"wp:term":[{"taxonomy":"category","embeddable":true,"href":"https:\/\/geschichte-hautnah.de\/www\/index.php?rest_route=%2Fwp%2Fv2%2Fcategories&post=5149"},{"taxonomy":"post_tag","embeddable":true,"href":"https:\/\/geschichte-hautnah.de\/www\/index.php?rest_route=%2Fwp%2Fv2%2Ftags&post=5149"}],"curies":[{"name":"wp","href":"https:\/\/api.w.org\/{rel}","templated":true}]}}