{"id":52848,"date":"2023-09-22T12:00:48","date_gmt":"2023-09-22T10:00:48","guid":{"rendered":"https:\/\/geschichte-hautnah.de\/www\/?p=52848"},"modified":"2024-01-15T20:07:20","modified_gmt":"2024-01-15T19:07:20","slug":"sonderbeitrag-willibald-schwind","status":"publish","type":"post","link":"https:\/\/geschichte-hautnah.de\/www\/?p=52848","title":{"rendered":"Sonderbeitrag: Willibald Schwind"},"content":{"rendered":"<p>Der Soldat Willibald Georg Karl Schwind stammte aus <a href=\"https:\/\/de.wikipedia.org\/wiki\/Schweinheim_(Aschaffenburg)\" target=\"_blank\" rel=\"noopener\">Schweinheim<\/a>, einem Stadtteil der bayerischen Stadt <a href=\"https:\/\/de.wikipedia.org\/wiki\/Aschaffenburg\" target=\"_blank\" rel=\"noopener\">Aschaffenburg<\/a> und arbeitete f\u00fcr die <a href=\"https:\/\/de.wikipedia.org\/wiki\/Dresdner_Bank\" target=\"_blank\" rel=\"noopener\">Dresdner Bank<\/a> in der hessischen Stadt <a href=\"https:\/\/de.wikipedia.org\/wiki\/Frankfurt_am_Main\" target=\"_blank\" rel=\"noopener\">Frankfurt am Main<\/a>. Im Ersten Weltkrieg k\u00e4mpfte er als Oberj\u00e4ger in der 1. Kompanie des 2. bayerischen J\u00e4ger-Bataillons. Am 21.09.1914 fiel er in Frankreich an der Westfront.<\/p>\n<p>Sterbeort und Grablage von Willibald Schwind sind unbekannt.<\/p>\n<p>In Schweinheim gedenkt man noch heute Willibald Schwind auf einem Denkmal: <a href=\"http:\/\/www.denkmalprojekt.org\/2016\/schweinheim_stadt_aschaffenburg_wk1_wk2_bay.html\" target=\"_blank\" rel=\"noopener\">http:\/\/www.denkmalprojekt.org\/2016\/schweinheim_stadt_aschaffenburg_wk1_wk2_bay.html<\/a><\/p>\n<figure id=\"attachment_52846\" aria-describedby=\"caption-attachment-52846\" style=\"width: 340px\" class=\"wp-caption aligncenter\"><img loading=\"lazy\" decoding=\"async\" class=\"size-full wp-image-52846\" src=\"https:\/\/geschichte-hautnah.de\/www\/wp-content\/uploads\/2023\/11\/Dresdner-Bank-1914-2.jpg\" alt=\"\" width=\"340\" height=\"1000\" srcset=\"https:\/\/geschichte-hautnah.de\/www\/wp-content\/uploads\/2023\/11\/Dresdner-Bank-1914-2.jpg 340w, https:\/\/geschichte-hautnah.de\/www\/wp-content\/uploads\/2023\/11\/Dresdner-Bank-1914-2-102x300.jpg 102w, https:\/\/geschichte-hautnah.de\/www\/wp-content\/uploads\/2023\/11\/Dresdner-Bank-1914-2-272x800.jpg 272w\" sizes=\"auto, (max-width: 340px) 100vw, 340px\" \/><figcaption id=\"caption-attachment-52846\" class=\"wp-caption-text\">Todesanzeige der Dresdner Bank f\u00fcr Richard Oles, Willy Otto, Richard Quaschnik, Otto Reiser, Paul Rother, Dr. Hermann Ruesch, Julius Schubert, Willibald Schwind, Georg Starck, Martin Strelitz und Hans Vogelgesang<\/figcaption><\/figure>\n","protected":false},"excerpt":{"rendered":"<p>Der Soldat Willibald Georg Karl Schwind stammte aus Schweinheim, einem Stadtteil der bayerischen Stadt Aschaffenburg und arbeitete f\u00fcr die Dresdner Bank in der hessischen Stadt Frankfurt am Main. Im Ersten Weltkrieg k\u00e4mpfte er als Oberj\u00e4ger in der 1. Kompanie des 2. bayerischen J\u00e4ger-Bataillons. Am 21.09.1914 fiel er in Frankreich an der Westfront. Sterbeort und Grablage [&hellip;]<\/p>\n","protected":false},"author":2,"featured_media":0,"comment_status":"closed","ping_status":"closed","sticky":false,"template":"","format":"standard","meta":{"footnotes":"","_wp_rev_ctl_limit":""},"categories":[2,8,1876],"tags":[2660,12877,1366,217,12990,6186,36,2813,12989,99,1527],"class_list":["post-52848","post","type-post","status-publish","format-standard","hentry","category-1-weltkrieg","category-sterbebilder","category-frankreich-1-weltkrieg","tag-2-bayerisches-jaeger-bataillon","tag-aschaffenburg","tag-bayern","tag-denkmal","tag-dresdner-bank","tag-frankfurt-am-main","tag-frankreich","tag-oberjaeger","tag-schweinheim","tag-unbekannte-grablage","tag-westfront"],"_links":{"self":[{"href":"https:\/\/geschichte-hautnah.de\/www\/index.php?rest_route=\/wp\/v2\/posts\/52848","targetHints":{"allow":["GET"]}}],"collection":[{"href":"https:\/\/geschichte-hautnah.de\/www\/index.php?rest_route=\/wp\/v2\/posts"}],"about":[{"href":"https:\/\/geschichte-hautnah.de\/www\/index.php?rest_route=\/wp\/v2\/types\/post"}],"author":[{"embeddable":true,"href":"https:\/\/geschichte-hautnah.de\/www\/index.php?rest_route=\/wp\/v2\/users\/2"}],"replies":[{"embeddable":true,"href":"https:\/\/geschichte-hautnah.de\/www\/index.php?rest_route=%2Fwp%2Fv2%2Fcomments&post=52848"}],"version-history":[{"count":3,"href":"https:\/\/geschichte-hautnah.de\/www\/index.php?rest_route=\/wp\/v2\/posts\/52848\/revisions"}],"predecessor-version":[{"id":52852,"href":"https:\/\/geschichte-hautnah.de\/www\/index.php?rest_route=\/wp\/v2\/posts\/52848\/revisions\/52852"}],"wp:attachment":[{"href":"https:\/\/geschichte-hautnah.de\/www\/index.php?rest_route=%2Fwp%2Fv2%2Fmedia&parent=52848"}],"wp:term":[{"taxonomy":"category","embeddable":true,"href":"https:\/\/geschichte-hautnah.de\/www\/index.php?rest_route=%2Fwp%2Fv2%2Fcategories&post=52848"},{"taxonomy":"post_tag","embeddable":true,"href":"https:\/\/geschichte-hautnah.de\/www\/index.php?rest_route=%2Fwp%2Fv2%2Ftags&post=52848"}],"curies":[{"name":"wp","href":"https:\/\/api.w.org\/{rel}","templated":true}]}}