{"id":5305,"date":"2019-03-17T00:00:23","date_gmt":"2019-03-16T23:00:23","guid":{"rendered":"http:\/\/geschichte-hautnah.de\/www\/?p=5305"},"modified":"2018-10-12T10:52:38","modified_gmt":"2018-10-12T08:52:38","slug":"die-maenner-des-ersten-weltkriegs-teil-442","status":"publish","type":"post","link":"https:\/\/geschichte-hautnah.de\/www\/?p=5305","title":{"rendered":"Die M\u00e4nner des Ersten Weltkriegs \u2013 Teil 442: Georg Brandl"},"content":{"rendered":"<p>Der Sch\u00fctze Georg Brandlmayer stammte aus <a href=\"https:\/\/goo.gl\/maps\/FFhRkY3qMtL2\" target=\"_blank\" rel=\"noopener\">Unterw\u00f6ssen<\/a>. Im Ersten Weltkrieg k\u00e4mpfte er in der\u00a01. MG Kompanie des 18. Reserve-Infanterie-Regiments. Er wurde mit dem Eisernen Kreuz 2. Klasse ausgezeichnet. Ab 01.08.1918 galt er zun\u00e4chst als vermisst, bevor klar wurde, dass er im Alter von 29 Jahren bei <a href=\"https:\/\/goo.gl\/maps\/jT6RpBcZfJQ2\" target=\"_blank\" rel=\"noopener\">Sommepy<\/a> gefallen war.<\/p>\n<p><span data-sheets-value=\"{&quot;1&quot;:2,&quot;2&quot;:&quot;Nampcel&quot;}\" data-sheets-userformat=\"{&quot;2&quot;:1049089,&quot;3&quot;:[null,0],&quot;12&quot;:0,&quot;23&quot;:1}\" data-sheets-formula=\"=HYPERLINK(&quot;https:\/\/www.google.de\/maps\/place\/60400+Nampcel,+Frankreich\/@49.4929395,2.8098806,10z\/data=!4m5!3m4!1s0x47e86561779ef2ff:0xaa5f0e8b47fbd517!8m2!3d49.485561!4d3.098879&quot;;&quot;Nampcel&quot;)\">Die sterblichen \u00dcberreste von Georg Brandl wurden auf dem Soldatenfriedhof <a class=\"in-cell-link\" href=\"https:\/\/www.google.de\/maps\/place\/60400+Nampcel,+Frankreich\/@49.4929395,2.8098806,10z\/data=!4m5!3m4!1s0x47e86561779ef2ff:0xaa5f0e8b47fbd517!8m2!3d49.485561!4d3.098879\" target=\"_blank\" rel=\"noopener\">Nampcel<\/a><\/span>\u00a0im Block 1, Grab 74 beigesetzt.<\/p>\n<figure id=\"attachment_5313\" aria-describedby=\"caption-attachment-5313\" style=\"width: 494px\" class=\"wp-caption aligncenter\"><img loading=\"lazy\" decoding=\"async\" class=\"wp-image-5313 size-full\" src=\"http:\/\/geschichte-hautnah.de\/www\/wp-content\/uploads\/2018\/10\/Georg_Brandl_v.jpeg\" alt=\"\" width=\"494\" height=\"800\" srcset=\"https:\/\/geschichte-hautnah.de\/www\/wp-content\/uploads\/2018\/10\/Georg_Brandl_v.jpeg 494w, https:\/\/geschichte-hautnah.de\/www\/wp-content\/uploads\/2018\/10\/Georg_Brandl_v-185x300.jpeg 185w\" sizes=\"auto, (max-width: 494px) 100vw, 494px\" \/><figcaption id=\"caption-attachment-5313\" class=\"wp-caption-text\">Sterbebild von Georg Brandl<\/figcaption><\/figure>\n<figure id=\"attachment_5312\" aria-describedby=\"caption-attachment-5312\" style=\"width: 494px\" class=\"wp-caption aligncenter\"><img loading=\"lazy\" decoding=\"async\" class=\"wp-image-5312 size-full\" src=\"http:\/\/geschichte-hautnah.de\/www\/wp-content\/uploads\/2018\/10\/Georg_Brandl_h.jpeg\" alt=\"\" width=\"494\" height=\"800\" srcset=\"https:\/\/geschichte-hautnah.de\/www\/wp-content\/uploads\/2018\/10\/Georg_Brandl_h.jpeg 494w, https:\/\/geschichte-hautnah.de\/www\/wp-content\/uploads\/2018\/10\/Georg_Brandl_h-185x300.jpeg 185w\" sizes=\"auto, (max-width: 494px) 100vw, 494px\" \/><figcaption id=\"caption-attachment-5312\" class=\"wp-caption-text\">R\u00fcckseite des Sterbebildes von Georg Brandl<\/figcaption><\/figure>\n<p>&nbsp;<\/p>\n<p>Der theoretische Weg von Georg Brandl von seinem Geburtsort \u00fcber seinen Sterbeort zu seinem Grab:<\/p>\n<p><iframe loading=\"lazy\" style=\"border: 0;\" src=\"https:\/\/www.google.com\/maps\/embed?pb=!1m34!1m12!1m3!1d2702439.5068478812!2d5.540796522630072!3d48.5887634075923!2m3!1f0!2f0!3f0!3m2!1i1024!2i768!4f13.1!4m19!3e2!4m5!1s0x477669c037deef0d%3A0x97ce003b45bb65e9!2sUnterw%C3%B6ssen!3m2!1d47.735516499999996!2d12.4571851!4m5!1s0x47ebcce53c9d3645%3A0x40a5fb99a3b4080!2s51600+Sommepy-Tahure%2C+Frankreich!3m2!1d49.250642899999995!2d4.557141!4m5!1s0x47e86561779ef2ff%3A0xaa5f0e8b47fbd517!2sNampcel%2C+Frankreich!3m2!1d49.485561!2d3.0988789999999997!5e0!3m2!1sde!2sde!4v1539334288185\" width=\"600\" height=\"450\" frameborder=\"0\" allowfullscreen=\"allowfullscreen\"><\/iframe><\/p>\n","protected":false},"excerpt":{"rendered":"<p>Der Sch\u00fctze Georg Brandlmayer stammte aus Unterw\u00f6ssen. Im Ersten Weltkrieg k\u00e4mpfte er in der\u00a01. MG Kompanie des 18. Reserve-Infanterie-Regiments. Er wurde mit dem Eisernen Kreuz 2. Klasse ausgezeichnet. Ab 01.08.1918 galt er zun\u00e4chst als vermisst, bevor klar wurde, dass er im Alter von 29 Jahren bei Sommepy gefallen war. Die sterblichen \u00dcberreste von Georg Brandl [&hellip;]<\/p>\n","protected":false},"author":2,"featured_media":0,"comment_status":"closed","ping_status":"closed","sticky":false,"template":"","format":"standard","meta":{"footnotes":"","_wp_rev_ctl_limit":""},"categories":[2,8,651],"tags":[96,112,1081,1529,670,1530,211],"class_list":["post-5305","post","type-post","status-publish","format-standard","hentry","category-1-weltkrieg","category-sterbebilder","category-schlacht-an-der-somme","tag-18-reserve-infanterie-regiment","tag-eisernes-kreuz-2-klasse","tag-mg-kompanie","tag-nampcel","tag-sommepy","tag-unterwoessen","tag-vermisst"],"_links":{"self":[{"href":"https:\/\/geschichte-hautnah.de\/www\/index.php?rest_route=\/wp\/v2\/posts\/5305","targetHints":{"allow":["GET"]}}],"collection":[{"href":"https:\/\/geschichte-hautnah.de\/www\/index.php?rest_route=\/wp\/v2\/posts"}],"about":[{"href":"https:\/\/geschichte-hautnah.de\/www\/index.php?rest_route=\/wp\/v2\/types\/post"}],"author":[{"embeddable":true,"href":"https:\/\/geschichte-hautnah.de\/www\/index.php?rest_route=\/wp\/v2\/users\/2"}],"replies":[{"embeddable":true,"href":"https:\/\/geschichte-hautnah.de\/www\/index.php?rest_route=%2Fwp%2Fv2%2Fcomments&post=5305"}],"version-history":[{"count":8,"href":"https:\/\/geschichte-hautnah.de\/www\/index.php?rest_route=\/wp\/v2\/posts\/5305\/revisions"}],"predecessor-version":[{"id":5326,"href":"https:\/\/geschichte-hautnah.de\/www\/index.php?rest_route=\/wp\/v2\/posts\/5305\/revisions\/5326"}],"wp:attachment":[{"href":"https:\/\/geschichte-hautnah.de\/www\/index.php?rest_route=%2Fwp%2Fv2%2Fmedia&parent=5305"}],"wp:term":[{"taxonomy":"category","embeddable":true,"href":"https:\/\/geschichte-hautnah.de\/www\/index.php?rest_route=%2Fwp%2Fv2%2Fcategories&post=5305"},{"taxonomy":"post_tag","embeddable":true,"href":"https:\/\/geschichte-hautnah.de\/www\/index.php?rest_route=%2Fwp%2Fv2%2Ftags&post=5305"}],"curies":[{"name":"wp","href":"https:\/\/api.w.org\/{rel}","templated":true}]}}