{"id":55341,"date":"2024-01-30T12:00:28","date_gmt":"2024-01-30T11:00:28","guid":{"rendered":"https:\/\/geschichte-hautnah.de\/www\/?p=55341"},"modified":"2024-01-26T20:10:23","modified_gmt":"2024-01-26T19:10:23","slug":"sonderbeitrag-friedrich-clausnitzer","status":"publish","type":"post","link":"https:\/\/geschichte-hautnah.de\/www\/?p=55341","title":{"rendered":"Sonderbeitrag: Friedrich Clausnitzer"},"content":{"rendered":"<p>Der Soldat Friedrich Clausnitzer wurde am 12.07.1885 geboren, stammte aus <a href=\"https:\/\/de.wikipedia.org\/wiki\/Geislingen_an_der_Steige\" target=\"_blank\" rel=\"noopener\">Geislingen an der Steige<\/a> im heutigen Bundesland Baden-W\u00fcrttemberg und war Bergassessor bei der <a href=\"https:\/\/de.wikipedia.org\/wiki\/Preu%C3%9Fische_Geologische_Landesanstalt\" target=\"_blank\" rel=\"noopener\">K\u00f6niglich Preu\u00dfischen Geologischen Landesanstalt<\/a>. Im Ersten Weltkrieg k\u00e4mpfte er als Oberleutnant im Stab des I. Bataillon des 125. Infanterie-Regiment. Am 11.09.1914 fiel er im Alter von 29 Jahren in Frankreich bei <a href=\"https:\/\/de.wikipedia.org\/wiki\/Rembercourt-Sommaisne\" target=\"_blank\" rel=\"noopener\">Sommaisne<\/a> bei Verdun.<\/p>\n<p>\u00dcber den Todestag und die Todesumst\u00e4nde von Friedrich Clausnitzer berichtet die Regimentsgeschichte des 125. Infanterie-Regiment:<\/p>\n<blockquote><p><em>&#8222;Am 11. September setzte das feindliche Artilleriefeuer wieder mit voller Wucht ein. Die in der Nacht ausgehobenen Deckungen gaben nur geringen Schutz, so dass leider wieder zahlreiche Verluste eintraten. Oberleutnant Clausnizer, der f\u00fcr den gefallenen Oberleutnant Ziegler zum Regimentsadjutanten ernannt worden war, wurde neben seinem Kommandeur durch einen Granatsplitter t\u00f6dlich getroffen. Weiter fiel der Leutnant der Reserve Hager. An den am 10. bzw. 11. September erhaltenen Wunden starben Hauptmann Romberg (6. Oktober 1914), Leutnant Wagner (11. September 1914) und Leutnant der Reserve Hedinger (17. September 1914).<\/em><\/p>\n<p><em>Am Abend des 11. September wurde die 52. Infanterie-Brigade zur Abl\u00f6sung der 51. vorgezogen, das Regiment marschierte nach der Vaux Marie Ferme. W\u00e4hrend der Ausf\u00fchrung dieser Bewegung traf der Befehl der Obersten Heeresleitung ein, dass noch in der Nacht die Stellungen der gesamten 5. Armee nach Norden zur\u00fcckzuverlegen seien.&#8220;<\/em><\/p><\/blockquote>\n<p>Man begrub Friedrich Clausnitzer auf dem Soldatenfriedhof <span data-sheets-root=\"1\" data-sheets-value=\"{&quot;1&quot;:2,&quot;2&quot;:&quot;Rembercourt-aux-Pots&quot;}\" data-sheets-userformat=\"{&quot;2&quot;:2049,&quot;3&quot;:{&quot;1&quot;:0,&quot;3&quot;:1},&quot;14&quot;:{&quot;1&quot;:2,&quot;2&quot;:1136076}}\" data-sheets-hyperlink=\"https:\/\/de.wikipedia.org\/wiki\/Rembercourt-Sommaisne\"><a class=\"in-cell-link\" href=\"https:\/\/de.wikipedia.org\/wiki\/Rembercourt-Sommaisne\" target=\"_blank\" rel=\"noopener\">Rembercourt-aux-Pots<\/a><\/span> in einem Massengrab.<\/p>\n<figure id=\"attachment_55318\" aria-describedby=\"caption-attachment-55318\" style=\"width: 800px\" class=\"wp-caption aligncenter\"><img loading=\"lazy\" decoding=\"async\" class=\"size-full wp-image-55318\" src=\"https:\/\/geschichte-hautnah.de\/www\/wp-content\/uploads\/2024\/01\/Dr.-Mueller-Dr.-Pietzcher-Clausnitzer-Dr.-Tornau-Preussische-Geologische-Landesanstalt.jpg\" alt=\"\" width=\"800\" height=\"493\" srcset=\"https:\/\/geschichte-hautnah.de\/www\/wp-content\/uploads\/2024\/01\/Dr.-Mueller-Dr.-Pietzcher-Clausnitzer-Dr.-Tornau-Preussische-Geologische-Landesanstalt.jpg 800w, https:\/\/geschichte-hautnah.de\/www\/wp-content\/uploads\/2024\/01\/Dr.-Mueller-Dr.-Pietzcher-Clausnitzer-Dr.-Tornau-Preussische-Geologische-Landesanstalt-300x185.jpg 300w, https:\/\/geschichte-hautnah.de\/www\/wp-content\/uploads\/2024\/01\/Dr.-Mueller-Dr.-Pietzcher-Clausnitzer-Dr.-Tornau-Preussische-Geologische-Landesanstalt-768x473.jpg 768w\" sizes=\"auto, (max-width: 800px) 100vw, 800px\" \/><figcaption id=\"caption-attachment-55318\" class=\"wp-caption-text\">Todesanzeige der Preu\u00dfischen Geologischen Landesanstalt f\u00fcr<br \/>Dr. M\u00fcller Dr. Pietzcker Clausnitzer Dr. Tornau<\/figcaption><\/figure>\n","protected":false},"excerpt":{"rendered":"<p>Der Soldat Friedrich Clausnitzer wurde am 12.07.1885 geboren, stammte aus Geislingen an der Steige im heutigen Bundesland Baden-W\u00fcrttemberg und war Bergassessor bei der K\u00f6niglich Preu\u00dfischen Geologischen Landesanstalt. Im Ersten Weltkrieg k\u00e4mpfte er als Oberleutnant im Stab des I. Bataillon des 125. Infanterie-Regiment. Am 11.09.1914 fiel er im Alter von 29 Jahren in Frankreich bei Sommaisne [&hellip;]<\/p>\n","protected":false},"author":2,"featured_media":0,"comment_status":"closed","ping_status":"closed","sticky":false,"template":"","format":"standard","meta":{"footnotes":"","_wp_rev_ctl_limit":""},"categories":[2,8,1876,16],"tags":[12618,1378,1550,13479,36,13480,12154,13469,598,92,6978,6035,3816,125,1527],"class_list":["post-55341","post","type-post","status-publish","format-standard","hentry","category-1-weltkrieg","category-sterbebilder","category-frankreich-1-weltkrieg","category-verdun","tag-125-infanterie-regiment","tag-baden-wuerttemberg","tag-bataillons-stab","tag-bergassessor","tag-frankreich","tag-geislingen-an-der-steige","tag-grand-est","tag-koeniglich-preussischen-geologischen-landesanstalt","tag-lothringen","tag-massengrab","tag-rembercourt-aux-pots","tag-sommaisne","tag-stab","tag-verdun","tag-westfront"],"_links":{"self":[{"href":"https:\/\/geschichte-hautnah.de\/www\/index.php?rest_route=\/wp\/v2\/posts\/55341","targetHints":{"allow":["GET"]}}],"collection":[{"href":"https:\/\/geschichte-hautnah.de\/www\/index.php?rest_route=\/wp\/v2\/posts"}],"about":[{"href":"https:\/\/geschichte-hautnah.de\/www\/index.php?rest_route=\/wp\/v2\/types\/post"}],"author":[{"embeddable":true,"href":"https:\/\/geschichte-hautnah.de\/www\/index.php?rest_route=\/wp\/v2\/users\/2"}],"replies":[{"embeddable":true,"href":"https:\/\/geschichte-hautnah.de\/www\/index.php?rest_route=%2Fwp%2Fv2%2Fcomments&post=55341"}],"version-history":[{"count":3,"href":"https:\/\/geschichte-hautnah.de\/www\/index.php?rest_route=\/wp\/v2\/posts\/55341\/revisions"}],"predecessor-version":[{"id":55348,"href":"https:\/\/geschichte-hautnah.de\/www\/index.php?rest_route=\/wp\/v2\/posts\/55341\/revisions\/55348"}],"wp:attachment":[{"href":"https:\/\/geschichte-hautnah.de\/www\/index.php?rest_route=%2Fwp%2Fv2%2Fmedia&parent=55341"}],"wp:term":[{"taxonomy":"category","embeddable":true,"href":"https:\/\/geschichte-hautnah.de\/www\/index.php?rest_route=%2Fwp%2Fv2%2Fcategories&post=55341"},{"taxonomy":"post_tag","embeddable":true,"href":"https:\/\/geschichte-hautnah.de\/www\/index.php?rest_route=%2Fwp%2Fv2%2Ftags&post=55341"}],"curies":[{"name":"wp","href":"https:\/\/api.w.org\/{rel}","templated":true}]}}