{"id":55970,"date":"2024-02-24T12:00:22","date_gmt":"2024-02-24T11:00:22","guid":{"rendered":"https:\/\/geschichte-hautnah.de\/www\/?p=55970"},"modified":"2024-02-24T06:29:18","modified_gmt":"2024-02-24T05:29:18","slug":"sonderbeitrag-karl-august-von-reinhardt","status":"publish","type":"post","link":"https:\/\/geschichte-hautnah.de\/www\/?p=55970","title":{"rendered":"Sonderbeitrag: Karl August von Reinhardt"},"content":{"rendered":"<p>Der Soldat Karl August von Reinhardt wurde am 16.12.1853 in der w\u00fcrttembergischen Landeshauptstadt <a href=\"https:\/\/de.wikipedia.org\/wiki\/Stuttgart\" target=\"_blank\" rel=\"noopener\">Stuttgart<\/a> geboren und war <a href=\"https:\/\/de.wikipedia.org\/wiki\/Klempner\" target=\"_blank\" rel=\"noopener\">Flaschner<\/a>-Werkf\u00fchrer.<\/p>\n<figure id=\"attachment_55977\" aria-describedby=\"caption-attachment-55977\" style=\"width: 793px\" class=\"wp-caption aligncenter\"><img loading=\"lazy\" decoding=\"async\" class=\"wp-image-55977 size-full\" src=\"https:\/\/geschichte-hautnah.de\/www\/wp-content\/uploads\/2024\/02\/Karl-August-von-Reinhardt.jpg\" alt=\"\" width=\"793\" height=\"1000\" srcset=\"https:\/\/geschichte-hautnah.de\/www\/wp-content\/uploads\/2024\/02\/Karl-August-von-Reinhardt.jpg 793w, https:\/\/geschichte-hautnah.de\/www\/wp-content\/uploads\/2024\/02\/Karl-August-von-Reinhardt-238x300.jpg 238w, https:\/\/geschichte-hautnah.de\/www\/wp-content\/uploads\/2024\/02\/Karl-August-von-Reinhardt-634x800.jpg 634w, https:\/\/geschichte-hautnah.de\/www\/wp-content\/uploads\/2024\/02\/Karl-August-von-Reinhardt-768x968.jpg 768w\" sizes=\"auto, (max-width: 793px) 100vw, 793px\" \/><figcaption id=\"caption-attachment-55977\" class=\"wp-caption-text\">Karl August von Reinhardt Quelle: Reinhard, Karl August von, Landesarchiv Baden-W\u00fcrttemberg<\/figcaption><\/figure>\n<p>Im Ersten Weltkrieg k\u00e4mpfte er als Generalleutnant a. D. im Brigadestab der 107. Reserve-Infanterie-Brigade, 54. Reserve-Division. Am 22.10.1914 fiel er im Alter von 60 Jahren bei <a href=\"https:\/\/de.wikipedia.org\/wiki\/Zonnebeke\" target=\"_blank\" rel=\"noopener\">Becelaere<\/a> im belgischen Flandern.<\/p>\n<p>\u00dcber den Todestag und die Todesumst\u00e4nde von Karl August von Reinhardt berichtet die Regimentsgeschichte des 246. Reserve-Infanterie-Regiment:<\/p>\n<blockquote><p><em>&#8222;Nach einer kampferf\u00fcllten Nacht begann in der Morgend\u00e4mmerung des 22. Oktober die Feldartillerie von neuem ihr Werk, um die feindlichen Stellungen bei Reutel zu ersch\u00fcttern. Von der Infanterie wurde inzwischen die Stellung des Feindes n\u00e4her erkundet. Punkt 12 Uhr nachmittags st\u00fcrmte das Regiment 246 erneut gegen Reutel vor. Es war ein Sturm durch Blut und Tod; doch wurde der Ostrand des Dorfes erreicht. Sechshundert Meter nach vorw\u00e4rts waren gewonnen. Gegen\u00fcber einer neuen verschanzten Stellung des Feindes grub man sich ein. Am 23. Oktober wurden die neuen Stellungen verst\u00e4rkt und zur Erkundung der feindlichen Linie Patrouillen vorgetrieben.<\/em><\/p>\n<p><em>Die Nacht vom 22. zum 23. Dezember war noch unruhevoller als die vorhergehenden. Durch die mondlose Dunkelheit zuckte der Flammenschein brennender Geh\u00f6fte, der Schlachtentod pfiff sein scharfes Lied. Aufrecht stand am Stra\u00dfenknie Becelaere-Cheluvelt Generalleutnant von Reinhardt. Kaum hundert Meter entfernt stand eine englische Feldwache. Der General wollte das Vorgel\u00e4nde mit eigenen Augen pr\u00fcfen und dementsprechend seine Befehle f\u00fcr den kommanden Tag erteilen. Er achtete nicht auf die Geschosse, die vor und hinter ihm einschlugen. &#8222;Ich kenne die Dinger von 70 her, die sind nicht so gef\u00e4hrlich&#8220; sagte er zu seinen Begleitern. Doch auch nach ihm griff der Tod. Mit durchschossener Stirn brach er lautlos zusammen. Der erste w\u00fcrttembergische General war in diesem Krieg gefallen. Oberst von Roschmann trat zun\u00e4chst an General von Reinhardts Stelle. Der Kampf ging weiter.&#8220;<\/em><\/p><\/blockquote>\n<p>Die Lage des Grabes von Karl August von Reinhardt konnte ich nicht ermitteln. Vermutlich wurde sein Leichnam in die Heimat \u00fcberf\u00fchrt und dort &#8211; vielleicht in Stuttgart &#8211; beigesetzt. Sein Garb k\u00f6nnte heute noch existieren.<\/p>\n<figure id=\"attachment_55943\" aria-describedby=\"caption-attachment-55943\" style=\"width: 415px\" class=\"wp-caption aligncenter\"><img loading=\"lazy\" decoding=\"async\" class=\"size-full wp-image-55943\" src=\"https:\/\/geschichte-hautnah.de\/www\/wp-content\/uploads\/2024\/02\/Generalleutnant-von-Reinhardt-22.10.1914.jpg\" alt=\"\" width=\"415\" height=\"570\" srcset=\"https:\/\/geschichte-hautnah.de\/www\/wp-content\/uploads\/2024\/02\/Generalleutnant-von-Reinhardt-22.10.1914.jpg 415w, https:\/\/geschichte-hautnah.de\/www\/wp-content\/uploads\/2024\/02\/Generalleutnant-von-Reinhardt-22.10.1914-218x300.jpg 218w\" sizes=\"auto, (max-width: 415px) 100vw, 415px\" \/><figcaption id=\"caption-attachment-55943\" class=\"wp-caption-text\">Generalleutnant Karl August von Reinhardt 22.10.1914<\/figcaption><\/figure>\n","protected":false},"excerpt":{"rendered":"<p>Der Soldat Karl August von Reinhardt wurde am 16.12.1853 in der w\u00fcrttembergischen Landeshauptstadt Stuttgart geboren und war Flaschner-Werkf\u00fchrer. Im Ersten Weltkrieg k\u00e4mpfte er als Generalleutnant a. D. im Brigadestab der 107. Reserve-Infanterie-Brigade, 54. Reserve-Division. Am 22.10.1914 fiel er im Alter von 60 Jahren bei Becelaere im belgischen Flandern. \u00dcber den Todestag und die Todesumst\u00e4nde von [&hellip;]<\/p>\n","protected":false},"author":2,"featured_media":0,"comment_status":"closed","ping_status":"closed","sticky":false,"template":"","format":"standard","meta":{"footnotes":"","_wp_rev_ctl_limit":""},"categories":[2,1553,8998],"tags":[13592,13593,1378,1472,168,13591,580,13594,843,8450,10820,1087,4179,99,9435,1527],"class_list":["post-55970","post","type-post","status-publish","format-standard","hentry","category-1-weltkrieg","category-belgien","category-flandern","tag-107-reserve-infanterie-brigade","tag-54-reserve-division","tag-baden-wuerttemberg","tag-becelaere","tag-belgien","tag-brigadestab","tag-flandern","tag-flaschner","tag-generalleutnant","tag-klempner","tag-landeshauptstadt","tag-regimentsgeschichte","tag-stuttgart","tag-unbekannte-grablage","tag-werkfuehrer","tag-westfront"],"_links":{"self":[{"href":"https:\/\/geschichte-hautnah.de\/www\/index.php?rest_route=\/wp\/v2\/posts\/55970","targetHints":{"allow":["GET"]}}],"collection":[{"href":"https:\/\/geschichte-hautnah.de\/www\/index.php?rest_route=\/wp\/v2\/posts"}],"about":[{"href":"https:\/\/geschichte-hautnah.de\/www\/index.php?rest_route=\/wp\/v2\/types\/post"}],"author":[{"embeddable":true,"href":"https:\/\/geschichte-hautnah.de\/www\/index.php?rest_route=\/wp\/v2\/users\/2"}],"replies":[{"embeddable":true,"href":"https:\/\/geschichte-hautnah.de\/www\/index.php?rest_route=%2Fwp%2Fv2%2Fcomments&post=55970"}],"version-history":[{"count":3,"href":"https:\/\/geschichte-hautnah.de\/www\/index.php?rest_route=\/wp\/v2\/posts\/55970\/revisions"}],"predecessor-version":[{"id":55979,"href":"https:\/\/geschichte-hautnah.de\/www\/index.php?rest_route=\/wp\/v2\/posts\/55970\/revisions\/55979"}],"wp:attachment":[{"href":"https:\/\/geschichte-hautnah.de\/www\/index.php?rest_route=%2Fwp%2Fv2%2Fmedia&parent=55970"}],"wp:term":[{"taxonomy":"category","embeddable":true,"href":"https:\/\/geschichte-hautnah.de\/www\/index.php?rest_route=%2Fwp%2Fv2%2Fcategories&post=55970"},{"taxonomy":"post_tag","embeddable":true,"href":"https:\/\/geschichte-hautnah.de\/www\/index.php?rest_route=%2Fwp%2Fv2%2Ftags&post=55970"}],"curies":[{"name":"wp","href":"https:\/\/api.w.org\/{rel}","templated":true}]}}