{"id":56905,"date":"2024-03-30T12:00:04","date_gmt":"2024-03-30T11:00:04","guid":{"rendered":"https:\/\/geschichte-hautnah.de\/www\/?p=56905"},"modified":"2024-03-28T11:42:28","modified_gmt":"2024-03-28T10:42:28","slug":"sonderbeitrag-leutnant-der-reserve-ernst-gruenkorn","status":"publish","type":"post","link":"https:\/\/geschichte-hautnah.de\/www\/?p=56905","title":{"rendered":"Sonderbeitrag: Leutnant der Reserve Ernst Gr\u00fcnkorn"},"content":{"rendered":"<p>Der Soldat Ernst Gr\u00fcnkorn wurde am 24.01.1891 in <a href=\"https:\/\/de.wikipedia.org\/wiki\/Gr%C3%A4fenthal\" target=\"_blank\" rel=\"noopener\">Gr\u00e4fenthal<\/a> im heutigen Bundesland Th\u00fcringen geboren. Im Ersten Weltkrieg k\u00e4mpfte er als Leutnant der Reserve im 95. Infanterie-Regiment. Am 06.11.1916 fiel er w\u00e4hrend der <a href=\"https:\/\/de.wikipedia.org\/wiki\/Schlacht_an_der_Somme\" target=\"_blank\" rel=\"noopener\">Schlacht an der Somme<\/a> im Alter von 25 Jahren. Er wurde bei <a href=\"https:\/\/de.wikipedia.org\/wiki\/Grandcourt_(Somme)\" target=\"_blank\" rel=\"noopener\">Grandcourt<\/a> get\u00f6tet<\/p>\n<p>\u00dcber den Todestag und die Todesumst\u00e4nder von Ernst Gr\u00fcnkorn berichtet die Regimentsgeschichte des 95. Infanterie-Regiments:<\/p>\n<blockquote><p><em>&#8222;Am Abend des gleichen Tages versuchte der Gegner einen ersten Handstreich auf die vorspringende Barrikade der 11. Kompanie; auch hier wurde er mit blutigen K\u00f6pfen heimgeschickt. In der Nacht zum 2. November gewahrten die Posten in der Sandsackbarrikade der 11. Kompanie wiederum eine anschleichende Patrouille; sie wurde im Handgranatenkampf vertrieben. Aber gerade diese Stelle schien es dem Gegner angetan zu haben: am Sp\u00e4tnachmittag des 4. November brach erneut ein starker Trupp gegen die Barrikade vor, ein Offizier mit vorgehaltener Pistole voraus. Leutnant der Reserve Albrecht verteidigte mit seinem Zuge die Barrikade in verbissener T\u00e4higkeit; die Musketensch\u00fctzen leisteten ihm dabei wirksame Hilfe. Trotzdem der Angriff des Engl\u00e4nders durch heftiges Gewehrfeuer und schlie\u00dflich noch durch Minenwerfer unterst\u00fctzt wurde, blieben alle Versuche, an den deutschen Graben heranzukommen, erfolglos. Mit M\u00fche erreichte der Feind wieder seine Ausgangsstellung. Leutnant Albrecht und 15 Mann der 11. Kompanie wurden im Kampf verwundet, darunter ein Unteroffizier t\u00f6dlich. Ein letzter Versuch des Feindes, in der Nacht zum 06.11. die Barrikade zu nehmen, wurde ebenfalls im Handgranatenkampf abgewiesen.<\/em><\/p>\n<p><em>Die Vermutung, dass diese Unternehmungen auf einen bevorstehenden Angriff hindeuteten, erschien nur zu begr\u00fcndet. Dazu kam das st\u00e4ndig sich steigernde Artilleriefeuer, mit dem der Feind die deutsche Stellung \u00fcbersch\u00fcttete. Tag f\u00fcr Tag, Nacht f\u00fcr Nacht h\u00e4mmerte Eisenhagel von nie geahnter Raserei auf den Trichtern, Dorftr\u00fcmmern und Grabenresten, vom scheinbar ziellos flackernden St\u00f6rungsfeuer lechzend anschwellend zum gespenstisch tobenden Orkan. Dabei war deutlich zu bemerken, wie sich einzelne feindliche Batterien auf die vorspringenden Sappen der deutschen Linie einschossen. Der Meldeverkehr war unter diesen Umst\u00e4nden aufs \u00e4u\u00dferste erschwert; Fernsprechverbindungen zwischen den Bataillonsgefechtsst\u00e4nden und dem Regiment bestand im Hinblick auf die Abh\u00f6rapparate des Feindes nicht, sie w\u00e4re bei dieser Intensit\u00e4t der Beschie\u00dfung auch ohnehin illusorisch geworden. Was es hie\u00df, in solchem Feuer die Telefonverbindungen zur Brigade und Division aufrecht zu erhalten, davon konnten die in und um Grandcourt untergebrachten St\u00f6rungssucher ein Lied singen. Aber auch f\u00fcr die Essen- und Materialtr\u00e4ger war es jeweils ein schwerer Gang, ihre B\u00fcrde an Ort und Stelle zu bringen.<\/em><\/p>\n<p><em>Die Verluste steigerten sich von Tag zu Tag. Der 3. Maschinengewehr-Kompanie wurde durch Volltreffer ein Gewehr vollkommen versch\u00fcttet, wobei Sergant Marr und Musketier Wenderoth fielen; bei der 3. Kompanie durchschlug eine schwere Granate den Eingang eines Unterstandes, wodurch Leutnant der Reserve Gr\u00fcnkorn und drei Mann get\u00f6tet, vier Mann verwundet wurden. Auch Gasgranaten mischte der Engl\u00e4nder gelegentlich in diese Orgie der Vernichtung&#8230; .&#8220;<\/em><\/p><\/blockquote>\n<p>Seite 167<\/p>\n<p>Man begrub Ernst Gr\u00fcnkorn auf dem Soldatenfriedhof <span data-sheets-root=\"1\" data-sheets-value=\"{&quot;1&quot;:2,&quot;2&quot;:&quot;Neuville-St.Vaast&quot;}\" data-sheets-userformat=\"{&quot;2&quot;:1,&quot;3&quot;:{&quot;1&quot;:0,&quot;3&quot;:1}}\" data-sheets-formula=\"=HYPERLINK(&quot;https:\/\/www.google.de\/maps\/place\/62580+Neuville-Saint-Vaast,+Frankreich\/@50.3564686,2.6139312,11z\/data=!4m5!3m4!1s0x47dd384b01eb6f13:0xc06ce78123b81518!8m2!3d50.355234!4d2.760256&quot;;&quot;Neuville-St.Vaast&quot;)\" data-sheets-hyperlink=\"https:\/\/www.google.de\/maps\/place\/62580+Neuville-Saint-Vaast,+Frankreich\/@50.3564686,2.6139312,11z\/data=!4m5!3m4!1s0x47dd384b01eb6f13:0xc06ce78123b81518!8m2!3d50.355234!4d2.760256\"><a class=\"in-cell-link\" href=\"https:\/\/www.google.de\/maps\/place\/62580+Neuville-Saint-Vaast,+Frankreich\/@50.3564686,2.6139312,11z\/data=!4m5!3m4!1s0x47dd384b01eb6f13:0xc06ce78123b81518!8m2!3d50.355234!4d2.760256\" target=\"_blank\" rel=\"noopener\">Neuville-St.Vaast<\/a><\/span> in <span data-sheets-root=\"1\" data-sheets-value=\"{&quot;1&quot;:2,&quot;2&quot;:&quot;Block 1 Grab 725&quot;}\" data-sheets-userformat=\"{&quot;2&quot;:4609,&quot;3&quot;:{&quot;1&quot;:0},&quot;12&quot;:0,&quot;15&quot;:&quot;Arial&quot;}\">Block 1 Grab 725.<\/span><\/p>\n<figure id=\"attachment_56904\" aria-describedby=\"caption-attachment-56904\" style=\"width: 353px\" class=\"wp-caption aligncenter\"><img loading=\"lazy\" decoding=\"async\" class=\"size-full wp-image-56904\" src=\"https:\/\/geschichte-hautnah.de\/www\/wp-content\/uploads\/2024\/03\/Ernst-Gruenkorn.jpg\" alt=\"\" width=\"353\" height=\"539\" srcset=\"https:\/\/geschichte-hautnah.de\/www\/wp-content\/uploads\/2024\/03\/Ernst-Gruenkorn.jpg 353w, https:\/\/geschichte-hautnah.de\/www\/wp-content\/uploads\/2024\/03\/Ernst-Gruenkorn-196x300.jpg 196w\" sizes=\"auto, (max-width: 353px) 100vw, 353px\" \/><figcaption id=\"caption-attachment-56904\" class=\"wp-caption-text\">Leutnant Ernst Gr\u00fcnkorn<\/figcaption><\/figure>\n","protected":false},"excerpt":{"rendered":"<p>Der Soldat Ernst Gr\u00fcnkorn wurde am 24.01.1891 in Gr\u00e4fenthal im heutigen Bundesland Th\u00fcringen geboren. Im Ersten Weltkrieg k\u00e4mpfte er als Leutnant der Reserve im 95. Infanterie-Regiment. Am 06.11.1916 fiel er w\u00e4hrend der Schlacht an der Somme im Alter von 25 Jahren. Er wurde bei Grandcourt get\u00f6tet \u00dcber den Todestag und die Todesumst\u00e4nder von Ernst Gr\u00fcnkorn [&hellip;]<\/p>\n","protected":false},"author":2,"featured_media":0,"comment_status":"closed","ping_status":"closed","sticky":false,"template":"","format":"standard","meta":{"footnotes":"","_wp_rev_ctl_limit":""},"categories":[2,8,1876,651],"tags":[13746,36,13753,7456,411,10269,736,1091,631,1929,1527],"class_list":["post-56905","post","type-post","status-publish","format-standard","hentry","category-1-weltkrieg","category-sterbebilder","category-frankreich-1-weltkrieg","category-schlacht-an-der-somme","tag-95-infanterie-regiment","tag-frankreich","tag-graefenthal","tag-grandcourt","tag-leutnant-der-reserve","tag-neuville-saint-vaast","tag-nordfrankreich","tag-schlacht-an-der-somme","tag-somme","tag-thueringen","tag-westfront"],"_links":{"self":[{"href":"https:\/\/geschichte-hautnah.de\/www\/index.php?rest_route=\/wp\/v2\/posts\/56905","targetHints":{"allow":["GET"]}}],"collection":[{"href":"https:\/\/geschichte-hautnah.de\/www\/index.php?rest_route=\/wp\/v2\/posts"}],"about":[{"href":"https:\/\/geschichte-hautnah.de\/www\/index.php?rest_route=\/wp\/v2\/types\/post"}],"author":[{"embeddable":true,"href":"https:\/\/geschichte-hautnah.de\/www\/index.php?rest_route=\/wp\/v2\/users\/2"}],"replies":[{"embeddable":true,"href":"https:\/\/geschichte-hautnah.de\/www\/index.php?rest_route=%2Fwp%2Fv2%2Fcomments&post=56905"}],"version-history":[{"count":3,"href":"https:\/\/geschichte-hautnah.de\/www\/index.php?rest_route=\/wp\/v2\/posts\/56905\/revisions"}],"predecessor-version":[{"id":56910,"href":"https:\/\/geschichte-hautnah.de\/www\/index.php?rest_route=\/wp\/v2\/posts\/56905\/revisions\/56910"}],"wp:attachment":[{"href":"https:\/\/geschichte-hautnah.de\/www\/index.php?rest_route=%2Fwp%2Fv2%2Fmedia&parent=56905"}],"wp:term":[{"taxonomy":"category","embeddable":true,"href":"https:\/\/geschichte-hautnah.de\/www\/index.php?rest_route=%2Fwp%2Fv2%2Fcategories&post=56905"},{"taxonomy":"post_tag","embeddable":true,"href":"https:\/\/geschichte-hautnah.de\/www\/index.php?rest_route=%2Fwp%2Fv2%2Ftags&post=56905"}],"curies":[{"name":"wp","href":"https:\/\/api.w.org\/{rel}","templated":true}]}}