{"id":57289,"date":"2024-04-08T21:00:40","date_gmt":"2024-04-08T19:00:40","guid":{"rendered":"https:\/\/geschichte-hautnah.de\/www\/?p=57289"},"modified":"2024-04-08T20:21:25","modified_gmt":"2024-04-08T18:21:25","slug":"sonderbeitrag-leutnant-gerhard-laakmann","status":"publish","type":"post","link":"https:\/\/geschichte-hautnah.de\/www\/?p=57289","title":{"rendered":"Sonderbeitrag: Leutnant Gerhard Laakmann"},"content":{"rendered":"<p>Der Soldat Gerhard Laakmann stammte aus <a href=\"https:\/\/de.wikipedia.org\/wiki\/Voerde_(Niederrhein)\" target=\"_blank\" rel=\"noopener\">V\u00f6rde<\/a> im heutigen Bundesland Nordrhein-Westfalen. Er k\u00e4mpfte im Ersten Weltkrieg als Leutnant und Kompanief\u00fchrer in der 1. Kompanie des 209. Reserve-Infanterie-Regiment. Am 28.09.1918 fiel er in Frankreich bei <a href=\"https:\/\/de.wikipedia.org\/wiki\/Sailly-lez-Cambrai\" target=\"_blank\" rel=\"noopener\">Sally<\/a>&#8211;<a href=\"https:\/\/de.wikipedia.org\/wiki\/Raillencourt-Sainte-Olle\" target=\"_blank\" rel=\"noopener\">Raillencourt<\/a>, in der N\u00e4he von Cambrai.<\/p>\n<p>Man begrub Gerhard Laakmann auf dem Soldatenfriedhof <span data-sheets-root=\"1\" data-sheets-value=\"{&quot;1&quot;:2,&quot;2&quot;:&quot;Cambrai&quot;}\" data-sheets-userformat=\"{&quot;2&quot;:1313281,&quot;3&quot;:{&quot;1&quot;:0},&quot;12&quot;:0,&quot;14&quot;:{&quot;1&quot;:2,&quot;2&quot;:1136076},&quot;21&quot;:1,&quot;23&quot;:1}\" data-sheets-hyperlink=\"https:\/\/de.wikipedia.org\/wiki\/Cambrai\"><a class=\"in-cell-link\" href=\"https:\/\/de.wikipedia.org\/wiki\/Cambrai\" target=\"_blank\" rel=\"noopener\">Cambrai<\/a><\/span> in einem Massengrab.<\/p>\n<figure id=\"attachment_57288\" aria-describedby=\"caption-attachment-57288\" style=\"width: 697px\" class=\"wp-caption aligncenter\"><img loading=\"lazy\" decoding=\"async\" class=\"size-full wp-image-57288\" src=\"https:\/\/geschichte-hautnah.de\/www\/wp-content\/uploads\/2024\/04\/209.-RIR-Leutnant-Laatmann.jpg\" alt=\"\" width=\"697\" height=\"556\" srcset=\"https:\/\/geschichte-hautnah.de\/www\/wp-content\/uploads\/2024\/04\/209.-RIR-Leutnant-Laatmann.jpg 697w, https:\/\/geschichte-hautnah.de\/www\/wp-content\/uploads\/2024\/04\/209.-RIR-Leutnant-Laatmann-300x239.jpg 300w\" sizes=\"auto, (max-width: 697px) 100vw, 697px\" \/><figcaption id=\"caption-attachment-57288\" class=\"wp-caption-text\">rechts: Leutnant Gerhard Laakmann<\/figcaption><\/figure>\n","protected":false},"excerpt":{"rendered":"<p>Der Soldat Gerhard Laakmann stammte aus V\u00f6rde im heutigen Bundesland Nordrhein-Westfalen. Er k\u00e4mpfte im Ersten Weltkrieg als Leutnant und Kompanief\u00fchrer in der 1. Kompanie des 209. Reserve-Infanterie-Regiment. Am 28.09.1918 fiel er in Frankreich bei Sally&#8211;Raillencourt, in der N\u00e4he von Cambrai. Man begrub Gerhard Laakmann auf dem Soldatenfriedhof Cambrai in einem Massengrab.<\/p>\n","protected":false},"author":2,"featured_media":0,"comment_status":"closed","ping_status":"closed","sticky":false,"template":"","format":"standard","meta":{"footnotes":"","_wp_rev_ctl_limit":""},"categories":[2,8,1876],"tags":[13006,190,566,565,92,2609,13836,4232,13835,1527],"class_list":["post-57289","post","type-post","status-publish","format-standard","hentry","category-1-weltkrieg","category-sterbebilder","category-frankreich-1-weltkrieg","tag-209-reserve-infanterie-regiment","tag-cambrai","tag-kompaniefuehrer","tag-leutnant","tag-massengrab","tag-nordrhein-westfalen","tag-raillencourt","tag-sailly","tag-voerde","tag-westfront"],"_links":{"self":[{"href":"https:\/\/geschichte-hautnah.de\/www\/index.php?rest_route=\/wp\/v2\/posts\/57289","targetHints":{"allow":["GET"]}}],"collection":[{"href":"https:\/\/geschichte-hautnah.de\/www\/index.php?rest_route=\/wp\/v2\/posts"}],"about":[{"href":"https:\/\/geschichte-hautnah.de\/www\/index.php?rest_route=\/wp\/v2\/types\/post"}],"author":[{"embeddable":true,"href":"https:\/\/geschichte-hautnah.de\/www\/index.php?rest_route=\/wp\/v2\/users\/2"}],"replies":[{"embeddable":true,"href":"https:\/\/geschichte-hautnah.de\/www\/index.php?rest_route=%2Fwp%2Fv2%2Fcomments&post=57289"}],"version-history":[{"count":3,"href":"https:\/\/geschichte-hautnah.de\/www\/index.php?rest_route=\/wp\/v2\/posts\/57289\/revisions"}],"predecessor-version":[{"id":57293,"href":"https:\/\/geschichte-hautnah.de\/www\/index.php?rest_route=\/wp\/v2\/posts\/57289\/revisions\/57293"}],"wp:attachment":[{"href":"https:\/\/geschichte-hautnah.de\/www\/index.php?rest_route=%2Fwp%2Fv2%2Fmedia&parent=57289"}],"wp:term":[{"taxonomy":"category","embeddable":true,"href":"https:\/\/geschichte-hautnah.de\/www\/index.php?rest_route=%2Fwp%2Fv2%2Fcategories&post=57289"},{"taxonomy":"post_tag","embeddable":true,"href":"https:\/\/geschichte-hautnah.de\/www\/index.php?rest_route=%2Fwp%2Fv2%2Ftags&post=57289"}],"curies":[{"name":"wp","href":"https:\/\/api.w.org\/{rel}","templated":true}]}}