{"id":57362,"date":"2024-04-12T15:00:20","date_gmt":"2024-04-12T13:00:20","guid":{"rendered":"https:\/\/geschichte-hautnah.de\/www\/?p=57362"},"modified":"2024-04-11T19:59:44","modified_gmt":"2024-04-11T17:59:44","slug":"sonderbeitrag-hauptmann-bernhard-ritter-und-edler-von-fischern","status":"publish","type":"post","link":"https:\/\/geschichte-hautnah.de\/www\/?p=57362","title":{"rendered":"Sonderbeitrag: Hauptmann Bernhard Ritter und Edler von Fischern"},"content":{"rendered":"<p>Der Soldat Bernhard Ritter und Edler von Fischern stammte aus der th\u00fcringischen Stadt <a href=\"https:\/\/de.wikipedia.org\/wiki\/Bad_Salzungen\" target=\"_blank\" rel=\"noopener\">Bad Salzungen<\/a>. Im Ersten Weltkrieg k\u00e4mpfte er als Hauptmann in der 9. Kompanie des 95. Infanterie-Regiments. Er fiel 30.12.1914 in Polen an der Ostfront. Er wurde bei der Erst\u00fcrmung eines russischen Grabens in der N\u00e4he von <a href=\"https:\/\/de.wikipedia.org\/wiki\/Rawa_Mazowiecka\" target=\"_blank\" rel=\"noopener\">Rawa Mazowiecka<\/a> get\u00f6tet.<\/p>\n<p>Die Lage des Grabes von Bernhard Ritter und Edler von Fischern ist unbekannt. Wahrscheinlich existiert es nicht mehr. Nach seinem Tod wurde er auf dem Friedhof von <a href=\"https:\/\/de.wikipedia.org\/wiki\/Rawa_Mazowiecka\" target=\"_blank\" rel=\"noopener\">Rawa Mazowiecka<\/a> beigesetzt.<\/p>\n<figure id=\"attachment_57361\" aria-describedby=\"caption-attachment-57361\" style=\"width: 517px\" class=\"wp-caption aligncenter\"><img loading=\"lazy\" decoding=\"async\" class=\"size-full wp-image-57361\" src=\"https:\/\/geschichte-hautnah.de\/www\/wp-content\/uploads\/2024\/04\/95.-IR-Bilder-Gefallener-6.jpg\" alt=\"\" width=\"517\" height=\"840\" srcset=\"https:\/\/geschichte-hautnah.de\/www\/wp-content\/uploads\/2024\/04\/95.-IR-Bilder-Gefallener-6.jpg 517w, https:\/\/geschichte-hautnah.de\/www\/wp-content\/uploads\/2024\/04\/95.-IR-Bilder-Gefallener-6-185x300.jpg 185w, https:\/\/geschichte-hautnah.de\/www\/wp-content\/uploads\/2024\/04\/95.-IR-Bilder-Gefallener-6-492x800.jpg 492w\" sizes=\"auto, (max-width: 517px) 100vw, 517px\" \/><figcaption id=\"caption-attachment-57361\" class=\"wp-caption-text\">Hauptmann Bernhard Ritter und Edler von Fischern, Leutnant der Reserve Riemann und Leutnant der Reserve Witthauer im September 1914<\/figcaption><\/figure>\n<figure id=\"attachment_57368\" aria-describedby=\"caption-attachment-57368\" style=\"width: 1200px\" class=\"wp-caption aligncenter\"><img loading=\"lazy\" decoding=\"async\" class=\"size-full wp-image-57368\" src=\"https:\/\/geschichte-hautnah.de\/www\/wp-content\/uploads\/2024\/04\/Graeber-von-Hauptmann-Bernhard-Ritter-und-Edler-von-Fischern-rechts-und-Leutnant-der-Reserve-Werner-Ulbrich-links-in-Rawa.jpg\" alt=\"\" width=\"1200\" height=\"726\" srcset=\"https:\/\/geschichte-hautnah.de\/www\/wp-content\/uploads\/2024\/04\/Graeber-von-Hauptmann-Bernhard-Ritter-und-Edler-von-Fischern-rechts-und-Leutnant-der-Reserve-Werner-Ulbrich-links-in-Rawa.jpg 1200w, https:\/\/geschichte-hautnah.de\/www\/wp-content\/uploads\/2024\/04\/Graeber-von-Hauptmann-Bernhard-Ritter-und-Edler-von-Fischern-rechts-und-Leutnant-der-Reserve-Werner-Ulbrich-links-in-Rawa-300x182.jpg 300w, https:\/\/geschichte-hautnah.de\/www\/wp-content\/uploads\/2024\/04\/Graeber-von-Hauptmann-Bernhard-Ritter-und-Edler-von-Fischern-rechts-und-Leutnant-der-Reserve-Werner-Ulbrich-links-in-Rawa-800x484.jpg 800w, https:\/\/geschichte-hautnah.de\/www\/wp-content\/uploads\/2024\/04\/Graeber-von-Hauptmann-Bernhard-Ritter-und-Edler-von-Fischern-rechts-und-Leutnant-der-Reserve-Werner-Ulbrich-links-in-Rawa-768x465.jpg 768w\" sizes=\"auto, (max-width: 1200px) 100vw, 1200px\" \/><figcaption id=\"caption-attachment-57368\" class=\"wp-caption-text\">Gr\u00e4ber von Hauptmann Bernhard Ritter und Edler von Fischern (rechts) und Leutnant der Reserve Werner Ulbrich (links) in Rawa<\/figcaption><\/figure>\n","protected":false},"excerpt":{"rendered":"<p>Der Soldat Bernhard Ritter und Edler von Fischern stammte aus der th\u00fcringischen Stadt Bad Salzungen. Im Ersten Weltkrieg k\u00e4mpfte er als Hauptmann in der 9. Kompanie des 95. Infanterie-Regiments. Er fiel 30.12.1914 in Polen an der Ostfront. Er wurde bei der Erst\u00fcrmung eines russischen Grabens in der N\u00e4he von Rawa Mazowiecka get\u00f6tet. Die Lage des [&hellip;]<\/p>\n","protected":false},"author":2,"featured_media":0,"comment_status":"closed","ping_status":"closed","sticky":false,"template":"","format":"standard","meta":{"footnotes":"","_wp_rev_ctl_limit":""},"categories":[2,8,1897,1902,1870],"tags":[13746,13852,4212,991,2017,13851,13850,4477,1929,99],"class_list":["post-57362","post","type-post","status-publish","format-standard","hentry","category-1-weltkrieg","category-sterbebilder","category-galizien-polen","category-polen","category-russland","tag-95-infanterie-regiment","tag-bad-salzungen","tag-hauptmann","tag-ostfront","tag-polen","tag-rawa","tag-rawa-mazowiecka","tag-russen","tag-thueringen","tag-unbekannte-grablage"],"_links":{"self":[{"href":"https:\/\/geschichte-hautnah.de\/www\/index.php?rest_route=\/wp\/v2\/posts\/57362","targetHints":{"allow":["GET"]}}],"collection":[{"href":"https:\/\/geschichte-hautnah.de\/www\/index.php?rest_route=\/wp\/v2\/posts"}],"about":[{"href":"https:\/\/geschichte-hautnah.de\/www\/index.php?rest_route=\/wp\/v2\/types\/post"}],"author":[{"embeddable":true,"href":"https:\/\/geschichte-hautnah.de\/www\/index.php?rest_route=\/wp\/v2\/users\/2"}],"replies":[{"embeddable":true,"href":"https:\/\/geschichte-hautnah.de\/www\/index.php?rest_route=%2Fwp%2Fv2%2Fcomments&post=57362"}],"version-history":[{"count":3,"href":"https:\/\/geschichte-hautnah.de\/www\/index.php?rest_route=\/wp\/v2\/posts\/57362\/revisions"}],"predecessor-version":[{"id":57369,"href":"https:\/\/geschichte-hautnah.de\/www\/index.php?rest_route=\/wp\/v2\/posts\/57362\/revisions\/57369"}],"wp:attachment":[{"href":"https:\/\/geschichte-hautnah.de\/www\/index.php?rest_route=%2Fwp%2Fv2%2Fmedia&parent=57362"}],"wp:term":[{"taxonomy":"category","embeddable":true,"href":"https:\/\/geschichte-hautnah.de\/www\/index.php?rest_route=%2Fwp%2Fv2%2Fcategories&post=57362"},{"taxonomy":"post_tag","embeddable":true,"href":"https:\/\/geschichte-hautnah.de\/www\/index.php?rest_route=%2Fwp%2Fv2%2Ftags&post=57362"}],"curies":[{"name":"wp","href":"https:\/\/api.w.org\/{rel}","templated":true}]}}