{"id":5751,"date":"2019-05-04T00:00:29","date_gmt":"2019-05-03T22:00:29","guid":{"rendered":"http:\/\/geschichte-hautnah.de\/www\/?p=5751"},"modified":"2018-10-25T16:12:41","modified_gmt":"2018-10-25T14:12:41","slug":"die-maenner-des-ersten-weltkriegs-teil-490-jakob-anzenberger","status":"publish","type":"post","link":"https:\/\/geschichte-hautnah.de\/www\/?p=5751","title":{"rendered":"Die M\u00e4nner des Ersten Weltkriegs \u2013 Teil 490: Jakob Anzenberger"},"content":{"rendered":"<p>Der Gefreite und Bauerssohn Jakob Anzenberger stammte aus Haselbach, Aichau. Im Ersten Weltkrieg diente er im Stab der 2. Abteilung des 20. bayerischen Feldartillerie-Regiments. Er wurde wegen Tapferkeit mit dem Eisernen Kreuz 2. Klasse und dem Verdienstkreuz mit Krone und Schwertern 3. Klasse ausgezeichnet. Am 10.06.1918 verstarb er er im Alter von 36 Jahren in der Kathedrale von &#8222;<em>Coney-le-Chateu&#8220;<\/em> an einer schweren Verwundung nach vierj\u00e4hriger Kriegst\u00e4tigkeit. Vermutlich handelt es sich hier um einen H\u00f6r- bzw. Schreibfehler. Es geht wahrscheinlich um den Ort\u00a0<a href=\"https:\/\/de.wikipedia.org\/wiki\/Coucy-le-Ch%C3%A2teau-Auffrique\" target=\"_blank\" rel=\"noopener\">Coucy-le-Ch\u00e2teau- Auffrique<\/a>. Dieser Ort ist nur 24 Kilometer vom Grab von Jakob Anzenberger entfernt. Einen Ort mit dem auf dem Sterbebild angegebenen Ort gibt es nicht. Mit der Kathedrale meinte man vermutlich die Kirche <a href=\"https:\/\/fr.wikipedia.org\/wiki\/%C3%89glise_Saint-Sauveur_de_Coucy-le-Ch%C3%A2teau-Auffrique\" target=\"_blank\" rel=\"noopener\">Saint-Sauveur<\/a> im Ort.<\/p>\n<p><span data-sheets-value=\"{&quot;1&quot;:2,&quot;2&quot;:&quot;Vaubuin&quot;}\" data-sheets-userformat=\"{&quot;2&quot;:1049089,&quot;3&quot;:[null,0],&quot;12&quot;:0,&quot;23&quot;:1}\" data-sheets-formula=\"=HYPERLINK(&quot;https:\/\/www.google.de\/maps\/place\/02200+Vauxbuin,+Frankreich\/@49.3578721,3.2781534,14z\/data=!3m1!4b1!4m5!3m4!1s0x47e85efc413a47b3:0xa90ed5635b313fd5!8m2!3d49.357768!4d3.2957&quot;;&quot;Vaubuin&quot;)\">Das Grab von Jakob Anzenberger befindet sich auf dem Soldatenfriedhof <a class=\"in-cell-link\" href=\"https:\/\/www.google.de\/maps\/place\/02200+Vauxbuin,+Frankreich\/@49.3578721,3.2781534,14z\/data=!3m1!4b1!4m5!3m4!1s0x47e85efc413a47b3:0xa90ed5635b313fd5!8m2!3d49.357768!4d3.2957\" target=\"_blank\" rel=\"noopener\">Vauxbuin<\/a>\u00a0im<\/span> Block 3, Grab 173.<\/p>\n<figure id=\"attachment_5754\" aria-describedby=\"caption-attachment-5754\" style=\"width: 800px\" class=\"wp-caption aligncenter\"><img loading=\"lazy\" decoding=\"async\" class=\"wp-image-5754 size-full\" src=\"http:\/\/geschichte-hautnah.de\/www\/wp-content\/uploads\/2018\/10\/Jakob_Anzenberger_v.jpeg\" alt=\"\" width=\"800\" height=\"613\" srcset=\"https:\/\/geschichte-hautnah.de\/www\/wp-content\/uploads\/2018\/10\/Jakob_Anzenberger_v.jpeg 800w, https:\/\/geschichte-hautnah.de\/www\/wp-content\/uploads\/2018\/10\/Jakob_Anzenberger_v-300x230.jpeg 300w, https:\/\/geschichte-hautnah.de\/www\/wp-content\/uploads\/2018\/10\/Jakob_Anzenberger_v-768x588.jpeg 768w\" sizes=\"auto, (max-width: 800px) 100vw, 800px\" \/><figcaption id=\"caption-attachment-5754\" class=\"wp-caption-text\">Sterbebild von Jakob Anzenberger<\/figcaption><\/figure>\n<figure id=\"attachment_5753\" aria-describedby=\"caption-attachment-5753\" style=\"width: 800px\" class=\"wp-caption aligncenter\"><img loading=\"lazy\" decoding=\"async\" class=\"wp-image-5753 size-full\" src=\"http:\/\/geschichte-hautnah.de\/www\/wp-content\/uploads\/2018\/10\/Jakob_Anzenberger_h.jpeg\" alt=\"\" width=\"800\" height=\"613\" srcset=\"https:\/\/geschichte-hautnah.de\/www\/wp-content\/uploads\/2018\/10\/Jakob_Anzenberger_h.jpeg 800w, https:\/\/geschichte-hautnah.de\/www\/wp-content\/uploads\/2018\/10\/Jakob_Anzenberger_h-300x230.jpeg 300w, https:\/\/geschichte-hautnah.de\/www\/wp-content\/uploads\/2018\/10\/Jakob_Anzenberger_h-768x588.jpeg 768w\" sizes=\"auto, (max-width: 800px) 100vw, 800px\" \/><figcaption id=\"caption-attachment-5753\" class=\"wp-caption-text\">R\u00fcckseite des Sterbebildes von Jakob Anzenberger<\/figcaption><\/figure>\n","protected":false},"excerpt":{"rendered":"<p>Der Gefreite und Bauerssohn Jakob Anzenberger stammte aus Haselbach, Aichau. Im Ersten Weltkrieg diente er im Stab der 2. Abteilung des 20. bayerischen Feldartillerie-Regiments. Er wurde wegen Tapferkeit mit dem Eisernen Kreuz 2. Klasse und dem Verdienstkreuz mit Krone und Schwertern 3. Klasse ausgezeichnet. Am 10.06.1918 verstarb er er im Alter von 36 Jahren in [&hellip;]<\/p>\n","protected":false},"author":2,"featured_media":0,"comment_status":"closed","ping_status":"closed","sticky":false,"template":"","format":"standard","meta":{"footnotes":"","_wp_rev_ctl_limit":""},"categories":[2,141,8],"tags":[1695,1694,302,1696,153,1693,1697,499,771,75,1698],"class_list":["post-5751","post","type-post","status-publish","format-standard","hentry","category-1-weltkrieg","category-schlacht-an-der-aisne","category-sterbebilder","tag-20-bayerisches-feldartillerie-regiment","tag-aichau","tag-bauerssohn","tag-coucy-le-chateau-auffrique","tag-gefreiter","tag-haselbach","tag-saint-sauveur","tag-schreibfehler","tag-schwere-verwundung","tag-stabsgefreiter","tag-vauxbuin"],"_links":{"self":[{"href":"https:\/\/geschichte-hautnah.de\/www\/index.php?rest_route=\/wp\/v2\/posts\/5751","targetHints":{"allow":["GET"]}}],"collection":[{"href":"https:\/\/geschichte-hautnah.de\/www\/index.php?rest_route=\/wp\/v2\/posts"}],"about":[{"href":"https:\/\/geschichte-hautnah.de\/www\/index.php?rest_route=\/wp\/v2\/types\/post"}],"author":[{"embeddable":true,"href":"https:\/\/geschichte-hautnah.de\/www\/index.php?rest_route=\/wp\/v2\/users\/2"}],"replies":[{"embeddable":true,"href":"https:\/\/geschichte-hautnah.de\/www\/index.php?rest_route=%2Fwp%2Fv2%2Fcomments&post=5751"}],"version-history":[{"count":6,"href":"https:\/\/geschichte-hautnah.de\/www\/index.php?rest_route=\/wp\/v2\/posts\/5751\/revisions"}],"predecessor-version":[{"id":5759,"href":"https:\/\/geschichte-hautnah.de\/www\/index.php?rest_route=\/wp\/v2\/posts\/5751\/revisions\/5759"}],"wp:attachment":[{"href":"https:\/\/geschichte-hautnah.de\/www\/index.php?rest_route=%2Fwp%2Fv2%2Fmedia&parent=5751"}],"wp:term":[{"taxonomy":"category","embeddable":true,"href":"https:\/\/geschichte-hautnah.de\/www\/index.php?rest_route=%2Fwp%2Fv2%2Fcategories&post=5751"},{"taxonomy":"post_tag","embeddable":true,"href":"https:\/\/geschichte-hautnah.de\/www\/index.php?rest_route=%2Fwp%2Fv2%2Ftags&post=5751"}],"curies":[{"name":"wp","href":"https:\/\/api.w.org\/{rel}","templated":true}]}}