{"id":58231,"date":"2024-05-12T12:00:50","date_gmt":"2024-05-12T10:00:50","guid":{"rendered":"https:\/\/geschichte-hautnah.de\/www\/?p=58231"},"modified":"2024-05-09T20:06:58","modified_gmt":"2024-05-09T18:06:58","slug":"sonderbeitrag-heinrich-knoess","status":"publish","type":"post","link":"https:\/\/geschichte-hautnah.de\/www\/?p=58231","title":{"rendered":"Sonderbeitrag: Heinrich Kn\u00f6\u00df"},"content":{"rendered":"<p>Der Soldat Heinrich Kn\u00f6\u00df wurde am 12.03.1912 in <a href=\"https:\/\/de.wikipedia.org\/wiki\/Daubringen\" target=\"_blank\" rel=\"noopener\">Daubringen<\/a> geboren, einem Ortsteil der hessischen Stadt <a href=\"https:\/\/de.wikipedia.org\/wiki\/Staufenberg_(Hessen)\" target=\"_blank\" rel=\"noopener\">Staufenberg<\/a>. Im Ersten Weltkrieg k\u00e4mpfte er als Unteroffizier in der deutschen Wehrmacht. Am 08.08.1944 fiel er im Alter von 31 Jahren in Frankreich bei <a href=\"https:\/\/de.wikipedia.org\/wiki\/Caen\" target=\"_blank\" rel=\"noopener\">Caen<\/a>.<\/p>\n<p>Man begrub Heinrich Kn\u00f6\u00df auf dem Soldatenfriedhof <span data-sheets-root=\"1\" data-sheets-value=\"{&quot;1&quot;:2,&quot;2&quot;:&quot;Cheux-St.-Manvieu&quot;}\" data-sheets-userformat=\"{&quot;2&quot;:1313281,&quot;3&quot;:{&quot;1&quot;:0},&quot;12&quot;:0,&quot;14&quot;:{&quot;1&quot;:2,&quot;2&quot;:255},&quot;21&quot;:1,&quot;23&quot;:1}\" data-sheets-hyperlink=\"https:\/\/kriegsgraeberstaetten.volksbund.de\/friedhof\/cheux-st-manvieu\"><a class=\"in-cell-link\" href=\"https:\/\/kriegsgraeberstaetten.volksbund.de\/friedhof\/cheux-st-manvieu\" target=\"_blank\" rel=\"noopener\">Cheux-St.-Manvieu<\/a><\/span> in <span data-sheets-root=\"1\" data-sheets-value=\"{&quot;1&quot;:2,&quot;2&quot;:&quot;Block 12, Reihe E, Grab 4&quot;}\" data-sheets-userformat=\"{&quot;2&quot;:4609,&quot;3&quot;:{&quot;1&quot;:0},&quot;12&quot;:0,&quot;15&quot;:&quot;Arial&quot;}\">Block 12, Reihe E, Grab 4.<\/span><\/p>\n<figure id=\"attachment_58223\" aria-describedby=\"caption-attachment-58223\" style=\"width: 450px\" class=\"wp-caption aligncenter\"><img loading=\"lazy\" decoding=\"async\" class=\"wp-image-58223 size-full\" src=\"https:\/\/geschichte-hautnah.de\/www\/wp-content\/uploads\/2024\/05\/Heinrich-Braun-Heinrich-Knoess.jpg\" alt=\"\" width=\"450\" height=\"1000\" srcset=\"https:\/\/geschichte-hautnah.de\/www\/wp-content\/uploads\/2024\/05\/Heinrich-Braun-Heinrich-Knoess.jpg 450w, https:\/\/geschichte-hautnah.de\/www\/wp-content\/uploads\/2024\/05\/Heinrich-Braun-Heinrich-Knoess-135x300.jpg 135w, https:\/\/geschichte-hautnah.de\/www\/wp-content\/uploads\/2024\/05\/Heinrich-Braun-Heinrich-Knoess-360x800.jpg 360w\" sizes=\"auto, (max-width: 450px) 100vw, 450px\" \/><figcaption id=\"caption-attachment-58223\" class=\"wp-caption-text\">Grabstein von Heinrich Braun und Gedenktafel f\u00fcr Heinrich Kn\u00f6\u00df<\/figcaption><\/figure>\n","protected":false},"excerpt":{"rendered":"<p>Der Soldat Heinrich Kn\u00f6\u00df wurde am 12.03.1912 in Daubringen geboren, einem Ortsteil der hessischen Stadt Staufenberg. Im Ersten Weltkrieg k\u00e4mpfte er als Unteroffizier in der deutschen Wehrmacht. Am 08.08.1944 fiel er im Alter von 31 Jahren in Frankreich bei Caen. Man begrub Heinrich Kn\u00f6\u00df auf dem Soldatenfriedhof Cheux-St.-Manvieu in Block 12, Reihe E, Grab 4.<\/p>\n","protected":false},"author":2,"featured_media":0,"comment_status":"closed","ping_status":"closed","sticky":false,"template":"","format":"standard","meta":{"footnotes":"","_wp_rev_ctl_limit":""},"categories":[3,812],"tags":[13964,13963,13960,36,10552,48,13961,101,816,1527,6511],"class_list":["post-58231","post","type-post","status-publish","format-standard","hentry","category-2-weltkrieg","category-frankreich","tag-caen","tag-cheux-st-manvieu","tag-daubringen","tag-frankreich","tag-gedenkplatte","tag-hessen","tag-staufenberg","tag-unteroffizier","tag-wehrmacht","tag-westfront","tag-zweiter-weltkrieg"],"_links":{"self":[{"href":"https:\/\/geschichte-hautnah.de\/www\/index.php?rest_route=\/wp\/v2\/posts\/58231","targetHints":{"allow":["GET"]}}],"collection":[{"href":"https:\/\/geschichte-hautnah.de\/www\/index.php?rest_route=\/wp\/v2\/posts"}],"about":[{"href":"https:\/\/geschichte-hautnah.de\/www\/index.php?rest_route=\/wp\/v2\/types\/post"}],"author":[{"embeddable":true,"href":"https:\/\/geschichte-hautnah.de\/www\/index.php?rest_route=\/wp\/v2\/users\/2"}],"replies":[{"embeddable":true,"href":"https:\/\/geschichte-hautnah.de\/www\/index.php?rest_route=%2Fwp%2Fv2%2Fcomments&post=58231"}],"version-history":[{"count":3,"href":"https:\/\/geschichte-hautnah.de\/www\/index.php?rest_route=\/wp\/v2\/posts\/58231\/revisions"}],"predecessor-version":[{"id":58237,"href":"https:\/\/geschichte-hautnah.de\/www\/index.php?rest_route=\/wp\/v2\/posts\/58231\/revisions\/58237"}],"wp:attachment":[{"href":"https:\/\/geschichte-hautnah.de\/www\/index.php?rest_route=%2Fwp%2Fv2%2Fmedia&parent=58231"}],"wp:term":[{"taxonomy":"category","embeddable":true,"href":"https:\/\/geschichte-hautnah.de\/www\/index.php?rest_route=%2Fwp%2Fv2%2Fcategories&post=58231"},{"taxonomy":"post_tag","embeddable":true,"href":"https:\/\/geschichte-hautnah.de\/www\/index.php?rest_route=%2Fwp%2Fv2%2Ftags&post=58231"}],"curies":[{"name":"wp","href":"https:\/\/api.w.org\/{rel}","templated":true}]}}