{"id":58631,"date":"2024-05-24T15:00:59","date_gmt":"2024-05-24T13:00:59","guid":{"rendered":"https:\/\/geschichte-hautnah.de\/www\/?p=58631"},"modified":"2024-05-23T14:14:10","modified_gmt":"2024-05-23T12:14:10","slug":"sonderbeitrag-die-gefallenen-der-stadt-giessen-1870-71","status":"publish","type":"post","link":"https:\/\/geschichte-hautnah.de\/www\/?p=58631","title":{"rendered":"Sonderbeitrag: Die Gefallenen der Stadt Gie\u00dfen 1870\/71"},"content":{"rendered":"<p>An der Kapelle des Neuen Friedhofs in Gie\u00dfen h\u00e4ngt eine Gedenktafel der hessischen Stadt <a href=\"https:\/\/de.wikipedia.org\/wiki\/Gie%C3%9Fen\" target=\"_blank\" rel=\"noopener\">Gie\u00dfen<\/a> f\u00fcr ihre gefallenen B\u00fcrger im <a href=\"https:\/\/de.wikipedia.org\/wiki\/Deutsch-Franz%C3%B6sischer_Krieg\" target=\"_blank\" rel=\"noopener\">Deutsch-Franz\u00f6sischen Krieg<\/a> 1870\/71.<\/p>\n<p>Folgende Gefallene sind auf der Tafel verewigt:<\/p>\n<ul>\n<li>Georg Gail, Leutnant der Reserve im 2. Infanterie-Regiment, verwundet am 18.08.1870 bei <a href=\"https:\/\/de.wikipedia.org\/wiki\/Schlacht_bei_Gravelotte\" target=\"_blank\" rel=\"noopener\">Gravelotte-St. Privat<\/a>, gestorben am 17.10.1870 in Mannheim;<\/li>\n<li>Reinhard Frank, Leutnant der Reserve, 1. J\u00e4ger-Bataillon, gefallen am 18.08.1870 bei <a href=\"https:\/\/de.wikipedia.org\/wiki\/Schlacht_bei_Gravelotte\" target=\"_blank\" rel=\"noopener\">Gravelotte-St. Privat<\/a>;<\/li>\n<li>Wilhelm Henkel, Gardej\u00e4ger, 1. J\u00e4gerbataillon, verwundet am 18.08.1870 bei <a href=\"https:\/\/de.wikipedia.org\/wiki\/Schlacht_bei_Gravelotte\" target=\"_blank\" rel=\"noopener\">Gravelotte-St. Privat<\/a>, gestorben am 05.09.1870 in <a href=\"https:\/\/de.wikipedia.org\/wiki\/Amanvillers\" target=\"_blank\" rel=\"noopener\">Amanvillers<\/a>;<\/li>\n<li>Emil Bach, Musketier, 3. Infanterie-Regiment, gefallen am 18.08.1870 bei\u00a0<a href=\"https:\/\/de.wikipedia.org\/wiki\/Schlacht_bei_Gravelotte\" target=\"_blank\" rel=\"noopener\">Gravelotte-St. Privat<\/a>;<\/li>\n<li>Adolf Ihrig, Musketier, 4. Infanterie-Regiment, gefallen am 29.11.1870 bei <a href=\"https:\/\/de.wikipedia.org\/wiki\/Coulours\" target=\"_blank\" rel=\"noopener\">Coulours<\/a>;<\/li>\n<li>Major Griff, 1. Bataillon des 2. Infanterie-Regiments, verwundet am 18.08.1870 bei <a href=\"https:\/\/de.wikipedia.org\/wiki\/Schlacht_bei_Gravelotte\" target=\"_blank\" rel=\"noopener\">Gravelotte-St. Privat<\/a>, gestorben am 19.08.1870;<\/li>\n<li>Hauptmann Weber, 2. Kompanie des 2. Infanterie-Regiments, gefallen am 31.12.1870;<\/li>\n<li>Oberleutnant Wissner, 7. Kompanie des 2. Infanterie-Regiments, verwundet am 18.08.1870 bei <a href=\"https:\/\/de.wikipedia.org\/wiki\/Schlacht_bei_Gravelotte\" target=\"_blank\" rel=\"noopener\">Gravelotte-St. Privat<\/a>, gestorben am 26.08.1870 in Gie\u00dfen;<\/li>\n<li>Leutnant Steinberger, 4. Kompanie des 2. Infanterie-Regiments, gefallen am 18.08.1870 bei <a href=\"https:\/\/de.wikipedia.org\/wiki\/Schlacht_bei_Gravelotte\" target=\"_blank\" rel=\"noopener\">Gravelotte-St. Privat<\/a>;<\/li>\n<li>Leutnant der Reserve Kullmann, 6. Kompanie des 2. Infanterie-Regiments, verwundet am 18.08.1870 bei <a href=\"https:\/\/de.wikipedia.org\/wiki\/Schlacht_bei_Gravelotte\" target=\"_blank\" rel=\"noopener\">Gravelotte-St. Privat<\/a>, gestorben am 05.09.1870 in Altenstadt.<\/li>\n<\/ul>\n<p>Die 7 gefallenen Unteroffiziere und 100 Mann des 2. Infanterie-Regiments werden nicht namentlich genannt, ebenso wenig wie die vermissten 12 Soldaten des Regiments.<\/p>\n<p>&nbsp;<\/p>\n<figure id=\"attachment_58632\" aria-describedby=\"caption-attachment-58632\" style=\"width: 1000px\" class=\"wp-caption aligncenter\"><img loading=\"lazy\" decoding=\"async\" class=\"size-full wp-image-58632\" src=\"https:\/\/geschichte-hautnah.de\/www\/wp-content\/uploads\/2024\/05\/Gedenktafel-der-Stadt-Giessen-fuer-die-Gefallenen-des-Deutsch-Franzoesischen-Krieges.jpg\" alt=\"\" width=\"1000\" height=\"902\" srcset=\"https:\/\/geschichte-hautnah.de\/www\/wp-content\/uploads\/2024\/05\/Gedenktafel-der-Stadt-Giessen-fuer-die-Gefallenen-des-Deutsch-Franzoesischen-Krieges.jpg 1000w, https:\/\/geschichte-hautnah.de\/www\/wp-content\/uploads\/2024\/05\/Gedenktafel-der-Stadt-Giessen-fuer-die-Gefallenen-des-Deutsch-Franzoesischen-Krieges-300x271.jpg 300w, https:\/\/geschichte-hautnah.de\/www\/wp-content\/uploads\/2024\/05\/Gedenktafel-der-Stadt-Giessen-fuer-die-Gefallenen-des-Deutsch-Franzoesischen-Krieges-800x722.jpg 800w, https:\/\/geschichte-hautnah.de\/www\/wp-content\/uploads\/2024\/05\/Gedenktafel-der-Stadt-Giessen-fuer-die-Gefallenen-des-Deutsch-Franzoesischen-Krieges-768x693.jpg 768w\" sizes=\"auto, (max-width: 1000px) 100vw, 1000px\" \/><figcaption id=\"caption-attachment-58632\" class=\"wp-caption-text\">Gedenktafel der Stadt Gie\u00dfen f\u00fcr die Gefallenen des Deutsch-Franz\u00f6sischen-Krieges<\/figcaption><\/figure>\n","protected":false},"excerpt":{"rendered":"<p>An der Kapelle des Neuen Friedhofs in Gie\u00dfen h\u00e4ngt eine Gedenktafel der hessischen Stadt Gie\u00dfen f\u00fcr ihre gefallenen B\u00fcrger im Deutsch-Franz\u00f6sischen Krieg 1870\/71. Folgende Gefallene sind auf der Tafel verewigt: Georg Gail, Leutnant der Reserve im 2. Infanterie-Regiment, verwundet am 18.08.1870 bei Gravelotte-St. Privat, gestorben am 17.10.1870 in Mannheim; Reinhard Frank, Leutnant der Reserve, 1. [&hellip;]<\/p>\n","protected":false},"author":2,"featured_media":0,"comment_status":"closed","ping_status":"closed","sticky":false,"template":"","format":"standard","meta":{"footnotes":"","_wp_rev_ctl_limit":""},"categories":[6,1876],"tags":[7881,43,48],"class_list":["post-58631","post","type-post","status-publish","format-standard","hentry","category-deutsch-franzosischer-krieg-187071","category-frankreich-1-weltkrieg","tag-deutsch-franzoesischer-krieg","tag-giesen","tag-hessen"],"_links":{"self":[{"href":"https:\/\/geschichte-hautnah.de\/www\/index.php?rest_route=\/wp\/v2\/posts\/58631","targetHints":{"allow":["GET"]}}],"collection":[{"href":"https:\/\/geschichte-hautnah.de\/www\/index.php?rest_route=\/wp\/v2\/posts"}],"about":[{"href":"https:\/\/geschichte-hautnah.de\/www\/index.php?rest_route=\/wp\/v2\/types\/post"}],"author":[{"embeddable":true,"href":"https:\/\/geschichte-hautnah.de\/www\/index.php?rest_route=\/wp\/v2\/users\/2"}],"replies":[{"embeddable":true,"href":"https:\/\/geschichte-hautnah.de\/www\/index.php?rest_route=%2Fwp%2Fv2%2Fcomments&post=58631"}],"version-history":[{"count":3,"href":"https:\/\/geschichte-hautnah.de\/www\/index.php?rest_route=\/wp\/v2\/posts\/58631\/revisions"}],"predecessor-version":[{"id":58636,"href":"https:\/\/geschichte-hautnah.de\/www\/index.php?rest_route=\/wp\/v2\/posts\/58631\/revisions\/58636"}],"wp:attachment":[{"href":"https:\/\/geschichte-hautnah.de\/www\/index.php?rest_route=%2Fwp%2Fv2%2Fmedia&parent=58631"}],"wp:term":[{"taxonomy":"category","embeddable":true,"href":"https:\/\/geschichte-hautnah.de\/www\/index.php?rest_route=%2Fwp%2Fv2%2Fcategories&post=58631"},{"taxonomy":"post_tag","embeddable":true,"href":"https:\/\/geschichte-hautnah.de\/www\/index.php?rest_route=%2Fwp%2Fv2%2Ftags&post=58631"}],"curies":[{"name":"wp","href":"https:\/\/api.w.org\/{rel}","templated":true}]}}