{"id":59284,"date":"2024-06-25T09:00:40","date_gmt":"2024-06-25T07:00:40","guid":{"rendered":"https:\/\/geschichte-hautnah.de\/www\/?p=59284"},"modified":"2024-06-15T09:08:14","modified_gmt":"2024-06-15T07:08:14","slug":"die-gefallenen-des-frankfurter-hauptfriedhofs-teil-31-carl-heinrich-stuelpnagel","status":"publish","type":"post","link":"https:\/\/geschichte-hautnah.de\/www\/?p=59284","title":{"rendered":"Die Gefallenen des Frankfurter Hauptfriedhofs \u2013 Teil 31: Carl Heinrich von St\u00fclpnagel"},"content":{"rendered":"<p>Der Soldat <a href=\"https:\/\/de.wikipedia.org\/wiki\/Carl-Heinrich_von_St%C3%BClpnagel\" target=\"_blank\" rel=\"noopener\">Carl Heinrich von St\u00fclpnagel<\/a> wurde am 01.01.1886 in der Reichshauptstadt <a href=\"https:\/\/de.wikipedia.org\/wiki\/Berlin\" target=\"_blank\" rel=\"noopener\">Berlin<\/a> geboren. Im Ersten Weltkrieg k\u00e4mpfte er als Oberleutnant in der 12. Kompanie des 115. Leiggarde-Infanterie-Regiments. Im Zweiten Weltkrieg k\u00e4mpfte er als General der Infanterie in der Wehrmacht. Am 30.08.1944 wurde er im Alter von 58 Jahren als Opfer des 20.07.1944 hingerichtet.<\/p>\n<p>Auf dem <a href=\"https:\/\/de.wikipedia.org\/wiki\/Hauptfriedhof_(Frankfurt_am_Main)\" target=\"_blank\" rel=\"noopener\">Hauptfriedhof in Frankfurt am Main<\/a> wurde am Familiengrab eine Gedenktafel angebracht.<\/p>\n<figure id=\"attachment_58884\" aria-describedby=\"caption-attachment-58884\" style=\"width: 450px\" class=\"wp-caption aligncenter\"><img loading=\"lazy\" decoding=\"async\" class=\"size-full wp-image-58884\" src=\"https:\/\/geschichte-hautnah.de\/www\/wp-content\/uploads\/2024\/05\/Ludwig-und-Carl-Heinrich-von-Stuelpnagel.jpg\" alt=\"\" width=\"450\" height=\"1000\" srcset=\"https:\/\/geschichte-hautnah.de\/www\/wp-content\/uploads\/2024\/05\/Ludwig-und-Carl-Heinrich-von-Stuelpnagel.jpg 450w, https:\/\/geschichte-hautnah.de\/www\/wp-content\/uploads\/2024\/05\/Ludwig-und-Carl-Heinrich-von-Stuelpnagel-135x300.jpg 135w, https:\/\/geschichte-hautnah.de\/www\/wp-content\/uploads\/2024\/05\/Ludwig-und-Carl-Heinrich-von-Stuelpnagel-360x800.jpg 360w\" sizes=\"auto, (max-width: 450px) 100vw, 450px\" \/><figcaption id=\"caption-attachment-58884\" class=\"wp-caption-text\">Grab von Ludwig und Carl Heinrich von St\u00fclpnagel<\/figcaption><\/figure>\n<figure id=\"attachment_58883\" aria-describedby=\"caption-attachment-58883\" style=\"width: 379px\" class=\"wp-caption aligncenter\"><img loading=\"lazy\" decoding=\"async\" class=\"size-full wp-image-58883\" src=\"https:\/\/geschichte-hautnah.de\/www\/wp-content\/uploads\/2024\/05\/Ludwig-und-Carl-Heinrich-von-Stuelpnagel-1.jpg\" alt=\"\" width=\"379\" height=\"252\" srcset=\"https:\/\/geschichte-hautnah.de\/www\/wp-content\/uploads\/2024\/05\/Ludwig-und-Carl-Heinrich-von-Stuelpnagel-1.jpg 379w, https:\/\/geschichte-hautnah.de\/www\/wp-content\/uploads\/2024\/05\/Ludwig-und-Carl-Heinrich-von-Stuelpnagel-1-300x199.jpg 300w\" sizes=\"auto, (max-width: 379px) 100vw, 379px\" \/><figcaption id=\"caption-attachment-58883\" class=\"wp-caption-text\">Grab von Ludwig und Carl Heinrich von St\u00fclpnagel<\/figcaption><\/figure>\n","protected":false},"excerpt":{"rendered":"<p>Der Soldat Carl Heinrich von St\u00fclpnagel wurde am 01.01.1886 in der Reichshauptstadt Berlin geboren. Im Ersten Weltkrieg k\u00e4mpfte er als Oberleutnant in der 12. Kompanie des 115. Leiggarde-Infanterie-Regiments. Im Zweiten Weltkrieg k\u00e4mpfte er als General der Infanterie in der Wehrmacht. Am 30.08.1944 wurde er im Alter von 58 Jahren als Opfer des 20.07.1944 hingerichtet. Auf [&hellip;]<\/p>\n","protected":false},"author":2,"featured_media":0,"comment_status":"closed","ping_status":"closed","sticky":false,"template":"","format":"standard","meta":{"footnotes":"","_wp_rev_ctl_limit":""},"categories":[2,8,13],"tags":[9030,5633,2736,6186,13796,48,14163,4028,1955,9194,816],"class_list":["post-59284","post","type-post","status-publish","format-standard","hentry","category-1-weltkrieg","category-sterbebilder","category-nationalsozialismus","tag-115-leibgarde-infanterie-regiment","tag-berlin","tag-familiengrab","tag-frankfurt-am-main","tag-general-der-infanterie","tag-hessen","tag-hingerichtet","tag-nationalsozialismus","tag-oberleutnant","tag-reichshauptstadt","tag-wehrmacht"],"_links":{"self":[{"href":"https:\/\/geschichte-hautnah.de\/www\/index.php?rest_route=\/wp\/v2\/posts\/59284","targetHints":{"allow":["GET"]}}],"collection":[{"href":"https:\/\/geschichte-hautnah.de\/www\/index.php?rest_route=\/wp\/v2\/posts"}],"about":[{"href":"https:\/\/geschichte-hautnah.de\/www\/index.php?rest_route=\/wp\/v2\/types\/post"}],"author":[{"embeddable":true,"href":"https:\/\/geschichte-hautnah.de\/www\/index.php?rest_route=\/wp\/v2\/users\/2"}],"replies":[{"embeddable":true,"href":"https:\/\/geschichte-hautnah.de\/www\/index.php?rest_route=%2Fwp%2Fv2%2Fcomments&post=59284"}],"version-history":[{"count":3,"href":"https:\/\/geschichte-hautnah.de\/www\/index.php?rest_route=\/wp\/v2\/posts\/59284\/revisions"}],"predecessor-version":[{"id":59287,"href":"https:\/\/geschichte-hautnah.de\/www\/index.php?rest_route=\/wp\/v2\/posts\/59284\/revisions\/59287"}],"wp:attachment":[{"href":"https:\/\/geschichte-hautnah.de\/www\/index.php?rest_route=%2Fwp%2Fv2%2Fmedia&parent=59284"}],"wp:term":[{"taxonomy":"category","embeddable":true,"href":"https:\/\/geschichte-hautnah.de\/www\/index.php?rest_route=%2Fwp%2Fv2%2Fcategories&post=59284"},{"taxonomy":"post_tag","embeddable":true,"href":"https:\/\/geschichte-hautnah.de\/www\/index.php?rest_route=%2Fwp%2Fv2%2Ftags&post=59284"}],"curies":[{"name":"wp","href":"https:\/\/api.w.org\/{rel}","templated":true}]}}