{"id":6337,"date":"2019-07-12T00:00:05","date_gmt":"2019-07-11T22:00:05","guid":{"rendered":"http:\/\/geschichte-hautnah.de\/www\/?p=6337"},"modified":"2018-11-17T10:57:17","modified_gmt":"2018-11-17T09:57:17","slug":"die-maenner-des-ersten-weltkriegs-teil-557-josef-lindinger","status":"publish","type":"post","link":"https:\/\/geschichte-hautnah.de\/www\/?p=6337","title":{"rendered":"Die M\u00e4nner des Ersten Weltkriegs \u2013 Teil 557: Josef Lindinger"},"content":{"rendered":"<p>Der Infanterist Josef Lindinger wurde am 05.03.1896 in <a href=\"https:\/\/goo.gl\/maps\/YGzaU9KEmXs\" target=\"_blank\" rel=\"noopener\">Haarbacherloh<\/a> (Ortsteil der Gemeinde <a href=\"https:\/\/de.wikipedia.org\/wiki\/Haarbach\" target=\"_blank\" rel=\"noopener\">Haarbach<\/a>) als Sohn eines Landwirts geboren. Im Ersten Weltkrieg diente er in der 8. Kompanie des 18. Reserve-Infanterie-Regiments. Am 24.12.1916 fiel er im Alter von 20 Jahren in Rum\u00e4nien durch einen Kopfschuss w\u00e4hrend der Verteidigungsschlacht im <a href=\"https:\/\/goo.gl\/maps\/ewJ5anzgZQT2\" target=\"_blank\" rel=\"noopener\">Gyimes<\/a>-Uz-Gebiet bei der Offensive im Bereczker-Gebirge und am <a href=\"https:\/\/goo.gl\/maps\/6oB7QKeerL72\" target=\"_blank\" rel=\"noopener\">Ojtozpa\u00df<\/a>.<\/p>\n<p>Die Lage der Kriegsgr\u00e4berf\u00fcrsorge in Rum\u00e4nien war und ist sehr schwierig und unbefriedigend. Daher ist eine Grablage f\u00fcr Josef Lindinger unbekannt.<\/p>\n<p>Seine Heimatgemeinde Harrbach gedenkt noch heute Josef Lindinger auf einem Denkmal:\u00a0<a href=\"http:\/\/denkmalprojekt.org\/2010\/haarbach_wk1u2_bay.htm\" target=\"_blank\" rel=\"noopener\">http:\/\/denkmalprojekt.org\/2010\/haarbach_wk1u2_bay.htm<\/a><\/p>\n<figure id=\"attachment_6336\" aria-describedby=\"caption-attachment-6336\" style=\"width: 800px\" class=\"wp-caption aligncenter\"><img loading=\"lazy\" decoding=\"async\" class=\"wp-image-6336 size-full\" src=\"http:\/\/geschichte-hautnah.de\/www\/wp-content\/uploads\/2018\/11\/Josef_Lindinger_v.jpeg\" alt=\"\" width=\"800\" height=\"610\" srcset=\"https:\/\/geschichte-hautnah.de\/www\/wp-content\/uploads\/2018\/11\/Josef_Lindinger_v.jpeg 800w, https:\/\/geschichte-hautnah.de\/www\/wp-content\/uploads\/2018\/11\/Josef_Lindinger_v-300x229.jpeg 300w, https:\/\/geschichte-hautnah.de\/www\/wp-content\/uploads\/2018\/11\/Josef_Lindinger_v-768x586.jpeg 768w\" sizes=\"auto, (max-width: 800px) 100vw, 800px\" \/><figcaption id=\"caption-attachment-6336\" class=\"wp-caption-text\">Sterbebild von Josef Lindinger<\/figcaption><\/figure>\n<figure id=\"attachment_6335\" aria-describedby=\"caption-attachment-6335\" style=\"width: 800px\" class=\"wp-caption aligncenter\"><img loading=\"lazy\" decoding=\"async\" class=\"wp-image-6335 size-full\" src=\"http:\/\/geschichte-hautnah.de\/www\/wp-content\/uploads\/2018\/11\/Josef_Lindinger_h.jpeg\" alt=\"\" width=\"800\" height=\"610\" srcset=\"https:\/\/geschichte-hautnah.de\/www\/wp-content\/uploads\/2018\/11\/Josef_Lindinger_h.jpeg 800w, https:\/\/geschichte-hautnah.de\/www\/wp-content\/uploads\/2018\/11\/Josef_Lindinger_h-300x229.jpeg 300w, https:\/\/geschichte-hautnah.de\/www\/wp-content\/uploads\/2018\/11\/Josef_Lindinger_h-768x586.jpeg 768w\" sizes=\"auto, (max-width: 800px) 100vw, 800px\" \/><figcaption id=\"caption-attachment-6335\" class=\"wp-caption-text\">R\u00fcckseite des Sterbebildes von Josef Lindinger<\/figcaption><\/figure>\n","protected":false},"excerpt":{"rendered":"<p>Der Infanterist Josef Lindinger wurde am 05.03.1896 in Haarbacherloh (Ortsteil der Gemeinde Haarbach) als Sohn eines Landwirts geboren. Im Ersten Weltkrieg diente er in der 8. Kompanie des 18. Reserve-Infanterie-Regiments. Am 24.12.1916 fiel er im Alter von 20 Jahren in Rum\u00e4nien durch einen Kopfschuss w\u00e4hrend der Verteidigungsschlacht im Gyimes-Uz-Gebiet bei der Offensive im Bereczker-Gebirge und [&hellip;]<\/p>\n","protected":false},"author":2,"featured_media":0,"comment_status":"closed","ping_status":"closed","sticky":false,"template":"","format":"standard","meta":{"footnotes":"","_wp_rev_ctl_limit":""},"categories":[2,8,1875],"tags":[96,217,162,1877,1878,97,295,1879,499,99],"class_list":["post-6337","post","type-post","status-publish","format-standard","hentry","category-1-weltkrieg","category-sterbebilder","category-rumaenien","tag-18-reserve-infanterie-regiment","tag-denkmal","tag-haarbach","tag-haarbacherloh","tag-haarbachloh","tag-infanterist","tag-kopfschuss","tag-rumaenien","tag-schreibfehler","tag-unbekannte-grablage"],"_links":{"self":[{"href":"https:\/\/geschichte-hautnah.de\/www\/index.php?rest_route=\/wp\/v2\/posts\/6337","targetHints":{"allow":["GET"]}}],"collection":[{"href":"https:\/\/geschichte-hautnah.de\/www\/index.php?rest_route=\/wp\/v2\/posts"}],"about":[{"href":"https:\/\/geschichte-hautnah.de\/www\/index.php?rest_route=\/wp\/v2\/types\/post"}],"author":[{"embeddable":true,"href":"https:\/\/geschichte-hautnah.de\/www\/index.php?rest_route=\/wp\/v2\/users\/2"}],"replies":[{"embeddable":true,"href":"https:\/\/geschichte-hautnah.de\/www\/index.php?rest_route=%2Fwp%2Fv2%2Fcomments&post=6337"}],"version-history":[{"count":7,"href":"https:\/\/geschichte-hautnah.de\/www\/index.php?rest_route=\/wp\/v2\/posts\/6337\/revisions"}],"predecessor-version":[{"id":6344,"href":"https:\/\/geschichte-hautnah.de\/www\/index.php?rest_route=\/wp\/v2\/posts\/6337\/revisions\/6344"}],"wp:attachment":[{"href":"https:\/\/geschichte-hautnah.de\/www\/index.php?rest_route=%2Fwp%2Fv2%2Fmedia&parent=6337"}],"wp:term":[{"taxonomy":"category","embeddable":true,"href":"https:\/\/geschichte-hautnah.de\/www\/index.php?rest_route=%2Fwp%2Fv2%2Fcategories&post=6337"},{"taxonomy":"post_tag","embeddable":true,"href":"https:\/\/geschichte-hautnah.de\/www\/index.php?rest_route=%2Fwp%2Fv2%2Ftags&post=6337"}],"curies":[{"name":"wp","href":"https:\/\/api.w.org\/{rel}","templated":true}]}}