{"id":64548,"date":"2025-05-29T12:00:55","date_gmt":"2025-05-29T10:00:55","guid":{"rendered":"https:\/\/geschichte-hautnah.de\/www\/?p=64548"},"modified":"2025-05-29T08:49:14","modified_gmt":"2025-05-29T06:49:14","slug":"sonderbeitrag-hermann-barnim-otto-tobias-haslingen","status":"publish","type":"post","link":"https:\/\/geschichte-hautnah.de\/www\/?p=64548","title":{"rendered":"Sonderbeitrag: Hermann Barnim Otto Tobias von Haslingen"},"content":{"rendered":"<p>Der Soldat Hermann Barnim Otto Tobias von Haslingen wurde am 08.03.1841 in <a href=\"https:\/\/de.wikipedia.org\/wiki\/Berlin\" target=\"_blank\" rel=\"noopener\">Berlin<\/a>, der Haupstatdt des K\u00f6nigreichs <a href=\"https:\/\/de.wikipedia.org\/wiki\/Preu%C3%9Fen\" target=\"_blank\" rel=\"noopener\">Preu\u00dfen<\/a>, geboren. Im Deutsch-Franz\u00f6sischen-Krieg k\u00e4mpfte er als Premier-Leutnant im 2. brandenburgisches Dragoner-Regiment Nr. 12. Am 29.08.1870 fiel er im Alter von 29 Jahren bei <a href=\"https:\/\/de.wikipedia.org\/wiki\/Charny-sur-Meuse\" target=\"_blank\" rel=\"noopener\">Charny-sur-Meuse<\/a>.<\/p>\n<p>Man begrub Hermann Barnim Otto Tobias von Haslingen auf dem Soldatenfriedhof <span data-sheets-root=\"1\"><a class=\"in-cell-link\" href=\"https:\/\/kriegsgraeberstaetten.volksbund.de\/friedhof\/metz-chambiere\" target=\"_blank\" rel=\"noopener\">Metz Chambiere<\/a><\/span> in Block 1.<\/p>\n<figure id=\"attachment_64550\" aria-describedby=\"caption-attachment-64550\" style=\"width: 429px\" class=\"wp-caption alignnone\"><img loading=\"lazy\" decoding=\"async\" class=\"size-full wp-image-64550\" src=\"https:\/\/geschichte-hautnah.de\/www\/wp-content\/uploads\/2025\/05\/von-Haslingen-von-Tauentzien.jpg\" alt=\"\" width=\"429\" height=\"800\" srcset=\"https:\/\/geschichte-hautnah.de\/www\/wp-content\/uploads\/2025\/05\/von-Haslingen-von-Tauentzien.jpg 429w, https:\/\/geschichte-hautnah.de\/www\/wp-content\/uploads\/2025\/05\/von-Haslingen-von-Tauentzien-161x300.jpg 161w\" sizes=\"auto, (max-width: 429px) 100vw, 429px\" \/><figcaption id=\"caption-attachment-64550\" class=\"wp-caption-text\">Das Grab von von Hermann Barnim Otto Tobias von Haslingen und Carl Friedrich Lucas von Tauentzien<\/figcaption><\/figure>\n","protected":false},"excerpt":{"rendered":"<p>Der Soldat Hermann Barnim Otto Tobias von Haslingen wurde am 08.03.1841 in Berlin, der Haupstatdt des K\u00f6nigreichs Preu\u00dfen, geboren. Im Deutsch-Franz\u00f6sischen-Krieg k\u00e4mpfte er als Premier-Leutnant im 2. brandenburgisches Dragoner-Regiment Nr. 12. Am 29.08.1870 fiel er im Alter von 29 Jahren bei Charny-sur-Meuse. Man begrub Hermann Barnim Otto Tobias von Haslingen auf dem Soldatenfriedhof Metz Chambiere [&hellip;]<\/p>\n","protected":false},"author":2,"featured_media":0,"comment_status":"closed","ping_status":"closed","sticky":false,"template":"","format":"standard","meta":{"footnotes":"","_wp_rev_ctl_limit":""},"categories":[6,1876,13917,594],"tags":[14914,5633,14915,7881,36,12154,598,9420,14913,4550,9194],"class_list":["post-64548","post","type-post","status-publish","format-standard","hentry","category-deutsch-franzosischer-krieg-187071","category-frankreich-1-weltkrieg","category-grand-est","category-lothringen-saarland","tag-2-brandenburgisches-dragoner-regiment-nr-12","tag-berlin","tag-charny-sur-meuse","tag-deutsch-franzoesischer-krieg","tag-frankreich","tag-grand-est","tag-lothringen","tag-metz-chambiere","tag-premier-leutnant","tag-preussen","tag-reichshauptstadt"],"_links":{"self":[{"href":"https:\/\/geschichte-hautnah.de\/www\/index.php?rest_route=\/wp\/v2\/posts\/64548","targetHints":{"allow":["GET"]}}],"collection":[{"href":"https:\/\/geschichte-hautnah.de\/www\/index.php?rest_route=\/wp\/v2\/posts"}],"about":[{"href":"https:\/\/geschichte-hautnah.de\/www\/index.php?rest_route=\/wp\/v2\/types\/post"}],"author":[{"embeddable":true,"href":"https:\/\/geschichte-hautnah.de\/www\/index.php?rest_route=\/wp\/v2\/users\/2"}],"replies":[{"embeddable":true,"href":"https:\/\/geschichte-hautnah.de\/www\/index.php?rest_route=%2Fwp%2Fv2%2Fcomments&post=64548"}],"version-history":[{"count":3,"href":"https:\/\/geschichte-hautnah.de\/www\/index.php?rest_route=\/wp\/v2\/posts\/64548\/revisions"}],"predecessor-version":[{"id":64555,"href":"https:\/\/geschichte-hautnah.de\/www\/index.php?rest_route=\/wp\/v2\/posts\/64548\/revisions\/64555"}],"wp:attachment":[{"href":"https:\/\/geschichte-hautnah.de\/www\/index.php?rest_route=%2Fwp%2Fv2%2Fmedia&parent=64548"}],"wp:term":[{"taxonomy":"category","embeddable":true,"href":"https:\/\/geschichte-hautnah.de\/www\/index.php?rest_route=%2Fwp%2Fv2%2Fcategories&post=64548"},{"taxonomy":"post_tag","embeddable":true,"href":"https:\/\/geschichte-hautnah.de\/www\/index.php?rest_route=%2Fwp%2Fv2%2Ftags&post=64548"}],"curies":[{"name":"wp","href":"https:\/\/api.w.org\/{rel}","templated":true}]}}