{"id":64789,"date":"2025-06-15T18:00:21","date_gmt":"2025-06-15T16:00:21","guid":{"rendered":"https:\/\/geschichte-hautnah.de\/www\/?p=64789"},"modified":"2025-06-15T11:04:08","modified_gmt":"2025-06-15T09:04:08","slug":"sonderbeitrag-oberleutnant-pichler","status":"publish","type":"post","link":"https:\/\/geschichte-hautnah.de\/www\/?p=64789","title":{"rendered":"Sonderbeitrag: Oberleutnant Karl Pichler"},"content":{"rendered":"<p>Der Soldat Karl Pichler stammte aus der Gemeinde <a href=\"https:\/\/de.wikipedia.org\/wiki\/Adelberg\" target=\"_blank\" rel=\"noopener\">Adelberg<\/a> im heutigen Bundesland Baden-W\u00fcrttemberg. Er k\u00e4mpfte im Ersten Weltkrieg als Oberleutnant in der 12. Kompanie des 413. Infanterie-Regiments. Er starb am 16.06.1918 infolge schwerer Verwundung w\u00e4hrend der Schlacht bei <a href=\"https:\/\/de.wikipedia.org\/wiki\/Noyon\" target=\"_blank\" rel=\"noopener\">Noyon<\/a> am 13.06.1918.<\/p>\n<p>\u00dcber die Todesumst\u00e4nde von Karl Bichler berichtet die Regimentsgeschichte des 413. Infanterie-Regiments:<\/p>\n<blockquote><p><em>&#8222;&#8230; Wir trennten uns daher, aber kaum war ich etwa 100 Meter durch das Sumpfgel\u00e4nde gegangen, als eine einzelne schwere Granate in der N\u00e4he einschlug. Ich sagte mir sofort, dass der Einschlag in der N\u00e4he der M\u00fchle auf der Stra\u00dfe erfolgt sein musste, als ich gleich darauf meinen Namen von Leutnant Wendler rufen h\u00f6rte. Nichts Gutes ahnend, begab ich mich wieder auf die Stra\u00dfe, auf der mir Leutnant Wendler mit blut\u00fcberstr\u00f6mter Hand entgegenkam und mir zurief, dass Oberleutnant Pichler verwundet an der Stra\u00dfenb\u00f6schung liege. Nachdem Leutnant Wendler notd\u00fcrftig verbunden war, bem\u00fchten wir uns um Oberleutnant Pichler, der keine sichtbare Verwundung hatte, aber \u00fcber Schmerzen im Bauch klagte. Als wir die Ursache feststellen wollten, entdeckten wir unterhalb der Magengegend eine ganz kleine Wunde, die nur ein paar Tropfen Blut abgegeben hatte. Es war also eine der gef\u00fcrchteten und gef\u00e4hrlichen Bauchverletzungen. Nun hie\u00df es den Verwundeten rasch wegschaffen, aber wie? Zum guten Gl\u00fcck entdeckten wir in einigen hundert Metern Entfernung an einem einzelstehenden Bauernhaus die Rotkreuzflagge, es war eine Verwundetensammelstelle. Krankentr\u00e4ger brachten unsern Kameraden Pichler dann sofort zu dieser Sammelstelle; wir veranlassten noch, dass er schnellstens abgeholt wurde und tats\u00e4chlich kam auch nach kurzer Zeit ein Sanit\u00e4tsauto, mit dem er in das Feldlazarett nach Lassigny gebracht und einer sofortigen Operation unterzogen wurde. Trotz dieser raschen \u00e4rztlichen Hilfe &#8211; von der Verwundung bis zur Operation vergingen kaum zwei Stunden &#8211; war das Leben dieses lieben Kameraden nicht mehr zu retten; am 16. Juni starb er den Heldentod.&#8220;<\/em><\/p><\/blockquote>\n<p>Man begrub Karl Pichler auf dem Soldatenfriedhof <span data-sheets-root=\"1\"><a class=\"in-cell-link\" href=\"https:\/\/goo.gl\/maps\/Vb7Fp2kZLnC2\" target=\"_blank\" rel=\"noopener\">Nampcel<\/a><\/span> in Block 2, Grab 532.<\/p>\n<figure id=\"attachment_64790\" aria-describedby=\"caption-attachment-64790\" style=\"width: 669px\" class=\"wp-caption alignnone\"><img loading=\"lazy\" decoding=\"async\" class=\"size-full wp-image-64790\" src=\"https:\/\/geschichte-hautnah.de\/www\/wp-content\/uploads\/2025\/06\/Oberleutnant-Pichler-16.06.1918.jpg\" alt=\"\" width=\"669\" height=\"893\" srcset=\"https:\/\/geschichte-hautnah.de\/www\/wp-content\/uploads\/2025\/06\/Oberleutnant-Pichler-16.06.1918.jpg 669w, https:\/\/geschichte-hautnah.de\/www\/wp-content\/uploads\/2025\/06\/Oberleutnant-Pichler-16.06.1918-225x300.jpg 225w, https:\/\/geschichte-hautnah.de\/www\/wp-content\/uploads\/2025\/06\/Oberleutnant-Pichler-16.06.1918-599x800.jpg 599w\" sizes=\"auto, (max-width: 669px) 100vw, 669px\" \/><figcaption id=\"caption-attachment-64790\" class=\"wp-caption-text\">Oberleutnant Pichler<\/figcaption><\/figure>\n","protected":false},"excerpt":{"rendered":"<p>Der Soldat Karl Pichler stammte aus der Gemeinde Adelberg im heutigen Bundesland Baden-W\u00fcrttemberg. Er k\u00e4mpfte im Ersten Weltkrieg als Oberleutnant in der 12. Kompanie des 413. Infanterie-Regiments. Er starb am 16.06.1918 infolge schwerer Verwundung w\u00e4hrend der Schlacht bei Noyon am 13.06.1918. \u00dcber die Todesumst\u00e4nde von Karl Bichler berichtet die Regimentsgeschichte des 413. Infanterie-Regiments: &#8222;&#8230; Wir [&hellip;]<\/p>\n","protected":false},"author":2,"featured_media":0,"comment_status":"closed","ping_status":"closed","sticky":false,"template":"","format":"standard","meta":{"footnotes":"","_wp_rev_ctl_limit":""},"categories":[2,8,1876,9017],"tags":[8173,14945,1378,36,1529,2184,1955,1534,8957,771,1527],"class_list":["post-64789","post","type-post","status-publish","format-standard","hentry","category-1-weltkrieg","category-sterbebilder","category-frankreich-1-weltkrieg","category-oise","tag-413-infanterie-regiment","tag-adelberg","tag-baden-wuerttemberg","tag-frankreich","tag-nampcel","tag-noyon","tag-oberleutnant","tag-oise","tag-schlacht-bei-noyon","tag-schwere-verwundung","tag-westfront"],"_links":{"self":[{"href":"https:\/\/geschichte-hautnah.de\/www\/index.php?rest_route=\/wp\/v2\/posts\/64789","targetHints":{"allow":["GET"]}}],"collection":[{"href":"https:\/\/geschichte-hautnah.de\/www\/index.php?rest_route=\/wp\/v2\/posts"}],"about":[{"href":"https:\/\/geschichte-hautnah.de\/www\/index.php?rest_route=\/wp\/v2\/types\/post"}],"author":[{"embeddable":true,"href":"https:\/\/geschichte-hautnah.de\/www\/index.php?rest_route=\/wp\/v2\/users\/2"}],"replies":[{"embeddable":true,"href":"https:\/\/geschichte-hautnah.de\/www\/index.php?rest_route=%2Fwp%2Fv2%2Fcomments&post=64789"}],"version-history":[{"count":3,"href":"https:\/\/geschichte-hautnah.de\/www\/index.php?rest_route=\/wp\/v2\/posts\/64789\/revisions"}],"predecessor-version":[{"id":64796,"href":"https:\/\/geschichte-hautnah.de\/www\/index.php?rest_route=\/wp\/v2\/posts\/64789\/revisions\/64796"}],"wp:attachment":[{"href":"https:\/\/geschichte-hautnah.de\/www\/index.php?rest_route=%2Fwp%2Fv2%2Fmedia&parent=64789"}],"wp:term":[{"taxonomy":"category","embeddable":true,"href":"https:\/\/geschichte-hautnah.de\/www\/index.php?rest_route=%2Fwp%2Fv2%2Fcategories&post=64789"},{"taxonomy":"post_tag","embeddable":true,"href":"https:\/\/geschichte-hautnah.de\/www\/index.php?rest_route=%2Fwp%2Fv2%2Ftags&post=64789"}],"curies":[{"name":"wp","href":"https:\/\/api.w.org\/{rel}","templated":true}]}}