{"id":65498,"date":"2025-07-29T23:00:44","date_gmt":"2025-07-29T21:00:44","guid":{"rendered":"https:\/\/geschichte-hautnah.de\/www\/?p=65498"},"modified":"2025-07-29T17:36:12","modified_gmt":"2025-07-29T15:36:12","slug":"sonderbeitrag-mathias-winter","status":"publish","type":"post","link":"https:\/\/geschichte-hautnah.de\/www\/?p=65498","title":{"rendered":"Sonderbeitrag: Mathias Winter"},"content":{"rendered":"<p>W\u00e4hrend meiner derzeitigen Reise durch das deutsch-franz\u00f6sische Grenzgebiet bei Saarlouis stie\u00df ich auf folgendes Grab auf dem <a href=\"https:\/\/maps.app.goo.gl\/G6SLu9EJMN5ThHQW6\" target=\"_blank\" rel=\"noopener\">alten Friedhof<\/a> von <a href=\"https:\/\/de.wikipedia.org\/wiki\/Berus\" target=\"_blank\" rel=\"noopener\">Berus<\/a>, einem Ortsteil der saarl\u00e4ndischen Gemeinde <a href=\"https:\/\/de.wikipedia.org\/wiki\/%C3%9Cberherrn\" target=\"_blank\" rel=\"noopener\">\u00dcberherrn<\/a>:<\/p>\n<p>Der Soldat Mathias Winter wurde am 06.11.1887 in <a href=\"https:\/\/de.wikipedia.org\/wiki\/Altforweiler\" target=\"_blank\" rel=\"noopener\">Altforweiler<\/a> geboren, einem Ortsteil der saarl\u00e4ndischen Gemeinde <a href=\"https:\/\/de.wikipedia.org\/wiki\/%C3%9Cberherrn\" target=\"_blank\" rel=\"noopener\">\u00dcberherrn<\/a>. Im Ersten Weltkrieg k\u00e4mpfte er als Infanterist in der 12. Kompanie des 132. Infanterie-Regiments. Am 29.03.1916 verstarb er im Reserve-Lazarett Kreuznach, nachdem er zuvor im Kampf w\u00e4hrend der Schlacht um Verdun schwer verwundet worden war.<\/p>\n<p>Man begrub Mathias Winter auf dem alten Friedhof von <a href=\"https:\/\/de.wikipedia.org\/wiki\/Berus\" target=\"_blank\" rel=\"noopener\">Berus<\/a>.<\/p>\n<figure id=\"attachment_65499\" aria-describedby=\"caption-attachment-65499\" style=\"width: 397px\" class=\"wp-caption alignnone\"><img loading=\"lazy\" decoding=\"async\" class=\"size-full wp-image-65499\" src=\"https:\/\/geschichte-hautnah.de\/www\/wp-content\/uploads\/2025\/07\/Mathias-Winter.jpg\" alt=\"\" width=\"397\" height=\"800\" srcset=\"https:\/\/geschichte-hautnah.de\/www\/wp-content\/uploads\/2025\/07\/Mathias-Winter.jpg 397w, https:\/\/geschichte-hautnah.de\/www\/wp-content\/uploads\/2025\/07\/Mathias-Winter-149x300.jpg 149w\" sizes=\"auto, (max-width: 397px) 100vw, 397px\" \/><figcaption id=\"caption-attachment-65499\" class=\"wp-caption-text\">Das Grab von Mathias Winter auf dem alten Friedhof von Berus<\/figcaption><\/figure>\n","protected":false},"excerpt":{"rendered":"<p>W\u00e4hrend meiner derzeitigen Reise durch das deutsch-franz\u00f6sische Grenzgebiet bei Saarlouis stie\u00df ich auf folgendes Grab auf dem alten Friedhof von Berus, einem Ortsteil der saarl\u00e4ndischen Gemeinde \u00dcberherrn: Der Soldat Mathias Winter wurde am 06.11.1887 in Altforweiler geboren, einem Ortsteil der saarl\u00e4ndischen Gemeinde \u00dcberherrn. Im Ersten Weltkrieg k\u00e4mpfte er als Infanterist in der 12. Kompanie des [&hellip;]<\/p>\n","protected":false},"author":2,"featured_media":0,"comment_status":"closed","ping_status":"closed","sticky":false,"template":"","format":"standard","meta":{"footnotes":"","_wp_rev_ctl_limit":""},"categories":[2,8,1876,13917,594,16],"tags":[10497,15053,15051,36,12154,598,15054,3678,3155,1117,15052,1527],"class_list":["post-65498","post","type-post","status-publish","format-standard","hentry","category-1-weltkrieg","category-sterbebilder","category-frankreich-1-weltkrieg","category-grand-est","category-lothringen-saarland","category-verdun","tag-132-infanterie-regiment","tag-altforweiler","tag-berus","tag-frankreich","tag-grand-est","tag-lothringen","tag-reserve-lazarett-kreuznach","tag-saarland","tag-schlacht-um-verdun","tag-schwer-verwundet","tag-ueberherrn","tag-westfront"],"_links":{"self":[{"href":"https:\/\/geschichte-hautnah.de\/www\/index.php?rest_route=\/wp\/v2\/posts\/65498","targetHints":{"allow":["GET"]}}],"collection":[{"href":"https:\/\/geschichte-hautnah.de\/www\/index.php?rest_route=\/wp\/v2\/posts"}],"about":[{"href":"https:\/\/geschichte-hautnah.de\/www\/index.php?rest_route=\/wp\/v2\/types\/post"}],"author":[{"embeddable":true,"href":"https:\/\/geschichte-hautnah.de\/www\/index.php?rest_route=\/wp\/v2\/users\/2"}],"replies":[{"embeddable":true,"href":"https:\/\/geschichte-hautnah.de\/www\/index.php?rest_route=%2Fwp%2Fv2%2Fcomments&post=65498"}],"version-history":[{"count":3,"href":"https:\/\/geschichte-hautnah.de\/www\/index.php?rest_route=\/wp\/v2\/posts\/65498\/revisions"}],"predecessor-version":[{"id":65504,"href":"https:\/\/geschichte-hautnah.de\/www\/index.php?rest_route=\/wp\/v2\/posts\/65498\/revisions\/65504"}],"wp:attachment":[{"href":"https:\/\/geschichte-hautnah.de\/www\/index.php?rest_route=%2Fwp%2Fv2%2Fmedia&parent=65498"}],"wp:term":[{"taxonomy":"category","embeddable":true,"href":"https:\/\/geschichte-hautnah.de\/www\/index.php?rest_route=%2Fwp%2Fv2%2Fcategories&post=65498"},{"taxonomy":"post_tag","embeddable":true,"href":"https:\/\/geschichte-hautnah.de\/www\/index.php?rest_route=%2Fwp%2Fv2%2Ftags&post=65498"}],"curies":[{"name":"wp","href":"https:\/\/api.w.org\/{rel}","templated":true}]}}