{"id":65871,"date":"2025-08-24T12:00:30","date_gmt":"2025-08-24T10:00:30","guid":{"rendered":"https:\/\/geschichte-hautnah.de\/www\/?p=65871"},"modified":"2025-08-23T16:28:34","modified_gmt":"2025-08-23T14:28:34","slug":"sonderbeitrag-franz-bereth","status":"publish","type":"post","link":"https:\/\/geschichte-hautnah.de\/www\/?p=65871","title":{"rendered":"Sonderbeitrag: Franz Bereth"},"content":{"rendered":"<p>Der Soldat Franz Bereth wurde am 23.09.1889 in der Gemeinde <a href=\"https:\/\/de.wikipedia.org\/wiki\/B%C3%BChlertann\" target=\"_blank\" rel=\"noopener\">B\u00fchlertann<\/a> im heutigen Bundesland Baden-W\u00fcrttemberg geboren, und lebte in der hessischen Stadt <a href=\"https:\/\/de.wikipedia.org\/wiki\/Offenbach_am_Main\" target=\"_blank\" rel=\"noopener\">Offenbach<\/a>. Im Ersten Weltkrieg k\u00e4mpfte er in der 7. Kompanie des 122. F\u00fcsilier-Regiments. Am 09.12.1914 fiel er im Alter von 25 Jahren bei <a href=\"https:\/\/de.wikipedia.org\/wiki\/Sanniki\" target=\"_blank\" rel=\"noopener\">Saniki<\/a> (Sanniki) nahe <a href=\"https:\/\/maps.app.goo.gl\/PrDdsh6HZV3sbHAb6\" target=\"_blank\" rel=\"noopener\">Wszeliwy<\/a> im damaligen Russland.<\/p>\n<p>Die Lage des Grabes von Franz Bereth ist unbekannt. Wahrscheinlich existiert es nicht mehr.<\/p>\n<figure id=\"attachment_65870\" aria-describedby=\"caption-attachment-65870\" style=\"width: 492px\" class=\"wp-caption alignnone\"><img loading=\"lazy\" decoding=\"async\" class=\"size-full wp-image-65870\" src=\"https:\/\/geschichte-hautnah.de\/www\/wp-content\/uploads\/2025\/08\/Franz-Bereth-vorne.jpg\" alt=\"\" width=\"492\" height=\"800\" srcset=\"https:\/\/geschichte-hautnah.de\/www\/wp-content\/uploads\/2025\/08\/Franz-Bereth-vorne.jpg 492w, https:\/\/geschichte-hautnah.de\/www\/wp-content\/uploads\/2025\/08\/Franz-Bereth-vorne-185x300.jpg 185w\" sizes=\"auto, (max-width: 492px) 100vw, 492px\" \/><figcaption id=\"caption-attachment-65870\" class=\"wp-caption-text\">Das Sterbebild von Franz Bereth<\/figcaption><\/figure>\n<figure id=\"attachment_65869\" aria-describedby=\"caption-attachment-65869\" style=\"width: 492px\" class=\"wp-caption alignnone\"><img loading=\"lazy\" decoding=\"async\" class=\"size-full wp-image-65869\" src=\"https:\/\/geschichte-hautnah.de\/www\/wp-content\/uploads\/2025\/08\/Franz-Bereth-hinten.jpg\" alt=\"\" width=\"492\" height=\"800\" srcset=\"https:\/\/geschichte-hautnah.de\/www\/wp-content\/uploads\/2025\/08\/Franz-Bereth-hinten.jpg 492w, https:\/\/geschichte-hautnah.de\/www\/wp-content\/uploads\/2025\/08\/Franz-Bereth-hinten-185x300.jpg 185w\" sizes=\"auto, (max-width: 492px) 100vw, 492px\" \/><figcaption id=\"caption-attachment-65869\" class=\"wp-caption-text\">R\u00fcckseite des Sterbebildes von Franz Bereth<\/figcaption><\/figure>\n","protected":false},"excerpt":{"rendered":"<p>Der Soldat Franz Bereth wurde am 23.09.1889 in der Gemeinde B\u00fchlertann im heutigen Bundesland Baden-W\u00fcrttemberg geboren, und lebte in der hessischen Stadt Offenbach. Im Ersten Weltkrieg k\u00e4mpfte er in der 7. Kompanie des 122. F\u00fcsilier-Regiments. Am 09.12.1914 fiel er im Alter von 25 Jahren bei Saniki (Sanniki) nahe Wszeliwy im damaligen Russland. Die Lage des [&hellip;]<\/p>\n","protected":false},"author":2,"featured_media":0,"comment_status":"closed","ping_status":"closed","sticky":false,"template":"","format":"standard","meta":{"footnotes":"","_wp_rev_ctl_limit":""},"categories":[2,8,1902,1870],"tags":[13079,1378,15089,48,7922,991,69,14176,99,15090],"class_list":["post-65871","post","type-post","status-publish","format-standard","hentry","category-1-weltkrieg","category-sterbebilder","category-polen","category-russland","tag-122-fuesilier-regiment","tag-baden-wuerttemberg","tag-buehlertann","tag-hessen","tag-offenbach","tag-ostfront","tag-russland","tag-saniki","tag-unbekannte-grablage","tag-wszeliwy"],"_links":{"self":[{"href":"https:\/\/geschichte-hautnah.de\/www\/index.php?rest_route=\/wp\/v2\/posts\/65871","targetHints":{"allow":["GET"]}}],"collection":[{"href":"https:\/\/geschichte-hautnah.de\/www\/index.php?rest_route=\/wp\/v2\/posts"}],"about":[{"href":"https:\/\/geschichte-hautnah.de\/www\/index.php?rest_route=\/wp\/v2\/types\/post"}],"author":[{"embeddable":true,"href":"https:\/\/geschichte-hautnah.de\/www\/index.php?rest_route=\/wp\/v2\/users\/2"}],"replies":[{"embeddable":true,"href":"https:\/\/geschichte-hautnah.de\/www\/index.php?rest_route=%2Fwp%2Fv2%2Fcomments&post=65871"}],"version-history":[{"count":3,"href":"https:\/\/geschichte-hautnah.de\/www\/index.php?rest_route=\/wp\/v2\/posts\/65871\/revisions"}],"predecessor-version":[{"id":65876,"href":"https:\/\/geschichte-hautnah.de\/www\/index.php?rest_route=\/wp\/v2\/posts\/65871\/revisions\/65876"}],"wp:attachment":[{"href":"https:\/\/geschichte-hautnah.de\/www\/index.php?rest_route=%2Fwp%2Fv2%2Fmedia&parent=65871"}],"wp:term":[{"taxonomy":"category","embeddable":true,"href":"https:\/\/geschichte-hautnah.de\/www\/index.php?rest_route=%2Fwp%2Fv2%2Fcategories&post=65871"},{"taxonomy":"post_tag","embeddable":true,"href":"https:\/\/geschichte-hautnah.de\/www\/index.php?rest_route=%2Fwp%2Fv2%2Ftags&post=65871"}],"curies":[{"name":"wp","href":"https:\/\/api.w.org\/{rel}","templated":true}]}}