{"id":6700,"date":"2019-08-23T00:00:18","date_gmt":"2019-08-22T22:00:18","guid":{"rendered":"http:\/\/geschichte-hautnah.de\/www\/?p=6700"},"modified":"2018-12-08T13:13:11","modified_gmt":"2018-12-08T12:13:11","slug":"die-maenner-des-ersten-weltkriegs-teil-598-adolf-filser","status":"publish","type":"post","link":"https:\/\/geschichte-hautnah.de\/www\/?p=6700","title":{"rendered":"Die M\u00e4nner des Ersten Weltkriegs \u2013 Teil 598: Adolf Filser"},"content":{"rendered":"<p>Der Landwehrmann Adolf Filser wurde am 26.04.1878 in <a href=\"https:\/\/goo.gl\/maps\/CKfx52joVkB2\" target=\"_blank\" rel=\"noopener\">H\u00f6rmannshausen<\/a> als Sohn eines M\u00fchlenbesitzers geboren. Im Ersten Weltkrieg k\u00e4mpfte er im 5. Ersatz-Infanterie-Regiment. Am 12.12.1916 fiel er im Alter von 38 Jahren\u00a0 bei <a href=\"https:\/\/www.verdunbilder.de\/hardaumont\/\" target=\"_blank\" rel=\"noopener\">Hardaumont<\/a> vor Verdun durch einen Granattreffer.<\/p>\n<p>Die Gebeine von Adolf Filser wurden auf dem Soldatenfriedhof <span data-sheets-value=\"{&quot;1&quot;:2,&quot;2&quot;:&quot;Hautecourt-l\u00e8s-Broville&quot;}\" data-sheets-userformat=\"{&quot;2&quot;:1049089,&quot;3&quot;:{&quot;1&quot;:0},&quot;12&quot;:0,&quot;23&quot;:1}\" data-sheets-formula=\"=HYPERLINK(&quot;https:\/\/goo.gl\/maps\/EGHJFoxDbwm&quot;;&quot;Hautecourt-l\u00e8s-Broville&quot;)\"><a class=\"in-cell-link\" href=\"https:\/\/goo.gl\/maps\/EGHJFoxDbwm\" target=\"_blank\" rel=\"noopener\">Hautecourt-l\u00e8s-Broville<\/a><\/span> in einem Massengrab beigesetzt.<\/p>\n<p>Seine Heimatgemeinde gedenkt noch heute Adolf Filser auf einem Denkmal:\u00a0<a href=\"http:\/\/www.denkmalprojekt.org\/dkm_deutschland\/biessenhofen-altdorf_kirche_wk1_bay.htm\" target=\"_blank\" rel=\"noopener\">http:\/\/www.denkmalprojekt.org\/dkm_deutschland\/biessenhofen-altdorf_kirche_wk1_bay.htm<\/a>\u00a0und\u00a0<a href=\"http:\/\/www.denkmalprojekt.org\/dkm_deutschland\/biessenhofen-hoermanshofen_st_otilia_wk1_bay.htm\" target=\"_blank\" rel=\"noopener\">http:\/\/www.denkmalprojekt.org\/dkm_deutschland\/biessenhofen-hoermanshofen_st_otilia_wk1_bay.htm<\/a><\/p>\n<figure id=\"attachment_6703\" aria-describedby=\"caption-attachment-6703\" style=\"width: 488px\" class=\"wp-caption aligncenter\"><img loading=\"lazy\" decoding=\"async\" class=\"wp-image-6703 size-full\" src=\"http:\/\/geschichte-hautnah.de\/www\/wp-content\/uploads\/2018\/12\/Adolf_Filser_v.jpeg\" alt=\"\" width=\"488\" height=\"800\" srcset=\"https:\/\/geschichte-hautnah.de\/www\/wp-content\/uploads\/2018\/12\/Adolf_Filser_v.jpeg 488w, https:\/\/geschichte-hautnah.de\/www\/wp-content\/uploads\/2018\/12\/Adolf_Filser_v-183x300.jpeg 183w\" sizes=\"auto, (max-width: 488px) 100vw, 488px\" \/><figcaption id=\"caption-attachment-6703\" class=\"wp-caption-text\">Sterbebild von Adolf Filser<\/figcaption><\/figure>\n<figure id=\"attachment_6702\" aria-describedby=\"caption-attachment-6702\" style=\"width: 488px\" class=\"wp-caption aligncenter\"><img loading=\"lazy\" decoding=\"async\" class=\"wp-image-6702 size-full\" src=\"http:\/\/geschichte-hautnah.de\/www\/wp-content\/uploads\/2018\/12\/Adolf_Filser_h.jpeg\" alt=\"\" width=\"488\" height=\"800\" srcset=\"https:\/\/geschichte-hautnah.de\/www\/wp-content\/uploads\/2018\/12\/Adolf_Filser_h.jpeg 488w, https:\/\/geschichte-hautnah.de\/www\/wp-content\/uploads\/2018\/12\/Adolf_Filser_h-183x300.jpeg 183w\" sizes=\"auto, (max-width: 488px) 100vw, 488px\" \/><figcaption id=\"caption-attachment-6702\" class=\"wp-caption-text\">R\u00fcckseite des Sterbebildes von Adolf Filser<\/figcaption><\/figure>\n<p>&nbsp;<\/p>\n<p>Der theoretische Weg von Adolf Filser von seinem Geburtsort zu seinem Grab:<\/p>\n<p><iframe loading=\"lazy\" style=\"border: 0;\" src=\"https:\/\/www.google.com\/maps\/embed?pb=!1m28!1m12!1m3!1d1353317.2936409968!2d6.979426269706577!3d48.510272028904666!2m3!1f0!2f0!3f0!3m2!1i1024!2i768!4f13.1!4m13!3e2!4m5!1s0x47eb20f87ebe053f%3A0x40a5fb99a3ae920!2sAbaucourt-Hautecourt%2C+55400%2C+Frankreich!3m2!1d49.1965693!2d5.5519729!4m5!1s0x479c69807985e355%3A0xa1e48b04cf76120!2sH%C3%B6rmanshofen%2C+87640+Biessenhofen!3m2!1d47.8236127!2d10.6487184!5e0!3m2!1sde!2sde!4v1544270987332\" width=\"600\" height=\"450\" frameborder=\"0\" allowfullscreen=\"allowfullscreen\"><\/iframe><\/p>\n","protected":false},"excerpt":{"rendered":"<p>Der Landwehrmann Adolf Filser wurde am 26.04.1878 in H\u00f6rmannshausen als Sohn eines M\u00fchlenbesitzers geboren. Im Ersten Weltkrieg k\u00e4mpfte er im 5. Ersatz-Infanterie-Regiment. Am 12.12.1916 fiel er im Alter von 38 Jahren\u00a0 bei Hardaumont vor Verdun durch einen Granattreffer. Die Gebeine von Adolf Filser wurden auf dem Soldatenfriedhof Hautecourt-l\u00e8s-Broville in einem Massengrab beigesetzt. Seine Heimatgemeinde gedenkt [&hellip;]<\/p>\n","protected":false},"author":2,"featured_media":0,"comment_status":"closed","ping_status":"closed","sticky":false,"template":"","format":"standard","meta":{"footnotes":"","_wp_rev_ctl_limit":""},"categories":[2,8,16],"tags":[1987,516,1988,267,1986,287,92,1010],"class_list":["post-6700","post","type-post","status-publish","format-standard","hentry","category-1-weltkrieg","category-sterbebilder","category-verdun","tag-5-ersatz-infanterie-regiment","tag-granattreffer","tag-hardaumont","tag-hautecourt-les-broville","tag-hoermannshausen","tag-landwehrmann","tag-massengrab","tag-muehlenbesitzer"],"_links":{"self":[{"href":"https:\/\/geschichte-hautnah.de\/www\/index.php?rest_route=\/wp\/v2\/posts\/6700","targetHints":{"allow":["GET"]}}],"collection":[{"href":"https:\/\/geschichte-hautnah.de\/www\/index.php?rest_route=\/wp\/v2\/posts"}],"about":[{"href":"https:\/\/geschichte-hautnah.de\/www\/index.php?rest_route=\/wp\/v2\/types\/post"}],"author":[{"embeddable":true,"href":"https:\/\/geschichte-hautnah.de\/www\/index.php?rest_route=\/wp\/v2\/users\/2"}],"replies":[{"embeddable":true,"href":"https:\/\/geschichte-hautnah.de\/www\/index.php?rest_route=%2Fwp%2Fv2%2Fcomments&post=6700"}],"version-history":[{"count":5,"href":"https:\/\/geschichte-hautnah.de\/www\/index.php?rest_route=\/wp\/v2\/posts\/6700\/revisions"}],"predecessor-version":[{"id":6707,"href":"https:\/\/geschichte-hautnah.de\/www\/index.php?rest_route=\/wp\/v2\/posts\/6700\/revisions\/6707"}],"wp:attachment":[{"href":"https:\/\/geschichte-hautnah.de\/www\/index.php?rest_route=%2Fwp%2Fv2%2Fmedia&parent=6700"}],"wp:term":[{"taxonomy":"category","embeddable":true,"href":"https:\/\/geschichte-hautnah.de\/www\/index.php?rest_route=%2Fwp%2Fv2%2Fcategories&post=6700"},{"taxonomy":"post_tag","embeddable":true,"href":"https:\/\/geschichte-hautnah.de\/www\/index.php?rest_route=%2Fwp%2Fv2%2Ftags&post=6700"}],"curies":[{"name":"wp","href":"https:\/\/api.w.org\/{rel}","templated":true}]}}