{"id":67103,"date":"2026-03-07T12:20:34","date_gmt":"2026-03-07T11:20:34","guid":{"rendered":"https:\/\/geschichte-hautnah.de\/www\/?p=67103"},"modified":"2026-01-06T19:35:15","modified_gmt":"2026-01-06T18:35:15","slug":"sonderbeitrag-karl-predeck","status":"publish","type":"post","link":"https:\/\/geschichte-hautnah.de\/www\/?p=67103","title":{"rendered":"Sonderbeitrag: Karl Predeck"},"content":{"rendered":"<p>Heute ist der 110. Todestag von Karl Predeck. Er k\u00e4mpfte im Ersten Weltkrieg als Unteroffizier in der Haubitzen-Batterie des 5. Sturm-Bataillon Rohr. Am 07.03.1916 starb er nach schwerer Verwundung w\u00e4hrend der <a href=\"https:\/\/de.wikipedia.org\/wiki\/Schlacht_um_Verdun\" target=\"_blank\" rel=\"noopener\">Schlacht um Verdun<\/a> bei <a href=\"https:\/\/de.wikipedia.org\/wiki\/Mogeville\" target=\"_blank\" rel=\"noopener\">Mogeville<\/a> im Lazarett Reserve-Kompanie 19.<\/p>\n<p>Man begrub Karl Predeck zun\u00e4chst auf dem Friedhof von <a href=\"https:\/\/de.wikipedia.org\/wiki\/Mogeville\" target=\"_blank\" rel=\"noopener\">Mogeville<\/a>, sp\u00e4ter bettete man ihn auf de Soldatenfriedhof <span data-sheets-root=\"1\"><a class=\"in-cell-link\" href=\"https:\/\/goo.gl\/maps\/EGHJFoxDbwm\" target=\"_blank\" rel=\"noopener\">Hautecourt-l\u00e8s-Broville<\/a><\/span> in Block 2, Grab 28 um.<\/p>\n<figure id=\"attachment_67104\" aria-describedby=\"caption-attachment-67104\" style=\"width: 800px\" class=\"wp-caption alignnone\"><img loading=\"lazy\" decoding=\"async\" class=\"size-full wp-image-67104\" src=\"https:\/\/geschichte-hautnah.de\/www\/wp-content\/uploads\/2026\/01\/Karl-Predeck.jpg\" alt=\"\" width=\"800\" height=\"644\" srcset=\"https:\/\/geschichte-hautnah.de\/www\/wp-content\/uploads\/2026\/01\/Karl-Predeck.jpg 800w, https:\/\/geschichte-hautnah.de\/www\/wp-content\/uploads\/2026\/01\/Karl-Predeck-300x242.jpg 300w, https:\/\/geschichte-hautnah.de\/www\/wp-content\/uploads\/2026\/01\/Karl-Predeck-768x618.jpg 768w\" sizes=\"auto, (max-width: 800px) 100vw, 800px\" \/><figcaption id=\"caption-attachment-67104\" class=\"wp-caption-text\">Das Grab von Karl Predeck auf dem Friedhof von Mogeville &#8211; im Hintergrund das abgeschossene Christusbild<\/figcaption><\/figure>\n","protected":false},"excerpt":{"rendered":"<p>Heute ist der 110. Todestag von Karl Predeck. Er k\u00e4mpfte im Ersten Weltkrieg als Unteroffizier in der Haubitzen-Batterie des 5. Sturm-Bataillon Rohr. Am 07.03.1916 starb er nach schwerer Verwundung w\u00e4hrend der Schlacht um Verdun bei Mogeville im Lazarett Reserve-Kompanie 19. Man begrub Karl Predeck zun\u00e4chst auf dem Friedhof von Mogeville, sp\u00e4ter bettete man ihn auf [&hellip;]<\/p>\n","protected":false},"author":2,"featured_media":0,"comment_status":"closed","ping_status":"closed","sticky":false,"template":"","format":"standard","meta":{"footnotes":"","_wp_rev_ctl_limit":""},"categories":[2,8,1876,13917,594,16],"tags":[11086,36,12154,15264,267,598,15262,3155,1117,15263,101,125,1527],"class_list":["post-67103","post","type-post","status-publish","format-standard","hentry","category-1-weltkrieg","category-sterbebilder","category-frankreich-1-weltkrieg","category-grand-est","category-lothringen-saarland","category-verdun","tag-5-sturm-bataillon","tag-frankreich","tag-grand-est","tag-haubitzen-batterie","tag-hautecourt-les-broville","tag-lothringen","tag-mogeville","tag-schlacht-um-verdun","tag-schwer-verwundet","tag-todestag","tag-unteroffizier","tag-verdun","tag-westfront"],"_links":{"self":[{"href":"https:\/\/geschichte-hautnah.de\/www\/index.php?rest_route=\/wp\/v2\/posts\/67103","targetHints":{"allow":["GET"]}}],"collection":[{"href":"https:\/\/geschichte-hautnah.de\/www\/index.php?rest_route=\/wp\/v2\/posts"}],"about":[{"href":"https:\/\/geschichte-hautnah.de\/www\/index.php?rest_route=\/wp\/v2\/types\/post"}],"author":[{"embeddable":true,"href":"https:\/\/geschichte-hautnah.de\/www\/index.php?rest_route=\/wp\/v2\/users\/2"}],"replies":[{"embeddable":true,"href":"https:\/\/geschichte-hautnah.de\/www\/index.php?rest_route=%2Fwp%2Fv2%2Fcomments&post=67103"}],"version-history":[{"count":3,"href":"https:\/\/geschichte-hautnah.de\/www\/index.php?rest_route=\/wp\/v2\/posts\/67103\/revisions"}],"predecessor-version":[{"id":67108,"href":"https:\/\/geschichte-hautnah.de\/www\/index.php?rest_route=\/wp\/v2\/posts\/67103\/revisions\/67108"}],"wp:attachment":[{"href":"https:\/\/geschichte-hautnah.de\/www\/index.php?rest_route=%2Fwp%2Fv2%2Fmedia&parent=67103"}],"wp:term":[{"taxonomy":"category","embeddable":true,"href":"https:\/\/geschichte-hautnah.de\/www\/index.php?rest_route=%2Fwp%2Fv2%2Fcategories&post=67103"},{"taxonomy":"post_tag","embeddable":true,"href":"https:\/\/geschichte-hautnah.de\/www\/index.php?rest_route=%2Fwp%2Fv2%2Ftags&post=67103"}],"curies":[{"name":"wp","href":"https:\/\/api.w.org\/{rel}","templated":true}]}}