{"id":67811,"date":"2026-02-24T12:00:22","date_gmt":"2026-02-24T11:00:22","guid":{"rendered":"https:\/\/geschichte-hautnah.de\/www\/?p=67811"},"modified":"2026-02-24T07:37:14","modified_gmt":"2026-02-24T06:37:14","slug":"sonderbeitrag-ernst-paulus","status":"publish","type":"post","link":"https:\/\/geschichte-hautnah.de\/www\/?p=67811","title":{"rendered":"Sonderbeitrag: Ernst Paulus"},"content":{"rendered":"<p>Der Soldat Ernst Paulus stammte aus <a href=\"https:\/\/de.wikipedia.org\/wiki\/Z%C3%BCrich\" target=\"_blank\" rel=\"noopener\">Z\u00fcrich<\/a> (Schweiz). Im Ersten Weltkrieg k\u00e4mpfte er als Kanonier in der 399. bayerischn Fu\u00dfartillerie-Batterie. Am 06.08.1916 verstarb er im Alter von 20 Jahren, nachdem er zuvor am 05.08.1916 w\u00e4hrend der K\u00e4mpfe in den Vogesen schwer verwundet worden war.<\/p>\n<p>Man begrub Ernst Paulus auf dem Soldatenfriedhof <span data-sheets-root=\"1\"><a class=\"in-cell-link\" href=\"https:\/\/de.wikipedia.org\/wiki\/Belles-For%C3%AAts\" target=\"_blank\" rel=\"noopener\">Bisping<\/a><\/span> in Grab 41. Ich konnte dieser Tage sein Grab besuchen. Ein Foto des Grabes findet man unten auf dieser Seite.<\/p>\n<p>Im M\u00fcnchner Stadtteil Thalkirchen gedenkt man Ernst Paulus noch heute auf einem Denkmal: <a href=\"http:\/\/www.denkmalprojekt.org\/2020\/thalkirchen-st-maria_stadt-muenchen_wk1_bay.html\" target=\"_blank\" rel=\"noopener\">http:\/\/www.denkmalprojekt.org\/2020\/thalkirchen-st-maria_stadt-muenchen_wk1_bay.html<\/a><\/p>\n<figure id=\"attachment_65934\" aria-describedby=\"caption-attachment-65934\" style=\"width: 800px\" class=\"wp-caption alignnone\"><img loading=\"lazy\" decoding=\"async\" class=\"size-full wp-image-65934\" src=\"https:\/\/geschichte-hautnah.de\/www\/wp-content\/uploads\/2025\/09\/Ernst-Paulus.jpg\" alt=\"\" width=\"800\" height=\"635\" srcset=\"https:\/\/geschichte-hautnah.de\/www\/wp-content\/uploads\/2025\/09\/Ernst-Paulus.jpg 800w, https:\/\/geschichte-hautnah.de\/www\/wp-content\/uploads\/2025\/09\/Ernst-Paulus-300x238.jpg 300w, https:\/\/geschichte-hautnah.de\/www\/wp-content\/uploads\/2025\/09\/Ernst-Paulus-768x610.jpg 768w\" sizes=\"auto, (max-width: 800px) 100vw, 800px\" \/><figcaption id=\"caption-attachment-65934\" class=\"wp-caption-text\">Die Todesanzeige f\u00fcr Ernst Paulus<\/figcaption><\/figure>\n<figure id=\"attachment_67814\" aria-describedby=\"caption-attachment-67814\" style=\"width: 927px\" class=\"wp-caption alignnone\"><img loading=\"lazy\" decoding=\"async\" class=\"size-full wp-image-67814\" src=\"https:\/\/geschichte-hautnah.de\/www\/wp-content\/uploads\/2026\/02\/Ernst-Paulus.jpg\" alt=\"\" width=\"927\" height=\"1000\" srcset=\"https:\/\/geschichte-hautnah.de\/www\/wp-content\/uploads\/2026\/02\/Ernst-Paulus.jpg 927w, https:\/\/geschichte-hautnah.de\/www\/wp-content\/uploads\/2026\/02\/Ernst-Paulus-278x300.jpg 278w, https:\/\/geschichte-hautnah.de\/www\/wp-content\/uploads\/2026\/02\/Ernst-Paulus-742x800.jpg 742w, https:\/\/geschichte-hautnah.de\/www\/wp-content\/uploads\/2026\/02\/Ernst-Paulus-768x828.jpg 768w\" sizes=\"auto, (max-width: 927px) 100vw, 927px\" \/><figcaption id=\"caption-attachment-67814\" class=\"wp-caption-text\">Das Grab des Soldaten Ernst auf dem Soldatenfriedhof Bisping<\/figcaption><\/figure>\n","protected":false},"excerpt":{"rendered":"<p>Der Soldat Ernst Paulus stammte aus Z\u00fcrich (Schweiz). Im Ersten Weltkrieg k\u00e4mpfte er als Kanonier in der 399. bayerischn Fu\u00dfartillerie-Batterie. Am 06.08.1916 verstarb er im Alter von 20 Jahren, nachdem er zuvor am 05.08.1916 w\u00e4hrend der K\u00e4mpfe in den Vogesen schwer verwundet worden war. Man begrub Ernst Paulus auf dem Soldatenfriedhof Bisping in Grab 41. [&hellip;]<\/p>\n","protected":false},"author":2,"featured_media":0,"comment_status":"closed","ping_status":"closed","sticky":false,"template":"","format":"standard","meta":{"footnotes":"","_wp_rev_ctl_limit":""},"categories":[2,8,13918,1876,13917,594,18],"tags":[15391,597,217,33,36,4456,12154,111,598,3989,1117,1527,14872],"class_list":["post-67811","post","type-post","status-publish","format-standard","hentry","category-1-weltkrieg","category-sterbebilder","category-elsass","category-frankreich-1-weltkrieg","category-grand-est","category-lothringen-saarland","category-vogesenkampfe","tag-339-bayerische-fussartillerie-batterie","tag-bisping","tag-denkmal","tag-elsass","tag-frankreich","tag-grabfoto","tag-grand-est","tag-kanonier","tag-lothringen","tag-schweiz","tag-schwer-verwundet","tag-westfront","tag-zuerich"],"_links":{"self":[{"href":"https:\/\/geschichte-hautnah.de\/www\/index.php?rest_route=\/wp\/v2\/posts\/67811","targetHints":{"allow":["GET"]}}],"collection":[{"href":"https:\/\/geschichte-hautnah.de\/www\/index.php?rest_route=\/wp\/v2\/posts"}],"about":[{"href":"https:\/\/geschichte-hautnah.de\/www\/index.php?rest_route=\/wp\/v2\/types\/post"}],"author":[{"embeddable":true,"href":"https:\/\/geschichte-hautnah.de\/www\/index.php?rest_route=\/wp\/v2\/users\/2"}],"replies":[{"embeddable":true,"href":"https:\/\/geschichte-hautnah.de\/www\/index.php?rest_route=%2Fwp%2Fv2%2Fcomments&post=67811"}],"version-history":[{"count":3,"href":"https:\/\/geschichte-hautnah.de\/www\/index.php?rest_route=\/wp\/v2\/posts\/67811\/revisions"}],"predecessor-version":[{"id":67818,"href":"https:\/\/geschichte-hautnah.de\/www\/index.php?rest_route=\/wp\/v2\/posts\/67811\/revisions\/67818"}],"wp:attachment":[{"href":"https:\/\/geschichte-hautnah.de\/www\/index.php?rest_route=%2Fwp%2Fv2%2Fmedia&parent=67811"}],"wp:term":[{"taxonomy":"category","embeddable":true,"href":"https:\/\/geschichte-hautnah.de\/www\/index.php?rest_route=%2Fwp%2Fv2%2Fcategories&post=67811"},{"taxonomy":"post_tag","embeddable":true,"href":"https:\/\/geschichte-hautnah.de\/www\/index.php?rest_route=%2Fwp%2Fv2%2Ftags&post=67811"}],"curies":[{"name":"wp","href":"https:\/\/api.w.org\/{rel}","templated":true}]}}