{"id":68171,"date":"2026-03-31T18:00:23","date_gmt":"2026-03-31T16:00:23","guid":{"rendered":"https:\/\/geschichte-hautnah.de\/www\/?p=68171"},"modified":"2026-04-08T17:52:40","modified_gmt":"2026-04-08T15:52:40","slug":"sonderbeitrag-walter-ziemssen","status":"publish","type":"post","link":"https:\/\/geschichte-hautnah.de\/www\/?p=68171","title":{"rendered":"Sonderbeitrag: Walter Ziemssen"},"content":{"rendered":"<p>Der Soldat Walter Ziemssen wurde am 04.12.1875 in <a href=\"https:\/\/de.wikipedia.org\/wiki\/Grudzi%C4%85dz\" target=\"_blank\" rel=\"noopener\">Graudenz<\/a> (seit 1945 polnisch: Grudzi\u0105dz) geboren und lebte in <a href=\"https:\/\/de.wikipedia.org\/wiki\/Bad_Honnef\" target=\"_blank\" rel=\"noopener\">Bad Honnef<\/a> im heutigen Bundesland Nordrhein-Westfalen. Im Ersten Weltkrieg k\u00e4mpfte er als Hauptmann und Kompanief\u00fchrer in der 9. Kompanie des 112. Infanterie-Regiments. Am 09.08.1914 fiel er im Alter von 38 Jahren bei Rixheim.<\/p>\n<p><img loading=\"lazy\" decoding=\"async\" class=\"size-full wp-image-32571 aligncenter\" src=\"https:\/\/geschichte-hautnah.de\/www\/wp-content\/uploads\/2021\/09\/Walter-Ziemssen.jpg\" alt=\"\" width=\"800\" height=\"686\" srcset=\"https:\/\/geschichte-hautnah.de\/www\/wp-content\/uploads\/2021\/09\/Walter-Ziemssen.jpg 800w, https:\/\/geschichte-hautnah.de\/www\/wp-content\/uploads\/2021\/09\/Walter-Ziemssen-300x257.jpg 300w, https:\/\/geschichte-hautnah.de\/www\/wp-content\/uploads\/2021\/09\/Walter-Ziemssen-768x659.jpg 768w\" sizes=\"auto, (max-width: 800px) 100vw, 800px\" \/><\/p>\n<p>Man begrub Walter Ziemssen auf dem Soldatenfriedhof <span data-sheets-root=\"1\"><a class=\"in-cell-link\" href=\"https:\/\/goo.gl\/maps\/tBh2vPDijJP2\" target=\"_blank\" rel=\"noopener\">Illfurth<\/a><\/span> in Block 7, Grab 52.<\/p>\n<p>In seiner Heimatstadt Bad Honnef gedenkt man Walter Ziemssen noch heute auf einem Denkmal: <a href=\"http:\/\/www.denkmalprojekt.org\/dkm_deutschland\/bad_honnef_wk1_nrw.htm\" target=\"_blank\" rel=\"noopener\">http:\/\/www.denkmalprojekt.org\/dkm_deutschland\/bad_honnef_wk1_nrw.htm<\/a>, ebenso in Stralsund (St. Marien) im heutigen Bundesland\u00a0 Mecklenburg-Vorpommern: <a href=\"http:\/\/www.denkmalprojekt.org\/dkm_deutschland\/stralsund_st_marien_wk1_ziemssen_mvp.htm\" target=\"_blank\" rel=\"noopener\">http:\/\/www.denkmalprojekt.org\/dkm_deutschland\/stralsund_st_marien_wk1_ziemssen_mvp.htm<\/a><\/p>\n<figure id=\"attachment_68173\" aria-describedby=\"caption-attachment-68173\" style=\"width: 547px\" class=\"wp-caption alignleft\"><img loading=\"lazy\" decoding=\"async\" class=\"size-full wp-image-68173\" src=\"https:\/\/geschichte-hautnah.de\/www\/wp-content\/uploads\/2026\/03\/Walter-Ziemssen.jpg\" alt=\"\" width=\"547\" height=\"800\" srcset=\"https:\/\/geschichte-hautnah.de\/www\/wp-content\/uploads\/2026\/03\/Walter-Ziemssen.jpg 547w, https:\/\/geschichte-hautnah.de\/www\/wp-content\/uploads\/2026\/03\/Walter-Ziemssen-205x300.jpg 205w\" sizes=\"auto, (max-width: 547px) 100vw, 547px\" \/><figcaption id=\"caption-attachment-68173\" class=\"wp-caption-text\">Das Grab von Walter Ziemssen auf dem Soldatenfriedhof Illfurth<\/figcaption><\/figure>\n","protected":false},"excerpt":{"rendered":"<p>Der Soldat Walter Ziemssen wurde am 04.12.1875 in Graudenz (seit 1945 polnisch: Grudzi\u0105dz) geboren und lebte in Bad Honnef im heutigen Bundesland Nordrhein-Westfalen. Im Ersten Weltkrieg k\u00e4mpfte er als Hauptmann und Kompanief\u00fchrer in der 9. Kompanie des 112. Infanterie-Regiments. Am 09.08.1914 fiel er im Alter von 38 Jahren bei Rixheim. Man begrub Walter Ziemssen auf [&hellip;]<\/p>\n","protected":false},"author":2,"featured_media":0,"comment_status":"closed","ping_status":"closed","sticky":false,"template":"","format":"standard","meta":{"footnotes":"","_wp_rev_ctl_limit":""},"categories":[2,8,13918,1876,13917,18],"tags":[8339,8337,217,33,36,12154,9580,8341,4212,15436,937,566,2609,2017,8472,82,1527],"class_list":["post-68171","post","type-post","status-publish","format-standard","hentry","category-1-weltkrieg","category-sterbebilder","category-elsass","category-frankreich-1-weltkrieg","category-grand-est","category-vogesenkampfe","tag-112-infanterie-regiment","tag-bad-honnef","tag-denkmal","tag-elsass","tag-frankreich","tag-grand-est","tag-graudenz","tag-grudziadz","tag-hauptmann","tag-honnef","tag-illfurth","tag-kompaniefuehrer","tag-nordrhein-westfalen","tag-polen","tag-stralsund","tag-vogesen","tag-westfront"],"_links":{"self":[{"href":"https:\/\/geschichte-hautnah.de\/www\/index.php?rest_route=\/wp\/v2\/posts\/68171","targetHints":{"allow":["GET"]}}],"collection":[{"href":"https:\/\/geschichte-hautnah.de\/www\/index.php?rest_route=\/wp\/v2\/posts"}],"about":[{"href":"https:\/\/geschichte-hautnah.de\/www\/index.php?rest_route=\/wp\/v2\/types\/post"}],"author":[{"embeddable":true,"href":"https:\/\/geschichte-hautnah.de\/www\/index.php?rest_route=\/wp\/v2\/users\/2"}],"replies":[{"embeddable":true,"href":"https:\/\/geschichte-hautnah.de\/www\/index.php?rest_route=%2Fwp%2Fv2%2Fcomments&post=68171"}],"version-history":[{"count":3,"href":"https:\/\/geschichte-hautnah.de\/www\/index.php?rest_route=\/wp\/v2\/posts\/68171\/revisions"}],"predecessor-version":[{"id":68293,"href":"https:\/\/geschichte-hautnah.de\/www\/index.php?rest_route=\/wp\/v2\/posts\/68171\/revisions\/68293"}],"wp:attachment":[{"href":"https:\/\/geschichte-hautnah.de\/www\/index.php?rest_route=%2Fwp%2Fv2%2Fmedia&parent=68171"}],"wp:term":[{"taxonomy":"category","embeddable":true,"href":"https:\/\/geschichte-hautnah.de\/www\/index.php?rest_route=%2Fwp%2Fv2%2Fcategories&post=68171"},{"taxonomy":"post_tag","embeddable":true,"href":"https:\/\/geschichte-hautnah.de\/www\/index.php?rest_route=%2Fwp%2Fv2%2Ftags&post=68171"}],"curies":[{"name":"wp","href":"https:\/\/api.w.org\/{rel}","templated":true}]}}