{"id":6842,"date":"2019-09-08T00:00:02","date_gmt":"2019-09-07T22:00:02","guid":{"rendered":"http:\/\/geschichte-hautnah.de\/www\/?p=6842"},"modified":"2018-12-16T09:10:25","modified_gmt":"2018-12-16T08:10:25","slug":"die-maenner-des-ersten-weltkriegs-teil-613-josef-ritzinger","status":"publish","type":"post","link":"https:\/\/geschichte-hautnah.de\/www\/?p=6842","title":{"rendered":"Die M\u00e4nner des Ersten Weltkriegs \u2013 Teil 613: Josef Ritzinger"},"content":{"rendered":"<p>Der Bauerssohn Josef Ritzinger stammte aus <a href=\"https:\/\/goo.gl\/maps\/N7W5DcxME7C2\" target=\"_blank\" rel=\"noopener\">Goldern<\/a>, heute ein Ortsteil der bayerischen Gemeinde <a href=\"https:\/\/de.wikipedia.org\/wiki\/Niederaichbach\" target=\"_blank\" rel=\"noopener\">Niederaichbach<\/a>. Im Ersten Weltkrieg diente er in der 3. Kompanie des 19. bayerischen Reserve-Infanterie-Regiments als Infanterist. Am 27.01.1916 fiel er im Alter von 22 am <a href=\"https:\/\/www.hk1418.de\/sehenswert\/hilsenfirst\/\" target=\"_blank\" rel=\"noopener\">Hilsenfirst<\/a>\u00a0w\u00e4hrend der Vogesenk\u00e4mpfe bei M\u00fcnster im Elsass (Frankreich)<\/p>\n<p><span data-sheets-value=\"{&quot;1&quot;:2,&quot;2&quot;:&quot;Breitenbach&quot;}\" data-sheets-userformat=\"{&quot;2&quot;:1057281,&quot;3&quot;:{&quot;1&quot;:0},&quot;12&quot;:0,&quot;16&quot;:10,&quot;23&quot;:1}\" data-sheets-formula=\"=HYPERLINK(&quot;https:\/\/www.google.de\/maps\/place\/68380+Breitenbach-Haut-Rhin,+Frankreich\/@48.0219161,7.0813125,14z\/data=!4m5!3m4!1s0x4793d764830f1509:0x40a5fb99a393e10!8m2!3d48.023162!4d7.102267&quot;;&quot;Breitenbach&quot;)\">Sein Grab fand Josef Ritzinger auf dem Soldatenfriedhof <a class=\"in-cell-link\" href=\"https:\/\/www.google.de\/maps\/place\/68380+Breitenbach-Haut-Rhin,+Frankreich\/@48.0219161,7.0813125,14z\/data=!4m5!3m4!1s0x4793d764830f1509:0x40a5fb99a393e10!8m2!3d48.023162!4d7.102267\" target=\"_blank\" rel=\"noopener\">Breitenbach<\/a><\/span> in einem Massengrab.<\/p>\n<figure id=\"attachment_6845\" aria-describedby=\"caption-attachment-6845\" style=\"width: 494px\" class=\"wp-caption aligncenter\"><img loading=\"lazy\" decoding=\"async\" class=\"wp-image-6845 size-full\" src=\"http:\/\/geschichte-hautnah.de\/www\/wp-content\/uploads\/2018\/12\/Josef_Ritzinger_v.jpeg\" alt=\"\" width=\"494\" height=\"800\" srcset=\"https:\/\/geschichte-hautnah.de\/www\/wp-content\/uploads\/2018\/12\/Josef_Ritzinger_v.jpeg 494w, https:\/\/geschichte-hautnah.de\/www\/wp-content\/uploads\/2018\/12\/Josef_Ritzinger_v-185x300.jpeg 185w\" sizes=\"auto, (max-width: 494px) 100vw, 494px\" \/><figcaption id=\"caption-attachment-6845\" class=\"wp-caption-text\">Sterbebild von Josef Ritzinger<\/figcaption><\/figure>\n<figure id=\"attachment_6844\" aria-describedby=\"caption-attachment-6844\" style=\"width: 494px\" class=\"wp-caption aligncenter\"><img loading=\"lazy\" decoding=\"async\" class=\"wp-image-6844 size-full\" src=\"http:\/\/geschichte-hautnah.de\/www\/wp-content\/uploads\/2018\/12\/Josef_Ritzinger_h.jpeg\" alt=\"\" width=\"494\" height=\"800\" srcset=\"https:\/\/geschichte-hautnah.de\/www\/wp-content\/uploads\/2018\/12\/Josef_Ritzinger_h.jpeg 494w, https:\/\/geschichte-hautnah.de\/www\/wp-content\/uploads\/2018\/12\/Josef_Ritzinger_h-185x300.jpeg 185w\" sizes=\"auto, (max-width: 494px) 100vw, 494px\" \/><figcaption id=\"caption-attachment-6844\" class=\"wp-caption-text\">R\u00fcckseite des Sterbebildes von Josef Ritzinger<\/figcaption><\/figure>\n<p>&nbsp;<\/p>\n<p>Der theoretische Weg von Josef Ritzinger von seinem Geburtsort \u00fcber seinen Sterbeort zu seinem Grab:<\/p>\n<p><iframe loading=\"lazy\" style=\"border: 0;\" src=\"https:\/\/www.google.com\/maps\/embed?pb=!1m34!1m12!1m3!1d1360147.6261109596!2d8.594118284560027!3d48.254013920736455!2m3!1f0!2f0!3f0!3m2!1i1024!2i768!4f13.1!4m19!3e2!4m5!1s0x477586e61dc5d61f%3A0xa1d25a6760ee570!2sGoldern%2C+84100+Niederaichbach!3m2!1d48.5965129!2d12.3450159!4m5!1s0x4793d6ea687d745f%3A0xfb8982410cdb1352!2sHilsenfirst%2C+Sondernach%2C+Frankreich!3m2!1d47.964481899999996!2d7.085064999999999!4m5!1s0x4793d764830f1509%3A0x40a5fb99a393e10!2sBreitenbach-Haut-Rhin%2C+Frankreich!3m2!1d48.023162!2d7.102266999999999!5e0!3m2!1sde!2sde!4v1544946852411\" width=\"600\" height=\"450\" frameborder=\"0\" allowfullscreen=\"allowfullscreen\"><\/iframe><\/p>\n","protected":false},"excerpt":{"rendered":"<p>Der Bauerssohn Josef Ritzinger stammte aus Goldern, heute ein Ortsteil der bayerischen Gemeinde Niederaichbach. Im Ersten Weltkrieg diente er in der 3. Kompanie des 19. bayerischen Reserve-Infanterie-Regiments als Infanterist. Am 27.01.1916 fiel er im Alter von 22 am Hilsenfirst\u00a0w\u00e4hrend der Vogesenk\u00e4mpfe bei M\u00fcnster im Elsass (Frankreich) Sein Grab fand Josef Ritzinger auf dem Soldatenfriedhof Breitenbach [&hellip;]<\/p>\n","protected":false},"author":2,"featured_media":0,"comment_status":"closed","ping_status":"closed","sticky":false,"template":"","format":"standard","meta":{"footnotes":"","_wp_rev_ctl_limit":""},"categories":[2,8,18],"tags":[255,302,88,36,2019,1488,97,92,402,2020,82],"class_list":["post-6842","post","type-post","status-publish","format-standard","hentry","category-1-weltkrieg","category-sterbebilder","category-vogesenkampfe","tag-19-bayerisches-reserve-infanterie-regiment","tag-bauerssohn","tag-breitenbach","tag-frankreich","tag-goldern","tag-hilsenfirst","tag-infanterist","tag-massengrab","tag-muenster-elsass","tag-niederaichbach","tag-vogesen"],"_links":{"self":[{"href":"https:\/\/geschichte-hautnah.de\/www\/index.php?rest_route=\/wp\/v2\/posts\/6842","targetHints":{"allow":["GET"]}}],"collection":[{"href":"https:\/\/geschichte-hautnah.de\/www\/index.php?rest_route=\/wp\/v2\/posts"}],"about":[{"href":"https:\/\/geschichte-hautnah.de\/www\/index.php?rest_route=\/wp\/v2\/types\/post"}],"author":[{"embeddable":true,"href":"https:\/\/geschichte-hautnah.de\/www\/index.php?rest_route=\/wp\/v2\/users\/2"}],"replies":[{"embeddable":true,"href":"https:\/\/geschichte-hautnah.de\/www\/index.php?rest_route=%2Fwp%2Fv2%2Fcomments&post=6842"}],"version-history":[{"count":6,"href":"https:\/\/geschichte-hautnah.de\/www\/index.php?rest_route=\/wp\/v2\/posts\/6842\/revisions"}],"predecessor-version":[{"id":6850,"href":"https:\/\/geschichte-hautnah.de\/www\/index.php?rest_route=\/wp\/v2\/posts\/6842\/revisions\/6850"}],"wp:attachment":[{"href":"https:\/\/geschichte-hautnah.de\/www\/index.php?rest_route=%2Fwp%2Fv2%2Fmedia&parent=6842"}],"wp:term":[{"taxonomy":"category","embeddable":true,"href":"https:\/\/geschichte-hautnah.de\/www\/index.php?rest_route=%2Fwp%2Fv2%2Fcategories&post=6842"},{"taxonomy":"post_tag","embeddable":true,"href":"https:\/\/geschichte-hautnah.de\/www\/index.php?rest_route=%2Fwp%2Fv2%2Ftags&post=6842"}],"curies":[{"name":"wp","href":"https:\/\/api.w.org\/{rel}","templated":true}]}}