{"id":7229,"date":"2019-10-18T00:00:36","date_gmt":"2019-10-17T22:00:36","guid":{"rendered":"http:\/\/geschichte-hautnah.de\/www\/?p=7229"},"modified":"2020-12-06T07:47:02","modified_gmt":"2020-12-06T06:47:02","slug":"die-maenner-des-ersten-weltkriegs-teil-653-johann-noehmeier","status":"publish","type":"post","link":"https:\/\/geschichte-hautnah.de\/www\/?p=7229","title":{"rendered":"Die M\u00e4nner des Ersten Weltkriegs \u2013 Teil 653: Johann N\u00f6hmeier"},"content":{"rendered":"<p>Der Unteroffizier Johann N\u00f6hmeier stammte aus <a href=\"https:\/\/goo.gl\/maps\/X3PcYZL9pu12\" target=\"_blank\" rel=\"noopener noreferrer\">Obergrafensee<\/a> und war der Sohn eines Landwirts. Im Ersten Weltkrieg k\u00e4mpfte er in der 8. Kompanie des 16. bayerischen Infanterie-Regiments. Er wurde mit dem Eisernen Kreuz 2. Klasse und dem Milit\u00e4r-Verdienst-Kreuz 3. Klasse mit Krone ausgezeichnet. Am 20.09.1916 wurde er im Alter von 26 Jahren nach 25 Monaten Kriegsdienst bei den K\u00e4mpfen bei <a href=\"https:\/\/de.wikipedia.org\/wiki\/Vatra_Dornei\" target=\"_blank\" rel=\"noopener noreferrer\">Dorna Watra<\/a> (rum\u00e4nisch: Vatra Dornei) am Bayernberg durch einen Kopfschuss get\u00f6tet.<\/p>\n<p>\u00dcber den Todestag und die Todesumst\u00e4nde von Johann N\u00f6hmeier berichtet die Regimentsgeschichte des 16. bayerischen Infanterie-Regiments:<\/p>\n<blockquote><p><em>&#8222;Das III. Bataillon \u00fcbergab am 20.09. seine Stellung dem III.\/Landwehr-Regiment Nr. 18 und r\u00fcckte als Abschnittsreserve nach \u00f6sterreichisch Gura-Nergi. Auch dieser Tag wurde ein schwerer Gefechtstag f\u00fcr das II. Bataillon. Von 9.30 Uhr vormittags bis 1.40 Uhr nachmittags hielt die russische Artillerie den Bernarielul unter schwerem Vorbereitungsfeuer. Um 2.30 Uhr nachmittags brach die russische Infanterie dreimal hintereinander in vier Wellen aus der Stellung vorgelagerten Waldr\u00e4ndern hervor, um die tapferen Verteidiger endlich zu \u00fcberw\u00e4ltigen. Mit hohen Verlusten mussten sie sich geschlagen wieder in den sch\u00fctzenden Bergwald zur\u00fcckziehen. Kein Feind hatte den Graben erreicht. Die 9. und 11. Kompanie wurde dem II. Bataillon zu Hilfe geschickt, brauchte aber nicht mehr einzugreifen, ebensowenig die 10. und 12. Kompanie, die mit dem Stab des III.\/16. Infanterie-Regiment dem links anschlie\u00dfenden Abschnitt Papp zur Verf\u00fcgung gestellt waren.<\/em><\/p>\n<p><em>Die 7. und 8. Kompanie wurden am Abend, um etwas auszurasten zu k\u00f6nnen, nach Dorna Watra verlegt.&#8220;<\/em><\/p><\/blockquote>\n<p>\u00dcber den Verbleib der Leiche von Johann N\u00f6hmeier ist heute nichts mehr in Erfahrung zu bringen.<\/p>\n<p>Seine Heimatgemeinde gedenkt noch heute Johann N\u00f6hmeier auf einem Denkmal:\u00a0<a href=\"http:\/\/www.denkmalprojekt.org\/2009\/pfarrkirchen_kriegergedaechtniskapelle_wk1_bay.htm\" target=\"_blank\" rel=\"noopener noreferrer\">http:\/\/www.denkmalprojekt.org\/2009\/pfarrkirchen_kriegergedaechtniskapelle_wk1_bay.htm<\/a><\/p>\n<figure id=\"attachment_7232\" aria-describedby=\"caption-attachment-7232\" style=\"width: 800px\" class=\"wp-caption aligncenter\"><img loading=\"lazy\" decoding=\"async\" class=\"wp-image-7232 size-full\" src=\"http:\/\/geschichte-hautnah.de\/www\/wp-content\/uploads\/2018\/12\/Johann_N\u00f6hmeier_v.jpeg\" alt=\"\" width=\"800\" height=\"627\" srcset=\"https:\/\/geschichte-hautnah.de\/www\/wp-content\/uploads\/2018\/12\/Johann_N\u00f6hmeier_v.jpeg 800w, https:\/\/geschichte-hautnah.de\/www\/wp-content\/uploads\/2018\/12\/Johann_N\u00f6hmeier_v-300x235.jpeg 300w, https:\/\/geschichte-hautnah.de\/www\/wp-content\/uploads\/2018\/12\/Johann_N\u00f6hmeier_v-768x602.jpeg 768w\" sizes=\"auto, (max-width: 800px) 100vw, 800px\" \/><figcaption id=\"caption-attachment-7232\" class=\"wp-caption-text\">Sterbebild von Johann N\u00f6hmeier<\/figcaption><\/figure>\n<figure id=\"attachment_7231\" aria-describedby=\"caption-attachment-7231\" style=\"width: 800px\" class=\"wp-caption aligncenter\"><img loading=\"lazy\" decoding=\"async\" class=\"wp-image-7231 size-full\" src=\"http:\/\/geschichte-hautnah.de\/www\/wp-content\/uploads\/2018\/12\/Johann_N\u00f6hmeier_h.jpeg\" alt=\"\" width=\"800\" height=\"627\" srcset=\"https:\/\/geschichte-hautnah.de\/www\/wp-content\/uploads\/2018\/12\/Johann_N\u00f6hmeier_h.jpeg 800w, https:\/\/geschichte-hautnah.de\/www\/wp-content\/uploads\/2018\/12\/Johann_N\u00f6hmeier_h-300x235.jpeg 300w, https:\/\/geschichte-hautnah.de\/www\/wp-content\/uploads\/2018\/12\/Johann_N\u00f6hmeier_h-768x602.jpeg 768w\" sizes=\"auto, (max-width: 800px) 100vw, 800px\" \/><figcaption id=\"caption-attachment-7231\" class=\"wp-caption-text\">R\u00fcckseite des Sterbebildes von Johann N\u00f6hmeier<\/figcaption><\/figure>\n","protected":false},"excerpt":{"rendered":"<p>Der Unteroffizier Johann N\u00f6hmeier stammte aus Obergrafensee und war der Sohn eines Landwirts. Im Ersten Weltkrieg k\u00e4mpfte er in der 8. Kompanie des 16. bayerischen Infanterie-Regiments. Er wurde mit dem Eisernen Kreuz 2. Klasse und dem Milit\u00e4r-Verdienst-Kreuz 3. Klasse mit Krone ausgezeichnet. Am 20.09.1916 wurde er im Alter von 26 Jahren nach 25 Monaten Kriegsdienst [&hellip;]<\/p>\n","protected":false},"author":2,"featured_media":0,"comment_status":"closed","ping_status":"closed","sticky":false,"template":"","format":"standard","meta":{"footnotes":"","_wp_rev_ctl_limit":""},"categories":[2,8,1897,1875],"tags":[475,302,1507,6607,112,295,1879,99,101,6608],"class_list":["post-7229","post","type-post","status-publish","format-standard","hentry","category-1-weltkrieg","category-sterbebilder","category-galizien-polen","category-rumaenien","tag-16-bayerisches-infanterie-regiment","tag-bauerssohn","tag-bayerisches-militaer-verdienstkreuz-3-klasse-mit-schwertern","tag-dorna-watra","tag-eisernes-kreuz-2-klasse","tag-kopfschuss","tag-rumaenien","tag-unbekannte-grablage","tag-unteroffizier","tag-vatra-dornei"],"_links":{"self":[{"href":"https:\/\/geschichte-hautnah.de\/www\/index.php?rest_route=\/wp\/v2\/posts\/7229","targetHints":{"allow":["GET"]}}],"collection":[{"href":"https:\/\/geschichte-hautnah.de\/www\/index.php?rest_route=\/wp\/v2\/posts"}],"about":[{"href":"https:\/\/geschichte-hautnah.de\/www\/index.php?rest_route=\/wp\/v2\/types\/post"}],"author":[{"embeddable":true,"href":"https:\/\/geschichte-hautnah.de\/www\/index.php?rest_route=\/wp\/v2\/users\/2"}],"replies":[{"embeddable":true,"href":"https:\/\/geschichte-hautnah.de\/www\/index.php?rest_route=%2Fwp%2Fv2%2Fcomments&post=7229"}],"version-history":[{"count":8,"href":"https:\/\/geschichte-hautnah.de\/www\/index.php?rest_route=\/wp\/v2\/posts\/7229\/revisions"}],"predecessor-version":[{"id":25347,"href":"https:\/\/geschichte-hautnah.de\/www\/index.php?rest_route=\/wp\/v2\/posts\/7229\/revisions\/25347"}],"wp:attachment":[{"href":"https:\/\/geschichte-hautnah.de\/www\/index.php?rest_route=%2Fwp%2Fv2%2Fmedia&parent=7229"}],"wp:term":[{"taxonomy":"category","embeddable":true,"href":"https:\/\/geschichte-hautnah.de\/www\/index.php?rest_route=%2Fwp%2Fv2%2Fcategories&post=7229"},{"taxonomy":"post_tag","embeddable":true,"href":"https:\/\/geschichte-hautnah.de\/www\/index.php?rest_route=%2Fwp%2Fv2%2Ftags&post=7229"}],"curies":[{"name":"wp","href":"https:\/\/api.w.org\/{rel}","templated":true}]}}