{"id":7414,"date":"2019-11-06T00:00:34","date_gmt":"2019-11-05T23:00:34","guid":{"rendered":"http:\/\/geschichte-hautnah.de\/www\/?p=7414"},"modified":"2018-12-28T14:31:46","modified_gmt":"2018-12-28T13:31:46","slug":"die-maenner-des-ersten-weltkriegs-teil-671-johann-hafner","status":"publish","type":"post","link":"https:\/\/geschichte-hautnah.de\/www\/?p=7414","title":{"rendered":"Die M\u00e4nner des Ersten Weltkriegs \u2013 Teil 671: Johann Hafner"},"content":{"rendered":"<p>Der Reservist Johann Hafner stammte aus dem bayerischen\u00a0<a href=\"https:\/\/de.wikipedia.org\/wiki\/B%C3%A4rndorf_(Bogen)\" target=\"_blank\" rel=\"noopener\">B\u00e4rndorf<\/a>\u00a0(Schreibfehler), heute ein Ortsteil der Stadt <a href=\"https:\/\/de.wikipedia.org\/wiki\/Bogen_(Stadt)\" target=\"_blank\" rel=\"noopener\">Bogen<\/a>, war der Sohn eines Landwirts und Soldat beim 13. Infanterie-Regiment (5. Kompanie) und fiel am 27.06.1916 im Alter von 29 Jahren w\u00e4hrend der\u00a0K\u00e4mpfe zwischen Maas und Mosel bei Verdun im lothringischen Frankreich. Er verlor sein Leben vermutlich bei den K\u00e4mpfen um das Dorf <a href=\"https:\/\/de.wikipedia.org\/wiki\/Fleury-devant-Douaumont\" target=\"_blank\" rel=\"noopener\">Fleury<\/a>.<\/p>\n<p>\u00dcber diesen Tag schreibt die Regimentsgeschichte des 13. bayerischen Infanterie-Regiments:<\/p>\n<blockquote><p>&#8222;<em>Am 27.06.1916 verdiente sich die goldene Tapferkeitsmedaille der Gefreite d. R. Michael Gogei\u00dfl, der MG Kompanie , Landwirt von W\u00f6lkersdorf, Bezirksamt K\u00f6tzting, weil er sich besonders hervortat durch\u00a0 Beobachtung, Instandhaltung seines Gewehres, durch unerschrockenes Instellungbringen desselben, Abwehr eines feindlichen Angriffes durch Selbstbedienung seiner Waffe und infolge Rettung eines benachbarten MG.<\/em>&#8222;<\/p><\/blockquote>\n<p>Vom Verlust Johann Hafners kein Wort &#8211; das T\u00f6ten und Sterben war Alltag und nicht der Rede wert.<\/p>\n<p>Eine Grablage ist f\u00fcr Johann Hafner heute nicht bekannt. Es k\u00f6nnte sein, dass er als unbekannter Toter in einem Massengrab auf dem Soldatenfriedhof\u00a0<span data-sheets-value=\"{&quot;1&quot;:2,&quot;2&quot;:&quot;Azannes II.&quot;}\" data-sheets-userformat=\"{&quot;2&quot;:1049089,&quot;3&quot;:{&quot;1&quot;:0},&quot;12&quot;:0,&quot;23&quot;:1}\" data-sheets-formula=\"=HYPERLINK(&quot;https:\/\/www.google.de\/maps\/place\/55150+Azannes-et-Soumazannes,+Frankreich\/@49.2881061,5.4333825,13z\/data=!3m1!4b1!4m5!3m4!1s0x47eae0e2c1fbaee5:0x40a5fb99a3ae810!8m2!3d49.291057!4d5.466873&quot;;&quot;Azannes II.&quot;)\"><a class=\"in-cell-link\" href=\"https:\/\/www.google.de\/maps\/place\/55150+Azannes-et-Soumazannes,+Frankreich\/@49.2881061,5.4333825,13z\/data=!3m1!4b1!4m5!3m4!1s0x47eae0e2c1fbaee5:0x40a5fb99a3ae810!8m2!3d49.291057!4d5.466873\" target=\"_blank\" rel=\"noopener\">Azannes II.<\/a>\u00a0oder\u00a0<a class=\"in-cell-link\" href=\"https:\/\/goo.gl\/maps\/EGHJFoxDbwm\" target=\"_blank\" rel=\"noopener\">Hautecourt-l\u00e8s-Broville<\/a>\u00a0beigesetzt wurde. Dies schlie\u00dfe ich aus dem Verbleib von Leichnamen einiger Kameraden von Johann Hafner.<\/span><\/p>\n<p>&nbsp;<\/p>\n<figure id=\"attachment_7406\" aria-describedby=\"caption-attachment-7406\" style=\"width: 489px\" class=\"wp-caption aligncenter\"><img loading=\"lazy\" decoding=\"async\" class=\"wp-image-7406 size-full\" src=\"http:\/\/geschichte-hautnah.de\/www\/wp-content\/uploads\/2018\/12\/Georg_Hafner_v.jpeg\" alt=\"\" width=\"489\" height=\"800\" srcset=\"https:\/\/geschichte-hautnah.de\/www\/wp-content\/uploads\/2018\/12\/Georg_Hafner_v.jpeg 489w, https:\/\/geschichte-hautnah.de\/www\/wp-content\/uploads\/2018\/12\/Georg_Hafner_v-183x300.jpeg 183w\" sizes=\"auto, (max-width: 489px) 100vw, 489px\" \/><figcaption id=\"caption-attachment-7406\" class=\"wp-caption-text\">Sterbebild von Johann Hafner<\/figcaption><\/figure>\n<figure id=\"attachment_7405\" aria-describedby=\"caption-attachment-7405\" style=\"width: 489px\" class=\"wp-caption aligncenter\"><img loading=\"lazy\" decoding=\"async\" class=\"wp-image-7405 size-full\" src=\"http:\/\/geschichte-hautnah.de\/www\/wp-content\/uploads\/2018\/12\/Georg_Hafner_h.jpeg\" alt=\"\" width=\"489\" height=\"800\" srcset=\"https:\/\/geschichte-hautnah.de\/www\/wp-content\/uploads\/2018\/12\/Georg_Hafner_h.jpeg 489w, https:\/\/geschichte-hautnah.de\/www\/wp-content\/uploads\/2018\/12\/Georg_Hafner_h-183x300.jpeg 183w\" sizes=\"auto, (max-width: 489px) 100vw, 489px\" \/><figcaption id=\"caption-attachment-7405\" class=\"wp-caption-text\">R\u00fcckseite des Sterbebildes von Johann Hafner<\/figcaption><\/figure>\n<p>Der theoretische Weg von Johann Hafner von seinem Geburtsort zu seinem Grab:<\/p>\n<p><iframe loading=\"lazy\" style=\"border: 0;\" src=\"https:\/\/www.google.com\/maps\/embed?pb=!1m34!1m12!1m3!1d2681071.750422156!2d6.834845384725011!3d48.987101697841965!2m3!1f0!2f0!3f0!3m2!1i1024!2i768!4f13.1!4m19!3e2!4m5!1s0x47756948e62509f1%3A0xa1d25a6760f0c20!2sB%C3%A4rndorf%2C+94327+Bogen!3m2!1d48.914260999999996!2d12.724792599999999!4m5!1s0x47eb1ef66a7994d7%3A0xbe5169917c08e4b7!2sFleury-devant-Douaumont%2C+Frankreich!3m2!1d49.19222!2d5.4299111!4m5!1s0x47eb20e2dff72b93%3A0x14f15d951911e15f!2sHautecourt%2C+Abaucourt-Hautecourt%2C+Frankreich!3m2!1d49.193677!2d5.5589319999999995!5e0!3m2!1sde!2sde!4v1546003545188\" width=\"600\" height=\"450\" frameborder=\"0\" allowfullscreen=\"allowfullscreen\"><\/iframe><\/p>\n","protected":false},"excerpt":{"rendered":"<p>Der Reservist Johann Hafner stammte aus dem bayerischen\u00a0B\u00e4rndorf\u00a0(Schreibfehler), heute ein Ortsteil der Stadt Bogen, war der Sohn eines Landwirts und Soldat beim 13. Infanterie-Regiment (5. Kompanie) und fiel am 27.06.1916 im Alter von 29 Jahren w\u00e4hrend der\u00a0K\u00e4mpfe zwischen Maas und Mosel bei Verdun im lothringischen Frankreich. Er verlor sein Leben vermutlich bei den K\u00e4mpfen um [&hellip;]<\/p>\n","protected":false},"author":2,"featured_media":0,"comment_status":"closed","ping_status":"closed","sticky":false,"template":"","format":"standard","meta":{"footnotes":"","_wp_rev_ctl_limit":""},"categories":[2,8,16],"tags":[278,798,2158,302,1366,1599,35,36,267,598,1087,169,499,99,125],"class_list":["post-7414","post","type-post","status-publish","format-standard","hentry","category-1-weltkrieg","category-sterbebilder","category-verdun","tag-13-infanterie-regiment","tag-azannes-ii","tag-baerndorf","tag-bauerssohn","tag-bayern","tag-bogen","tag-fleury","tag-frankreich","tag-hautecourt-les-broville","tag-lothringen","tag-regimentsgeschichte","tag-reservist","tag-schreibfehler","tag-unbekannte-grablage","tag-verdun"],"_links":{"self":[{"href":"https:\/\/geschichte-hautnah.de\/www\/index.php?rest_route=\/wp\/v2\/posts\/7414","targetHints":{"allow":["GET"]}}],"collection":[{"href":"https:\/\/geschichte-hautnah.de\/www\/index.php?rest_route=\/wp\/v2\/posts"}],"about":[{"href":"https:\/\/geschichte-hautnah.de\/www\/index.php?rest_route=\/wp\/v2\/types\/post"}],"author":[{"embeddable":true,"href":"https:\/\/geschichte-hautnah.de\/www\/index.php?rest_route=\/wp\/v2\/users\/2"}],"replies":[{"embeddable":true,"href":"https:\/\/geschichte-hautnah.de\/www\/index.php?rest_route=%2Fwp%2Fv2%2Fcomments&post=7414"}],"version-history":[{"count":10,"href":"https:\/\/geschichte-hautnah.de\/www\/index.php?rest_route=\/wp\/v2\/posts\/7414\/revisions"}],"predecessor-version":[{"id":7430,"href":"https:\/\/geschichte-hautnah.de\/www\/index.php?rest_route=\/wp\/v2\/posts\/7414\/revisions\/7430"}],"wp:attachment":[{"href":"https:\/\/geschichte-hautnah.de\/www\/index.php?rest_route=%2Fwp%2Fv2%2Fmedia&parent=7414"}],"wp:term":[{"taxonomy":"category","embeddable":true,"href":"https:\/\/geschichte-hautnah.de\/www\/index.php?rest_route=%2Fwp%2Fv2%2Fcategories&post=7414"},{"taxonomy":"post_tag","embeddable":true,"href":"https:\/\/geschichte-hautnah.de\/www\/index.php?rest_route=%2Fwp%2Fv2%2Ftags&post=7414"}],"curies":[{"name":"wp","href":"https:\/\/api.w.org\/{rel}","templated":true}]}}